{"id":56631,"date":"2025-11-23T09:54:10","date_gmt":"2025-11-23T09:54:10","guid":{"rendered":"https:\/\/www.europesays.com\/lv\/56631\/"},"modified":"2025-11-23T09:54:10","modified_gmt":"2025-11-23T09:54:10","slug":"militarais-eksperts-cilvekiem-latvija-nav-pamata-nejusties-drosiba-tvnet","status":"publish","type":"post","link":"https:\/\/www.europesays.com\/lv\/56631\/","title":{"rendered":"Milit\u0101rais eksperts: Cilv\u0113kiem Latvij\u0101 nav pamata nejusties dro\u0161\u012bb\u0101 &#8211; TVNET"},"content":{"rendered":"<ol>\n<li><a href=\"https:\/\/news.google.com\/rss\/articles\/CBMimwFBVV95cUxOZjQyM2h6ajJKRi1uQ0hzVU1JcGNkSnhKeDRpZGRFME0yeXZrZTF3RzNpOW9zZ2YyRFMzM1NKS1pFLUNxX0xzYWlsa3JNdTNRYm5ZYzRpSmlQa0NVU2swS1VLbktRSVJkX3dvYzB3WXl6bVRjZXczWFo4RXp0RXItYmNTWlFNS2xFYlY2ZkR5X2Z5ZEIybmR3b0M1MA?oc=5\" target=\"_blank\" rel=\"nofollow noopener\">Milit\u0101rais eksperts: Cilv\u0113kiem Latvij\u0101 nav pamata nejusties dro\u0161\u012bb\u0101<\/a>&nbsp;&nbsp;TVNET<\/li>\n<li><a href=\"https:\/\/news.google.com\/rss\/articles\/CBMiugFBVV95cUxOdEZhZmYtdXBTQ0VKWGM3alRjSGxZWjQ2MG10MWlyYWtRNmIzNFYwcjhZcnktaHB4SlVKMndhVDY1TU9ZYl83bktoLWpnZTF2T0poVFZNWnVxODlfazZOaU13ZllwMU5CRDlKSGw3NWYyUklBdklzR0xIdGpUZm5GRm1Ub0FvbjdYV09RaUdoYVhVdVdoYm03RXc4c20zaFNUVWRJLXp6bHF3V3AyVXA0QXU5M0RlekhCaGc?oc=5\" target=\"_blank\" rel=\"nofollow noopener\">Vai \u201cLatvijas dzelzce\u013c\u0161\u201d ir kaza bez piena, kas j\u0101kauj nost?<\/a>&nbsp;&nbsp;NRA<\/li>\n<li><a href=\"https:\/\/news.google.com\/rss\/articles\/CBMiyAFBVV95cUxQMGZfRzRoanI5RDFBOXVMV0RIZjdnNTJWd2hELWNLMnZ0eXYyaGhfX21NMXUwT1lHTTQ1LWYydEk4M25wTDBmbU1vcmVWMUVYVGVsNnpsVFR3V2lhc1k3eUtqVmRKbFpsV1Y4OERuMmRlYnREbUI3UjNZVXVPd3pZYlFLOEJlODhwYm83Q3VzLXo1Z0t3bVFzWGNGcFhhYVBBaENCTWxkWHVaZGg5eHR2RFRHWWI1YzgtbW1Fa2c5bGxYbUtoZnlWbQ?oc=5\" target=\"_blank\" rel=\"nofollow noopener\">ASV milit\u0101rais eksperts: Krievi ir sevi p\u0101rliecin\u0101ju\u0161i, ka Rietumu iebrukums ir tikai laika jaut\u0101jums<\/a>&nbsp;&nbsp;Apollo.lv<\/li>\n<li><a href=\"https:\/\/news.google.com\/rss\/articles\/CBMi1AFBVV95cUxPRUpJME1VVUtPbGtLVTVqQlhVQXB0UDhfNXB3SzNXRWdhQTF5V29JNm1obUJITHdIMThPSzJ2UW1UWUtrcWs1QUg2TjVKYWxOczI1SW1WaFR2dGhMNXh2cUxyWjAxdmtnU1pKOVo3NEJhLV9PMU9YeV9ib0RkWmJIaV92cThzblN2Vm5rRDQ1bFhHanlEMjQ4ako4VVdrNnYtWEVDZF91SVhhMUh3Nk51MlJRalRkemRBLVJQYmRONnpnRWczZHJ1SDlHbThhbHJsYU80RA?oc=5\" target=\"_blank\" rel=\"nofollow noopener\">ASV milit\u0101r\u0101s in\u017eenierijas eksperts dod padomu, kas Latvijai j\u0101izdara, lai nov\u0113rstu Krievijas iebrukumu<\/a>&nbsp;&nbsp;Jauns.lv<\/li>\n<li><a href=\"https:\/\/news.google.com\/rss\/articles\/CBMijAFBVV95cUxOZ05pODNvRXFyRkRHbWd5NDNWOXVHaU81dWtjMHhFM21yZWZSaWdHMzRfMDh2ME5Wd3dkRWpuTWo4dWptTXd5R0NoVklhZlBINVNOc0xKQ0RjWndDYlZybEQ2Vk0xVWxQYnF6RGxMQUhrZ1pjYUJVd0t1aTdrZ3VqM3NJQTVuM3dDNmdxVA?oc=5\" target=\"_blank\" rel=\"nofollow noopener\">Eksperts: Nojauciet ta\u010du t\u0101s Krievijas platuma sliedes<\/a>&nbsp;&nbsp;Dienas Bizness<\/li>\n<\/ol>\n","protected":false},"excerpt":{"rendered":"Milit\u0101rais eksperts: Cilv\u0113kiem Latvij\u0101 nav pamata nejusties dro\u0161\u012bb\u0101&nbsp;&nbsp;TVNET Vai \u201cLatvijas dzelzce\u013c\u0161\u201d ir kaza bez piena, kas j\u0101kauj nost?&nbsp;&nbsp;NRA&hellip;\n","protected":false},"author":2,"featured_media":56632,"comment_status":"","ping_status":"","sticky":false,"template":"","format":"standard","meta":{"footnotes":""},"categories":[5],"tags":[1546,23,28,29,32,33,22,30,31,35,39,38,36,37,34,40,71,20,26,27,24,25,21],"class_list":{"0":"post-56631","1":"post","2":"type-post","3":"status-publish","4":"format-standard","5":"has-post-thumbnail","7":"category-aktualitates","8":"tag-aizsardziba","9":"tag-aktualitates","10":"tag-breaking-news","11":"tag-breakingnews","12":"tag-featured-news","13":"tag-featurednews","14":"tag-headlines","15":"tag-latest-news","16":"tag-latestnews","17":"tag-latvia","18":"tag-latvian","19":"tag-latviesu","20":"tag-latviesu-valoda","21":"tag-latviesuvaloda","22":"tag-latvija","23":"tag-lv","24":"tag-nato","25":"tag-news","26":"tag-popularakas-zinas","27":"tag-popularakaszinas","28":"tag-top-stories","29":"tag-topstories","30":"tag-zinas"},"share_on_mastodon":{"url":"https:\/\/pubeurope.com\/@lv\/115598410538066329","error":""},"_links":{"self":[{"href":"https:\/\/www.europesays.com\/lv\/wp-json\/wp\/v2\/posts\/56631","targetHints":{"allow":["GET"]}}],"collection":[{"href":"https:\/\/www.europesays.com\/lv\/wp-json\/wp\/v2\/posts"}],"about":[{"href":"https:\/\/www.europesays.com\/lv\/wp-json\/wp\/v2\/types\/post"}],"author":[{"embeddable":true,"href":"https:\/\/www.europesays.com\/lv\/wp-json\/wp\/v2\/users\/2"}],"replies":[{"embeddable":true,"href":"https:\/\/www.europesays.com\/lv\/wp-json\/wp\/v2\/comments?post=56631"}],"version-history":[{"count":0,"href":"https:\/\/www.europesays.com\/lv\/wp-json\/wp\/v2\/posts\/56631\/revisions"}],"wp:featuredmedia":[{"embeddable":true,"href":"https:\/\/www.europesays.com\/lv\/wp-json\/wp\/v2\/media\/56632"}],"wp:attachment":[{"href":"https:\/\/www.europesays.com\/lv\/wp-json\/wp\/v2\/media?parent=56631"}],"wp:term":[{"taxonomy":"category","embeddable":true,"href":"https:\/\/www.europesays.com\/lv\/wp-json\/wp\/v2\/categories?post=56631"},{"taxonomy":"post_tag","embeddable":true,"href":"https:\/\/www.europesays.com\/lv\/wp-json\/wp\/v2\/tags?post=56631"}],"curies":[{"name":"wp","href":"https:\/\/api.w.org\/{rel}","templated":true}]}}