{"id":56648,"date":"2025-11-23T10:12:08","date_gmt":"2025-11-23T10:12:08","guid":{"rendered":"https:\/\/www.europesays.com\/lv\/56648\/"},"modified":"2025-11-23T10:12:08","modified_gmt":"2025-11-23T10:12:08","slug":"cubaru-gimene-izdod-jaunu-singlu-monta-sevi-piesaka-ka-dziesmas-autori-lente-lv","status":"publish","type":"post","link":"https:\/\/www.europesays.com\/lv\/56648\/","title":{"rendered":"\u010cubaru \u0123imene izdod jaunu singlu \u2013 Monta sevi piesaka k\u0101 dziesmas autori\u00a0\u2014\u00a0Lente.lv"},"content":{"rendered":"<p>Jauns singls no \u010cubaru \u0123imenes \u2013 Monta autorei jaun\u0101 lom\u0101<\/p>\n<p>M\u016bzi\u0137u p\u0101ris Monta un J\u0101nis \u010cubari, kuri pag\u0101ju\u0161\u0101 gada j\u016bnij\u0101 pieteica savu debiju ar grupu \u201cVieni\u201d un singlu \u201cLaiks t\u0101l\u0101k doties\u201d, nu izdevu\u0161i jaunu dziesmu. \u0160oreiz rado\u0161aj\u0101 proces\u0101 galven\u0101 autore ir Monta, apliecinot dueta sp\u0113ju rad\u012bt daudzveid\u012bgu muzik\u0101lo materi\u0101lu.<\/p>\n<p>Grupa \u201cVieni\u201d, kas izveidota pirms nepilna pusgada, ir apliecin\u0101jusi savu rado\u0161o siner\u0123iju, kur\u0101 abi dal\u012bbnieki dal\u0101s autoru lom\u0101s. \u0160\u0101da pieeja nodro\u0161ina nep\u0101rtrauktu jaunu noska\u0146u un saj\u016btu mekl\u0113\u0161anu grupas kop\u012bgaj\u0101 dai\u013crad\u0113. Jaunais singls, kura autors ir Monta, seko grupas izveidotajai trad\u012bcijai, kur\u0101 abi dal\u012bbnieki miju\u0161ies dziesmu autoru lom\u0101s. Pirmais singls \u201cLaiks t\u0101l\u0101k doties\u201d tika rad\u012bts ar J\u0101\u0146a \u010cubara l\u012bdzdal\u012bbu k\u0101 autora un producenta, savuk\u0101rt jaun\u0101kais darbs demonstr\u0113 Montas talantu dziesmu rad\u012b\u0161an\u0101. \u0160\u0101da rado\u0161a piek\u013cuve dod iesp\u0113ju izvair\u012bties no vienas rado\u0161\u0101s rokraksta fiks\u0101cijas un nodro\u0161ina nep\u0101rtrauktu jaunu noska\u0146u un saj\u016btu mekl\u0113\u0161anu grupas kop\u012bgaj\u0101 dai\u013crad\u0113.<\/p>\n<p>Montas rado\u0161ais ce\u013c\u0161 un jaun\u0101 dziesma<\/p>\n<p>Monta \u010cubare, kura iepriek\u0161 pla\u0161\u0101k paz\u012bstama ar skatuves v\u0101rdu M\u00d8NTA un MONTA, sadarbojoties ar izdevniec\u012bbu \u201cMicRec\u201d, ir izdevusi savu pirmo EP albumu \u201cOtra Vi\u0146a\u201d un debijas albumu \u201cPlan\u0113ta Tu\u201d. Vi\u0146as dai\u013crad\u0113 atrodamas ar\u012b vair\u0101kas autoru dueta dziesmas ar Latvij\u0101 atpaz\u012bstamiem m\u0101ksliniekiem, piem\u0113ram, Zigfr\u012bdu Muktup\u0101velu, K\u0101rli B\u016bmeisteru un Normundu Pauni\u0146u. \u0160obr\u012bd vi\u0146a turpina str\u0101d\u0101t pie sava tre\u0161\u0101 albuma, sadarbojoties ar savu v\u012bru J\u0101ni \u010cubaru. Vi\u0146a ir ar\u012b dziesmas \u201cM\u016bsu Zeme grie\u017eas\u201d un \u201cIr laiks\u201d autore, demonstr\u0113jot savu sp\u0113ju rad\u012bt dzi\u013cdom\u012bgus un emocion\u0101lus ska\u0146darbus. J\u0101nis \u010cubars, kur\u0161 ir paz\u012bstams k\u0101 grupas \u201cOtra puse\u201d \u0123it\u0101rists un producents, ir piedal\u012bjies daudzu Latvijas m\u016bzi\u0137u darbos. Vi\u0146a sadarb\u012bba ar Montu k\u0101 producentam ir bijusi organiska un veiksm\u012bga, \u013caujot rad\u012bt jaunus un interesantus muzik\u0101lus projektus. Vi\u0146u kop\u012bg\u0101 apvien\u012bba \u201cVieni\u201d ir apliecin\u0101jums vi\u0146u rado\u0161ajai harmonijai, kur\u0101 abi rada muzik\u0101lu kopdarbu, kas balst\u012bts uz abpus\u0113ju iedvesmu un talantu. Grupas nosaukums \u201cVieni\u201d ir radies no nepiecie\u0161am\u012bbas p\u0113c vienota skatuves v\u0101rda, jo iepriek\u0161 vi\u0146us bie\u017ei vien pieteica k\u0101 Montu un J\u0101ni \u010cubarus, kas \u0161\u0137ita famili\u0101ri. Grupa akt\u012bvi uzst\u0101jas da\u017e\u0101dos pas\u0101kumos, sniedzot gan \u0123it\u0101ras un perkusiju pavad\u012bjumu, gan dziedot duet\u0101.<\/p>\n<p>Rado\u0161\u0101 siner\u0123ija un n\u0101kotnes pl\u0101ni<\/p>\n<p>Grupa \u201cVieni\u201d turpina att\u012bst\u012bt savu muzik\u0101lo skan\u0113jumu, un katrs jaunais singls sniedz klaus\u012bt\u0101jiem jaunas emocijas un filozofiskus skat\u012bjumus uz dz\u012bvi. Jaunais singls, kur\u0101 Monta ir autore, ir k\u0101 apliecin\u0101jums vi\u0146u kop\u012bgajam rado\u0161ajam potenci\u0101lam un sp\u0113jai izpausties da\u017e\u0101d\u0101s lom\u0101s. Grupa pl\u0101no turpin\u0101t darbu pie sava debijas albuma, kura izdo\u0161anas datums v\u0113l nav zin\u0101ms. Tom\u0113r ir skaidrs, ka \u201cVieni\u201d turpin\u0101s p\u0101rsteigt savus klaus\u012bt\u0101jus ar jauniem un aizraujo\u0161iem muzik\u0101liem projektiem, kas balst\u012bti uz dzi\u013ciem person\u012bgiem p\u0101rdz\u012bvojumiem un kop\u012bgo rado\u0161o izaugsmi.<\/p>\n","protected":false},"excerpt":{"rendered":"Jauns singls no \u010cubaru \u0123imenes \u2013 Monta autorei jaun\u0101 lom\u0101 M\u016bzi\u0137u p\u0101ris Monta un J\u0101nis \u010cubari, kuri pag\u0101ju\u0161\u0101&hellip;\n","protected":false},"author":2,"featured_media":56649,"comment_status":"","ping_status":"","sticky":false,"template":"","format":"standard","meta":{"footnotes":""},"categories":[5],"tags":[23,28,29,32,33,22,15265,30,31,35,39,38,194,36,37,34,40,15264,2762,20,26,27,24,25,15262,21],"class_list":{"0":"post-56648","1":"post","2":"type-post","3":"status-publish","4":"format-standard","5":"has-post-thumbnail","7":"category-aktualitates","8":"tag-aktualitates","9":"tag-breaking-news","10":"tag-breakingnews","11":"tag-featured-news","12":"tag-featurednews","13":"tag-headlines","14":"tag-janis-cubars","15":"tag-latest-news","16":"tag-latestnews","17":"tag-latvia","18":"tag-latvian","19":"tag-latviesu","20":"tag-latviesu-muzika","21":"tag-latviesu-valoda","22":"tag-latviesuvaloda","23":"tag-latvija","24":"tag-lv","25":"tag-monta-cubare","26":"tag-muzikas-jaunumi","27":"tag-news","28":"tag-popularakas-zinas","29":"tag-popularakaszinas","30":"tag-top-stories","31":"tag-topstories","32":"tag-vieni","33":"tag-zinas"},"share_on_mastodon":{"url":"https:\/\/pubeurope.com\/@lv\/115598481429531674","error":""},"_links":{"self":[{"href":"https:\/\/www.europesays.com\/lv\/wp-json\/wp\/v2\/posts\/56648","targetHints":{"allow":["GET"]}}],"collection":[{"href":"https:\/\/www.europesays.com\/lv\/wp-json\/wp\/v2\/posts"}],"about":[{"href":"https:\/\/www.europesays.com\/lv\/wp-json\/wp\/v2\/types\/post"}],"author":[{"embeddable":true,"href":"https:\/\/www.europesays.com\/lv\/wp-json\/wp\/v2\/users\/2"}],"replies":[{"embeddable":true,"href":"https:\/\/www.europesays.com\/lv\/wp-json\/wp\/v2\/comments?post=56648"}],"version-history":[{"count":0,"href":"https:\/\/www.europesays.com\/lv\/wp-json\/wp\/v2\/posts\/56648\/revisions"}],"wp:featuredmedia":[{"embeddable":true,"href":"https:\/\/www.europesays.com\/lv\/wp-json\/wp\/v2\/media\/56649"}],"wp:attachment":[{"href":"https:\/\/www.europesays.com\/lv\/wp-json\/wp\/v2\/media?parent=56648"}],"wp:term":[{"taxonomy":"category","embeddable":true,"href":"https:\/\/www.europesays.com\/lv\/wp-json\/wp\/v2\/categories?post=56648"},{"taxonomy":"post_tag","embeddable":true,"href":"https:\/\/www.europesays.com\/lv\/wp-json\/wp\/v2\/tags?post=56648"}],"curies":[{"name":"wp","href":"https:\/\/api.w.org\/{rel}","templated":true}]}}