{"id":56662,"date":"2025-11-23T10:30:14","date_gmt":"2025-11-23T10:30:14","guid":{"rendered":"https:\/\/www.europesays.com\/lv\/56662\/"},"modified":"2025-11-23T10:30:14","modified_gmt":"2025-11-23T10:30:14","slug":"ukrainu-turpina-skart-krievijas-uzbrukumi-zelenskis-mekle-asv-atbalstu-miera-sarunam-lente-lv","status":"publish","type":"post","link":"https:\/\/www.europesays.com\/lv\/56662\/","title":{"rendered":"Ukrainu turpina skart Krievijas uzbrukumi; Zelenskis mekl\u0113 ASV atbalstu miera sarun\u0101m\u00a0\u2014\u00a0Lente.lv"},"content":{"rendered":"<p>Ukrainas smagais r\u012bts: Ra\u0137e\u0161u un dronu uzbrukumi turpin\u0101s<\/p>\n<p>Nakt\u012b uz otrdienu Ukrainas debesis atkal tika aiz\u0113notas ar briesm\u0101m, Krievijas bru\u0146otajiem sp\u0113kiem veicot mas\u012bvu uzbrukumu ar \u010detr\u0101m ballistiskaj\u0101m ra\u0137et\u0113m &#8220;Iskander-M&#8221; un 114 droniem. \u0160is drosm\u012bgais uzbrukums ir k\u0101 skarbs atg\u0101din\u0101jums par nep\u0101rtraukto konflikta brutalit\u0101ti un t\u0101 posto\u0161o ietekmi uz Ukrainas tautu.<\/p>\n<p>\u0160ie uzbrukumi nav tikai statistika; tie ir saboj\u0101tas dz\u012bves, zaud\u0113ti tuvinieki un satricin\u0101ta ikdiena. Katra drona duno\u0146a un ra\u0137etes svilpo\u0161ana ir s\u0101pju un zaud\u0113jumu v\u0113stnesis, kas turpina plos\u012bties p\u0101ri Ukrainas zemei. Gaisa sp\u0113ku zi\u0146ojumi liecina par nemit\u012bgu draudu kl\u0101tb\u016btni, kas ne\u013cauj mieru rast pat tum\u0161\u0101kaj\u0101 stund\u0101.<\/p>\n<p>Zelenskis mekl\u0113 diplom\u0101tisko atrisin\u0101jumu ASV priek\u0161\u0101<\/p>\n<p>\u0160aj\u0101 sare\u017e\u0123\u012btaj\u0101 laik\u0101 Ukrainas prezidents Volodimirs Zelenskis, neatsl\u0101bsto\u0161\u0101 c\u012b\u0146\u0101 par savas valsts n\u0101kotni, gatavojas svar\u012bgai viz\u012btei Turcij\u0101. Tre\u0161dien, 19. novembr\u012b, pl\u0101not\u0101s sarunas ar Turcijas amatperson\u0101m ir v\u0113rstas uz viena no galvenajiem m\u0113r\u0137iem: atjaunot Va\u0161ingtonas interesi par akt\u012bv\u0101ku iesaisti miera centienos un Krievijas iebrukuma izbeig\u0161anu. \u0160\u012b diplom\u0101tisk\u0101 misija ir k\u0101 cer\u012bbas stars tum\u0161aj\u0101 konflikta ainav\u0101, mekl\u0113jot ce\u013cus uz mieru un stabilit\u0101ti.<\/p>\n<p>Zelenska centieni pan\u0101kt ASV iesaisti ir kritiski svar\u012bgi. Amerikas Savienoto Valstu atbalsts ir bijis un joproj\u0101m ir vit\u0101li svar\u012bgs Ukrainai gan milit\u0101ri, gan finansi\u0101li, un t\u0101s politisk\u0101 griba var\u0113tu iev\u0113rojami ietekm\u0113t turpm\u0101ko att\u012bst\u012bbu. \u0160\u012bs sarunas ir iz\u0161\u0137ir\u012bgas, lai ne\u013cautu miera procesam izpl\u0113n\u0113t un lai pan\u0101ktu taisn\u012bgu un notur\u012bgu risin\u0101jumu, kas atjaunotu mieru Ukrain\u0101.<\/p>\n<p>Nep\u0101rtraukta c\u012b\u0146a par suverenit\u0101ti un n\u0101kotni<\/p>\n<p>Kam\u0113r diplom\u0101tisk\u0101s p\u016bles tiek liktas liet\u0101, Ukrainas karav\u012bri un civiliedz\u012bvot\u0101ji turpina neskait\u0101mas dienas c\u012bn\u012bties par savu suverenit\u0101ti un br\u012bv\u012bbu. Katrs aizst\u0101v\u0113tais kilometrs, katra aizsarg\u0101t\u0101 pils\u0113ta ir apliecin\u0101jums tautas drosmei un neatlaid\u012bbai. \u0160\u012b c\u012b\u0146a nav tikai par teritoriju, t\u0101 ir par pa\u0161u Ukrainas identit\u0101ti un t\u0101s ties\u012bb\u0101m uz br\u012bvu n\u0101kotni.<\/p>\n<p>Situ\u0101cija Ukrain\u0101 ir sirds lauzo\u0161s piem\u0113rs tam, cik trausls var b\u016bt miers un cik augstu tiek maks\u0101ts par br\u012bv\u012bbu. Zelenska ce\u013cojums uz Turciju un vi\u0146a centieni mobiliz\u0113t starptautisko atbalstu ir svar\u012bgi so\u013ci ce\u013c\u0101 uz konflikta izbeig\u0161anu. Tom\u0113r realit\u0101te uz zemes, kur\u0101 turpina krist ra\u0137etes un dronu duno\u0146a, atg\u0101dina, ka \u0161\u012b c\u012b\u0146a v\u0113l neb\u016bt nav gal\u0101.<\/p>\n","protected":false},"excerpt":{"rendered":"Ukrainas smagais r\u012bts: Ra\u0137e\u0161u un dronu uzbrukumi turpin\u0101s Nakt\u012b uz otrdienu Ukrainas debesis atkal tika aiz\u0113notas ar briesm\u0101m,&hellip;\n","protected":false},"author":2,"featured_media":56663,"comment_status":"","ping_status":"","sticky":false,"template":"","format":"standard","meta":{"footnotes":""},"categories":[5],"tags":[23,28,29,3464,32,33,22,3131,234,30,31,35,39,38,36,37,34,40,20,26,27,24,25,276,1075,21],"class_list":{"0":"post-56662","1":"post","2":"type-post","3":"status-publish","4":"format-standard","5":"has-post-thumbnail","7":"category-aktualitates","8":"tag-aktualitates","9":"tag-breaking-news","10":"tag-breakingnews","11":"tag-diplomatija","12":"tag-featured-news","13":"tag-featurednews","14":"tag-headlines","15":"tag-kars","16":"tag-krievija","17":"tag-latest-news","18":"tag-latestnews","19":"tag-latvia","20":"tag-latvian","21":"tag-latviesu","22":"tag-latviesu-valoda","23":"tag-latviesuvaloda","24":"tag-latvija","25":"tag-lv","26":"tag-news","27":"tag-popularakas-zinas","28":"tag-popularakaszinas","29":"tag-top-stories","30":"tag-topstories","31":"tag-ukraina","32":"tag-zelenskis","33":"tag-zinas"},"share_on_mastodon":{"url":"https:\/\/pubeurope.com\/@lv\/115598552272108227","error":""},"_links":{"self":[{"href":"https:\/\/www.europesays.com\/lv\/wp-json\/wp\/v2\/posts\/56662","targetHints":{"allow":["GET"]}}],"collection":[{"href":"https:\/\/www.europesays.com\/lv\/wp-json\/wp\/v2\/posts"}],"about":[{"href":"https:\/\/www.europesays.com\/lv\/wp-json\/wp\/v2\/types\/post"}],"author":[{"embeddable":true,"href":"https:\/\/www.europesays.com\/lv\/wp-json\/wp\/v2\/users\/2"}],"replies":[{"embeddable":true,"href":"https:\/\/www.europesays.com\/lv\/wp-json\/wp\/v2\/comments?post=56662"}],"version-history":[{"count":0,"href":"https:\/\/www.europesays.com\/lv\/wp-json\/wp\/v2\/posts\/56662\/revisions"}],"wp:featuredmedia":[{"embeddable":true,"href":"https:\/\/www.europesays.com\/lv\/wp-json\/wp\/v2\/media\/56663"}],"wp:attachment":[{"href":"https:\/\/www.europesays.com\/lv\/wp-json\/wp\/v2\/media?parent=56662"}],"wp:term":[{"taxonomy":"category","embeddable":true,"href":"https:\/\/www.europesays.com\/lv\/wp-json\/wp\/v2\/categories?post=56662"},{"taxonomy":"post_tag","embeddable":true,"href":"https:\/\/www.europesays.com\/lv\/wp-json\/wp\/v2\/tags?post=56662"}],"curies":[{"name":"wp","href":"https:\/\/api.w.org\/{rel}","templated":true}]}}