{"id":56670,"date":"2025-11-23T10:50:11","date_gmt":"2025-11-23T10:50:11","guid":{"rendered":"https:\/\/www.europesays.com\/lv\/56670\/"},"modified":"2025-11-23T10:50:11","modified_gmt":"2025-11-23T10:50:11","slug":"noriss-un-piastri-diskvalificeti-no-lasvegasas-posma-intriga-par-titulu-pieaug","status":"publish","type":"post","link":"https:\/\/www.europesays.com\/lv\/56670\/","title":{"rendered":"Noriss un Piastri diskvalific\u0113ti no Lasvegasas posma, intriga par titulu pieaug"},"content":{"rendered":"<p>\u0160ok\u0113jo\u0161s pav\u0113rsiens p\u0113c Lasvegasas &#8220;Grand Prix&#8221; izc\u012b\u0146as \u2013 abi &#8220;McLaren&#8221; piloti Lando Noriss un Oskars Piastri sa\u0146\u0113mu\u0161i diskvalifik\u0101cijas par formulu neatbilst\u012bbu tehniskajiem noteikumiem p\u0113c sacens\u012bbu nosl\u0113guma. L\u012bdz ar to anul\u0113ta vi\u0146u izc\u012bn\u012bt\u0101 otr\u0101 un ceturt\u0101 vieta, kas F-1 kopv\u0113rt\u0113jum\u0101 rada papildus intrigu, jo Makss Verstapens b\u016btiski samazin\u0101jis punktu defic\u012btu.<\/p>\n<p class=\"m-0\">Seko &#8220;Delfi&#8221; ar\u012b  <a target=\"_blank\" href=\"https:\/\/www.instagram.com\/delfi.lv\/\" rel=\"nofollow noopener\">Instagram<\/a>  un <a target=\"_blank\" href=\"https:\/\/www.youtube.com\/channel\/UCw5foWtcJvAbUm64rv7jwUQ\" rel=\"nofollow noopener\">YouTube<\/a>  profil\u0101 \u2013 pievienojies, lai uzzin\u0101tu svar\u012bg\u0101ko un interesant\u0101ko pirmais!<\/p>\n<p>Publik\u0101cijas saturs vai t\u0101s jebk\u0101da apjoma da\u013ca ir aizsarg\u0101ts autorties\u012bbu objekts Autorties\u012bbu likuma izpratn\u0113, un t\u0101 izmanto\u0161ana bez izdev\u0113ja at\u013caujas ir aizliegta. Vair\u0101k lasi  <a target=\"_blank\" href=\"https:\/\/www.delfi.lv\/noteikumi#autortiesibas\" rel=\"nofollow noopener\">\u0161eit<\/a><script async src=\"\/\/www.instagram.com\/embed.js\"><\/script><\/p>\n","protected":false},"excerpt":{"rendered":"\u0160ok\u0113jo\u0161s pav\u0113rsiens p\u0113c Lasvegasas &#8220;Grand Prix&#8221; izc\u012b\u0146as \u2013 abi &#8220;McLaren&#8221; piloti Lando Noriss un Oskars Piastri sa\u0146\u0113mu\u0161i diskvalifik\u0101cijas&hellip;\n","protected":false},"author":2,"featured_media":56671,"comment_status":"","ping_status":"","sticky":false,"template":"","format":"standard","meta":{"footnotes":""},"categories":[17],"tags":[4423,4178,4187,35,39,38,36,37,34,12737,40,2358,4420,4183,13231,4177,4422,13232,67,15310],"class_list":{"0":"post-56670","1":"post","2":"type-post","3":"status-publish","4":"format-standard","5":"has-post-thumbnail","7":"category-sports","8":"tag-dzordzs-rasels","9":"tag-ferrari","10":"tag-haas","11":"tag-latvia","12":"tag-latvian","13":"tag-latviesu","14":"tag-latviesu-valoda","15":"tag-latviesuvaloda","16":"tag-latvija","17":"tag-luiss-hamiltons","18":"tag-lv","19":"tag-makss-verstapens","20":"tag-mclaren","21":"tag-mercedes","22":"tag-niko-hilkenbergs","23":"tag-red-bull","24":"tag-sarls-leklers","25":"tag-sauber","26":"tag-sports","27":"tag-williams"},"share_on_mastodon":{"url":"https:\/\/pubeurope.com\/@lv\/115598630817170100","error":""},"_links":{"self":[{"href":"https:\/\/www.europesays.com\/lv\/wp-json\/wp\/v2\/posts\/56670","targetHints":{"allow":["GET"]}}],"collection":[{"href":"https:\/\/www.europesays.com\/lv\/wp-json\/wp\/v2\/posts"}],"about":[{"href":"https:\/\/www.europesays.com\/lv\/wp-json\/wp\/v2\/types\/post"}],"author":[{"embeddable":true,"href":"https:\/\/www.europesays.com\/lv\/wp-json\/wp\/v2\/users\/2"}],"replies":[{"embeddable":true,"href":"https:\/\/www.europesays.com\/lv\/wp-json\/wp\/v2\/comments?post=56670"}],"version-history":[{"count":0,"href":"https:\/\/www.europesays.com\/lv\/wp-json\/wp\/v2\/posts\/56670\/revisions"}],"wp:featuredmedia":[{"embeddable":true,"href":"https:\/\/www.europesays.com\/lv\/wp-json\/wp\/v2\/media\/56671"}],"wp:attachment":[{"href":"https:\/\/www.europesays.com\/lv\/wp-json\/wp\/v2\/media?parent=56670"}],"wp:term":[{"taxonomy":"category","embeddable":true,"href":"https:\/\/www.europesays.com\/lv\/wp-json\/wp\/v2\/categories?post=56670"},{"taxonomy":"post_tag","embeddable":true,"href":"https:\/\/www.europesays.com\/lv\/wp-json\/wp\/v2\/tags?post=56670"}],"curies":[{"name":"wp","href":"https:\/\/api.w.org\/{rel}","templated":true}]}}