{"id":56700,"date":"2025-11-23T11:22:09","date_gmt":"2025-11-23T11:22:09","guid":{"rendered":"https:\/\/www.europesays.com\/lv\/56700\/"},"modified":"2025-11-23T11:22:09","modified_gmt":"2025-11-23T11:22:09","slug":"vaciesu-atbalsts-valdibai-nokrities-lidz-rekordzemam-limenim","status":"publish","type":"post","link":"https:\/\/www.europesays.com\/lv\/56700\/","title":{"rendered":"V\u0101cie\u0161u atbalsts vald\u012bbai nokrities l\u012bdz rekordzemam l\u012bmenim"},"content":{"rendered":"<p>Saska\u0146\u0101 ar aptauju, ko p\u0113c laikraksta &#8220;Bild am Sonntag&#8221; pas\u016bt\u012bjuma veicis sociolo\u0123ijas instit\u016bts INSA, 22% respondentu izteiku\u0161ies, ka ir apmierin\u0101ti ar kanclera Fr\u012bdriha Merca vad\u012bt\u0101s koal\u012bcijas vald\u012bbas darbu, kas ir par diviem procentpunktiem maz\u0101k nek\u0101 pirms div\u0101m ned\u0113\u013c\u0101m.<\/p>\n<p>Tikm\u0113r 67% atzinu\u0161i, ka nav apmierin\u0101ti ar vald\u012bbas darbu, bet 11% nav sniegu\u0161i atbildi uz \u0161o jaut\u0101jumu.<\/p>\n<p>Mercu person\u012bgi pozit\u012bvi nov\u0113rt\u0113ju\u0161i 25% v\u0101cie\u0161u, kas ar\u012b ir par diviem procentpunktiem maz\u0101k nek\u0101 7. novembr\u012b. 64% respondentu kancleru v\u0113rt\u0113ju\u0161i negat\u012bvi, bet 11% nav izteiku\u0161i viedokli \u0161aj\u0101 jaut\u0101jum\u0101.<\/p>\n<p>Veicot aptauju, laik\u0101 no ceturtdienas l\u012bdz piektdienai interv\u0113ti 1004 respondenti.<\/p>\n<p>Tikm\u0113r atbalsts partij\u0101m ned\u0113\u013cas laik\u0101 visum\u0101 nav main\u012bjies.<\/p>\n<p>Ja Bundest\u0101ga v\u0113l\u0113\u0161anas notiktu sv\u0113tdien, par Merca p\u0101rst\u0101v\u0113tajiem krist\u012bgajiem demokr\u0101tiem (CDU) un vi\u0146u Bav\u0101rijas m\u0101saspartiju Krist\u012bgi soci\u0101lo savien\u012bbu (CSU) balsotu 25% v\u0101cie\u0161u, bet CDU\/CSU koal\u012bcijas partneri soci\u0101ldemokr\u0101ti (SPD) var\u0113tu cer\u0113t uz 15% balsu.<\/p>\n<p>Savuk\u0101rt opoz\u012bcij\u0101 eso\u0161ajai lab\u0113jo eiroskepti\u0137u partijai &#8220;Alternat\u012bva V\u0101cijai&#8221; (AfD) atbalstu paudu\u0161i 26% aptauj\u0101to.<\/p>\n<p>\u0160aj\u0101 aptauj\u0101 laik\u0101 no pirmdienas l\u012bdz piektdienai interv\u0113ti 1208 balssties\u012bgie pilso\u0146i.<\/p>\n<p>Taj\u0101 pa\u0161\u0101 laik\u0101 saska\u0146\u0101 ar aptauju, ko p\u0113c a\u0123ent\u016bras DPA pas\u016bt\u012bjuma veicis sabiedrisk\u0101s domas p\u0113tniec\u012bbas uz\u0146\u0113mums &#8220;YouGov&#8221;, br\u012bvpr\u0101t\u012bg\u0101s karaklaus\u012bbas atjauno\u0161anu atbalsta gandr\u012bz divas tre\u0161da\u013cas v\u0101cie\u0161u.<\/p>\n","protected":false},"excerpt":{"rendered":"Saska\u0146\u0101 ar aptauju, ko p\u0113c laikraksta &#8220;Bild am Sonntag&#8221; pas\u016bt\u012bjuma veicis sociolo\u0123ijas instit\u016bts INSA, 22% respondentu izteiku\u0161ies, ka&hellip;\n","protected":false},"author":2,"featured_media":39398,"comment_status":"","ping_status":"","sticky":false,"template":"","format":"standard","meta":{"footnotes":""},"categories":[14],"tags":[23,57,28,29,32,33,5154,22,30,31,35,39,38,36,37,34,40,20,26,27,24,25,299,54,55,56,21,58],"class_list":{"0":"post-56700","1":"post","2":"type-post","3":"status-publish","4":"format-standard","5":"has-post-thumbnail","7":"category-zinas-no-arvalstim","8":"tag-aktualitates","9":"tag-arvalstim","10":"tag-breaking-news","11":"tag-breakingnews","12":"tag-featured-news","13":"tag-featurednews","14":"tag-fridrihs-mercs","15":"tag-headlines","16":"tag-latest-news","17":"tag-latestnews","18":"tag-latvia","19":"tag-latvian","20":"tag-latviesu","21":"tag-latviesu-valoda","22":"tag-latviesuvaloda","23":"tag-latvija","24":"tag-lv","25":"tag-news","26":"tag-popularakas-zinas","27":"tag-popularakaszinas","28":"tag-top-stories","29":"tag-topstories","30":"tag-vacija","31":"tag-world","32":"tag-world-news","33":"tag-worldnews","34":"tag-zinas","35":"tag-zinas-no-arvalstim"},"share_on_mastodon":{"url":"https:\/\/pubeurope.com\/@lv\/115598756646744156","error":""},"_links":{"self":[{"href":"https:\/\/www.europesays.com\/lv\/wp-json\/wp\/v2\/posts\/56700","targetHints":{"allow":["GET"]}}],"collection":[{"href":"https:\/\/www.europesays.com\/lv\/wp-json\/wp\/v2\/posts"}],"about":[{"href":"https:\/\/www.europesays.com\/lv\/wp-json\/wp\/v2\/types\/post"}],"author":[{"embeddable":true,"href":"https:\/\/www.europesays.com\/lv\/wp-json\/wp\/v2\/users\/2"}],"replies":[{"embeddable":true,"href":"https:\/\/www.europesays.com\/lv\/wp-json\/wp\/v2\/comments?post=56700"}],"version-history":[{"count":0,"href":"https:\/\/www.europesays.com\/lv\/wp-json\/wp\/v2\/posts\/56700\/revisions"}],"wp:featuredmedia":[{"embeddable":true,"href":"https:\/\/www.europesays.com\/lv\/wp-json\/wp\/v2\/media\/39398"}],"wp:attachment":[{"href":"https:\/\/www.europesays.com\/lv\/wp-json\/wp\/v2\/media?parent=56700"}],"wp:term":[{"taxonomy":"category","embeddable":true,"href":"https:\/\/www.europesays.com\/lv\/wp-json\/wp\/v2\/categories?post=56700"},{"taxonomy":"post_tag","embeddable":true,"href":"https:\/\/www.europesays.com\/lv\/wp-json\/wp\/v2\/tags?post=56700"}],"curies":[{"name":"wp","href":"https:\/\/api.w.org\/{rel}","templated":true}]}}