{"id":56711,"date":"2025-11-23T11:36:17","date_gmt":"2025-11-23T11:36:17","guid":{"rendered":"https:\/\/www.europesays.com\/lv\/56711\/"},"modified":"2025-11-23T11:36:17","modified_gmt":"2025-11-23T11:36:17","slug":"nakti-riga-ugunsgreka-no-dzivojamas-majas-evakueti-ap-50-cilveki-akniste-glabts-kakis-lente-lv","status":"publish","type":"post","link":"https:\/\/www.europesays.com\/lv\/56711\/","title":{"rendered":"Nakt\u012b R\u012bg\u0101 ugunsgr\u0113k\u0101 no dz\u012bvojam\u0101s m\u0101jas evaku\u0113ti ap 50 cilv\u0113ki; Akn\u012bst\u0113 gl\u0101bts ka\u0137is\u00a0\u2014\u00a0Lente.lv"},"content":{"rendered":"<p>Satrauco\u0161s ugunsgr\u0113ks R\u012bg\u0101: Desmitiem cilv\u0113ku evaku\u0113ti no dego\u0161as m\u0101jas<\/p>\n<p>Aizvad\u012btaj\u0101 nakt\u012b R\u012bgas centr\u0101, Br\u012bv\u012bbas iel\u0101, liesmas p\u0101r\u0146\u0113ma k\u0101da piecst\u0101vu dz\u012bvojam\u0101s m\u0101jas dz\u012bvokli, radot nopietnas ba\u017eas par vair\u0101ku desmitu iem\u012btnieku dro\u0161\u012bbu. Valsts ugunsdz\u0113s\u012bbas un gl\u0101b\u0161anas dienests (VUGD) sa\u0146\u0113ma satrauco\u0161o inform\u0101ciju neilgi pirms pusnakts, kad tika zi\u0146ots par sp\u0113c\u012bgiem d\u016bmiem, kas n\u0101ku\u0161i no piekt\u0101 st\u0101va m\u0101jok\u013ca. Uguns izrais\u012bja liesmas 15 kvadr\u0101tmetru pla\u0161\u0101 istab\u0101, radot t\u016bl\u012bt\u0113jas briesmas visai \u0113kai. Par laimi, pateicoties operat\u012bvai rea\u0123\u0113\u0161anai un pa\u0161u iedz\u012bvot\u0101ju salied\u0113tai r\u012bc\u012bbai, vair\u0101k nek\u0101 50 cilv\u0113ki sp\u0113ja dro\u0161i evaku\u0113ties pirms ugunsdz\u0113s\u0113ju iera\u0161an\u0101s, izvairoties no traum\u0101m un katastrofisk\u0101m sek\u0101m. \u0160is notikums uzsver nepiecie\u0161am\u012bbu p\u0113c past\u0101v\u012bgas modr\u012bbas un ugunsdro\u0161\u012bbas pas\u0101kumu stingras iev\u0113ro\u0161anas.<\/p>\n<p>Intens\u012bva diennakts gl\u0101b\u0113jiem: Rea\u0123\u0113ts uz vair\u0101kiem incidentiem vis\u0101 Latvij\u0101<\/p>\n<p>R\u012bgas notikums neb\u016bt nebija vien\u012bgais izaicin\u0101jums Valsts ugunsdz\u0113s\u012bbas un gl\u0101b\u0161anas dienesta (VUGD) darbiniekiem aizvad\u012btaj\u0101 diennakt\u012b. Kopum\u0101 dienests sa\u0146\u0113ma iespaid\u012bgu skaitu izsaukumu \u2013 38. No tiem asto\u0146i bija saist\u012bti ar ugunsgr\u0113ku dz\u0113\u0161anu un se\u0161padsmit ar gl\u0101b\u0161anas darbiem. Diem\u017e\u0113l, k\u0101 tas nereti gad\u0101s, \u010detrpadsmit izsaukumi izr\u0101d\u012bj\u0101s maldino\u0161i, lieki noslogojot jau t\u0101 aiz\u0146emtos gl\u0101b\u0113jus. VUGD rea\u0123\u0113jis uz pla\u0161u spektru incidentu, demonstr\u0113jot savu profesionalit\u0101ti un gatav\u012bbu jebkur\u0101 br\u012bd\u012b. Tostarp dz\u0113sta dego\u0161a kravas automa\u0161\u012bna ar piekabi, risin\u0101ta sare\u017e\u0123\u012bta situ\u0101cija ar dego\u0161u l\u0101zergrie\u0161anas iek\u0101rtu un alum\u012bnija skaid\u0101m, sniegta pal\u012bdz\u012bba elektrol\u012bnijas balstu av\u0101rijas situ\u0101cij\u0101s un dz\u0113sti atkritumu ugunsgr\u0113ki divos da\u017e\u0101dos gad\u012bjumos. \u0160ie daudzveid\u012bgie uzdevumi spilgti ilustr\u0113 ikdienas izaicin\u0101jumus, ar kuriem saskaras Latvijas ugunsdz\u0113s\u0113ji un gl\u0101b\u0113ji, apliecinot vi\u0146u neatlaid\u012bbu un sp\u0113ju operat\u012bvi rea\u0123\u0113t negaid\u012bt\u0101s situ\u0101cij\u0101s.<\/p>\n<p>Ugunsgr\u0113ks Akn\u012bst\u0113: Gl\u0101bta dz\u012bv\u012bba un pat m\u012blulis<\/p>\n<p>Apm\u0113ram divas stundas pirms satrauco\u0161ajiem notikumiem R\u012bg\u0101, ugunsdz\u0113s\u0113ji steidz\u0101s uz J\u0113kabpils novada Akn\u012bsti, kur liesmas bija p\u0101r\u0146\u0113mu\u0161as divst\u0101vu dz\u012bvojam\u0101s m\u0101jas jumtu, izple\u0161oties 70 kvadr\u0101tmetru plat\u012bb\u0101. Par laimi, pirms gl\u0101b\u0113ju iera\u0161an\u0101s no b\u012bstam\u0101s \u0113kas sp\u0113ja evaku\u0113ties divi cilv\u0113ki. Ugunsdz\u0113s\u0113ju operat\u012bv\u0101 r\u012bc\u012bba ne tikai pal\u012bdz\u0113ja lokaliz\u0113t liesmas, bet ar\u012b nodro\u0161in\u0101ja k\u0101da m\u012bl\u012bg\u0101 ka\u0137\u012b\u0161a gl\u0101b\u0161anu no liesmu dzelmes, apliecinot gl\u0101b\u0113ju cent\u012bbu un sp\u0113ju rea\u0123\u0113t ar\u012b uz negaid\u012bt\u0101m situ\u0101cij\u0101m, par\u0101dot savu lielo sirdi.<\/p>\n<p>Ugunsdro\u0161\u012bbas noz\u012bme: Atg\u0101din\u0101jums par profilaksi un modr\u012bbu<\/p>\n<p>\u0160ie satrauco\u0161ie notikumi vis\u0101 Latvij\u0101 ir spilgts un nepat\u012bkams atg\u0101din\u0101jums par to, cik vit\u0101li svar\u012bga ir ikdienas modr\u012bba un atbild\u012bga ugunsdro\u0161\u012bbas noteikumu iev\u0113ro\u0161ana. VUGD dati liecina, ka ugunsgr\u0113kos, diem\u017e\u0113l, joproj\u0101m iet boj\u0101 cilv\u0113ki, uzsverot nepiecie\u0161am\u012bbu ikvienam pastiprin\u0101ti r\u016bp\u0113ties par savu un apk\u0101rt\u0113jo dro\u0161\u012bbu. Regul\u0101ra elektr\u012bbas vadu p\u0101rbaude, d\u016bmvadu t\u012br\u012b\u0161ana un viegli uzliesmojo\u0161u materi\u0101lu dro\u0161a uzglab\u0101\u0161ana nav tikai formalit\u0101te, bet gan b\u016btiska profilakse, kas var gl\u0101bt dz\u012bv\u012bbas. Atcer\u0113simies, ka dro\u0161\u012bba s\u0101kas ar mums pa\u0161iem \u2013 katrs solis, ko speram, lai nov\u0113rstu potenci\u0101las briesmas, ir nenov\u0113rt\u0113jams ieguld\u012bjums m\u016bsu kop\u0113j\u0101 labkl\u0101j\u012bb\u0101.<\/p>\n","protected":false},"excerpt":{"rendered":"Satrauco\u0161s ugunsgr\u0113ks R\u012bg\u0101: Desmitiem cilv\u0113ku evaku\u0113ti no dego\u0161as m\u0101jas Aizvad\u012btaj\u0101 nakt\u012b R\u012bgas centr\u0101, Br\u012bv\u012bbas iel\u0101, liesmas p\u0101r\u0146\u0113ma k\u0101da&hellip;\n","protected":false},"author":2,"featured_media":56712,"comment_status":"","ping_status":"","sticky":false,"template":"","format":"standard","meta":{"footnotes":""},"categories":[5],"tags":[379,23,28,29,15325,5854,32,33,22,30,31,35,39,38,36,37,34,40,20,26,27,24,25,13364,4908,21],"class_list":{"0":"post-56711","1":"post","2":"type-post","3":"status-publish","4":"format-standard","5":"has-post-thumbnail","7":"category-aktualitates","8":"tag-akniste","9":"tag-aktualitates","10":"tag-breaking-news","11":"tag-breakingnews","12":"tag-brivibas-iela","13":"tag-evakuacija","14":"tag-featured-news","15":"tag-featurednews","16":"tag-headlines","17":"tag-latest-news","18":"tag-latestnews","19":"tag-latvia","20":"tag-latvian","21":"tag-latviesu","22":"tag-latviesu-valoda","23":"tag-latviesuvaloda","24":"tag-latvija","25":"tag-lv","26":"tag-news","27":"tag-popularakas-zinas","28":"tag-popularakaszinas","29":"tag-top-stories","30":"tag-topstories","31":"tag-ugunsgreks-riga","32":"tag-vugd","33":"tag-zinas"},"share_on_mastodon":{"url":"https:\/\/pubeurope.com\/@lv\/115598811773199455","error":""},"_links":{"self":[{"href":"https:\/\/www.europesays.com\/lv\/wp-json\/wp\/v2\/posts\/56711","targetHints":{"allow":["GET"]}}],"collection":[{"href":"https:\/\/www.europesays.com\/lv\/wp-json\/wp\/v2\/posts"}],"about":[{"href":"https:\/\/www.europesays.com\/lv\/wp-json\/wp\/v2\/types\/post"}],"author":[{"embeddable":true,"href":"https:\/\/www.europesays.com\/lv\/wp-json\/wp\/v2\/users\/2"}],"replies":[{"embeddable":true,"href":"https:\/\/www.europesays.com\/lv\/wp-json\/wp\/v2\/comments?post=56711"}],"version-history":[{"count":0,"href":"https:\/\/www.europesays.com\/lv\/wp-json\/wp\/v2\/posts\/56711\/revisions"}],"wp:featuredmedia":[{"embeddable":true,"href":"https:\/\/www.europesays.com\/lv\/wp-json\/wp\/v2\/media\/56712"}],"wp:attachment":[{"href":"https:\/\/www.europesays.com\/lv\/wp-json\/wp\/v2\/media?parent=56711"}],"wp:term":[{"taxonomy":"category","embeddable":true,"href":"https:\/\/www.europesays.com\/lv\/wp-json\/wp\/v2\/categories?post=56711"},{"taxonomy":"post_tag","embeddable":true,"href":"https:\/\/www.europesays.com\/lv\/wp-json\/wp\/v2\/tags?post=56711"}],"curies":[{"name":"wp","href":"https:\/\/api.w.org\/{rel}","templated":true}]}}