{"id":56721,"date":"2025-11-23T11:48:12","date_gmt":"2025-11-23T11:48:12","guid":{"rendered":"https:\/\/www.europesays.com\/lv\/56721\/"},"modified":"2025-11-23T11:48:12","modified_gmt":"2025-11-23T11:48:12","slug":"daudzviet-apledojuma-del-apgrutinata-brauksana","status":"publish","type":"post","link":"https:\/\/www.europesays.com\/lv\/56721\/","title":{"rendered":"Daudzviet apledojuma d\u0113\u013c apgr\u016btin\u0101ta brauk\u0161ana"},"content":{"rendered":"<p>Slidenos ce\u013ca posmus apstr\u0101d\u0101 ar pretsl\u012bdes materi\u0101liem. Lai uzlabotu brauk\u0161anas apst\u0101k\u013cus, ce\u013cu uztur\u0113\u0161anas darbos iesaist\u012btas 68 ziemas dienesta tehnikas vien\u012bbas.<\/p>\n<p>Apgr\u016btin\u0101ti brauk\u0161anas apst\u0101k\u013ci uz valsts galvenajiem autoce\u013ciem uz Vidzemes \u0161osejas (A2) posmos no Raunas pagrieziena l\u012bdz Smiltenes pagriezienam un no Vire\u0161iem l\u012bdz Veclaicenei, uz Valmieras \u0161osejas (A3) posm\u0101 no Stalbes l\u012bdz Valkai, uz R\u012bgas apvedce\u013ca (Salaspils-Bab\u012bte) (A5) vis\u0101 posm\u0101, uz Daugavpils \u0161osejas (A6) posm\u0101 no Piekalniem l\u012bdz N\u012bcgalei, uz Bauskas \u0161osejas (A7) posm\u0101 no R\u012bgas l\u012bdz Dzimtmisai; uz Jelgavas \u0161osejas (A8) posm\u0101 no R\u012bgas l\u012bdz Dalbei, uz Liep\u0101jas \u0161osejas (A9) posmos no R\u012bgas l\u012bdz Ka\u0123iem un no Cieceres l\u012bdz Kalvenei, uz Ventspils \u0161osejas (A10) posmos no R\u012bgas l\u012bdz K\u016bdrai un no Strazdes l\u012bdz Ventspilij, uz autoce\u013ca Liep\u0101ja-N\u012bca(Rucava) (A11) vis\u0101 posm\u0101, uz R\u0113zeknes \u0161osejas (A12) posm\u0101 no J\u0113kabpils l\u012bdz Varak\u013c\u0101niem, uz valsts re\u0123ion\u0101lais autoce\u013ca T\u012bn\u016b\u017ei-Koknese (P80) posm\u0101 no Skr\u012bveru pagrieziena l\u012bdz P\u0113rsei.<\/p>\n<p>Uz re\u0123ion\u0101lajiem autoce\u013ciem apgr\u016btin\u0101ta brauk\u0161ana ir R\u012bgas, Ventspils, Liep\u0101jas, Kuld\u012bgas, Talsu, Ogres, Aizkraukles, J\u0113kabpils, Valmieras, Valkas un Al\u016bksnes apk\u0101rtn\u0113.<\/p>\n<p>Par apgr\u016btin\u0101tiem brauk\u0161anas apst\u0101k\u013ciem vai citiem ar satiksmi un ce\u013cu st\u0101vokli saist\u012btiem nov\u0113rojumiem iedz\u012bvot\u0101ji ir aicin\u0101ti inform\u0113t &#8220;Latvijas valsts ce\u013cus&#8221;, zvanot uz diennakts bezmaksas informat\u012bvo t\u0101lruni 80005555, k\u0101 ar\u012b uz\u0146\u0113muma kontos soci\u0101l\u0101s sazi\u0146as t\u012bklos &#8220;X&#8221; un &#8220;Facebook&#8221;.<\/p>\n","protected":false},"excerpt":{"rendered":"Slidenos ce\u013ca posmus apstr\u0101d\u0101 ar pretsl\u012bdes materi\u0101liem. Lai uzlabotu brauk\u0161anas apst\u0101k\u013cus, ce\u013cu uztur\u0113\u0161anas darbos iesaist\u012btas 68 ziemas dienesta&hellip;\n","protected":false},"author":2,"featured_media":51452,"comment_status":"","ping_status":"","sticky":false,"template":"","format":"standard","meta":{"footnotes":""},"categories":[5],"tags":[23,14937,1399,28,29,32,33,22,30,31,35,39,38,36,37,34,2857,40,20,26,27,24,25,21],"class_list":{"0":"post-56721","1":"post","2":"type-post","3":"status-publish","4":"format-standard","5":"has-post-thumbnail","7":"category-aktualitates","8":"tag-aktualitates","9":"tag-apledojums","10":"tag-autoceli","11":"tag-breaking-news","12":"tag-breakingnews","13":"tag-featured-news","14":"tag-featurednews","15":"tag-headlines","16":"tag-latest-news","17":"tag-latestnews","18":"tag-latvia","19":"tag-latvian","20":"tag-latviesu","21":"tag-latviesu-valoda","22":"tag-latviesuvaloda","23":"tag-latvija","24":"tag-latvijas-valsts-celi","25":"tag-lv","26":"tag-news","27":"tag-popularakas-zinas","28":"tag-popularakaszinas","29":"tag-top-stories","30":"tag-topstories","31":"tag-zinas"},"share_on_mastodon":{"url":"https:\/\/pubeurope.com\/@lv\/115598858931650591","error":""},"_links":{"self":[{"href":"https:\/\/www.europesays.com\/lv\/wp-json\/wp\/v2\/posts\/56721","targetHints":{"allow":["GET"]}}],"collection":[{"href":"https:\/\/www.europesays.com\/lv\/wp-json\/wp\/v2\/posts"}],"about":[{"href":"https:\/\/www.europesays.com\/lv\/wp-json\/wp\/v2\/types\/post"}],"author":[{"embeddable":true,"href":"https:\/\/www.europesays.com\/lv\/wp-json\/wp\/v2\/users\/2"}],"replies":[{"embeddable":true,"href":"https:\/\/www.europesays.com\/lv\/wp-json\/wp\/v2\/comments?post=56721"}],"version-history":[{"count":0,"href":"https:\/\/www.europesays.com\/lv\/wp-json\/wp\/v2\/posts\/56721\/revisions"}],"wp:featuredmedia":[{"embeddable":true,"href":"https:\/\/www.europesays.com\/lv\/wp-json\/wp\/v2\/media\/51452"}],"wp:attachment":[{"href":"https:\/\/www.europesays.com\/lv\/wp-json\/wp\/v2\/media?parent=56721"}],"wp:term":[{"taxonomy":"category","embeddable":true,"href":"https:\/\/www.europesays.com\/lv\/wp-json\/wp\/v2\/categories?post=56721"},{"taxonomy":"post_tag","embeddable":true,"href":"https:\/\/www.europesays.com\/lv\/wp-json\/wp\/v2\/tags?post=56721"}],"curies":[{"name":"wp","href":"https:\/\/api.w.org\/{rel}","templated":true}]}}