{"id":56738,"date":"2025-11-23T12:18:27","date_gmt":"2025-11-23T12:18:27","guid":{"rendered":"https:\/\/www.europesays.com\/lv\/56738\/"},"modified":"2025-11-23T12:18:27","modified_gmt":"2025-11-23T12:18:27","slug":"atceres-pasakumi-un-toposais-pieminas-darzs-lente-lv","status":"publish","type":"post","link":"https:\/\/www.europesays.com\/lv\/56738\/","title":{"rendered":"atceres pas\u0101kumi un topo\u0161ais piemi\u0146as d\u0101rzs\u00a0\u2014\u00a0Lente.lv"},"content":{"rendered":"<p>Atcere par Zolit\u016bdes tra\u0123\u0113dijas upuriem<\/p>\n<p>R\u012bg\u0101 \u0161odien, piektdien, 21. novembr\u012b, notiks piemi\u0146as pas\u0101kumi, lai godin\u0101tu tos, kuri pirms divpadsmit gadiem zaud\u0113ja dz\u012bv\u012bbu tra\u0123\u0113dij\u0101 Zolit\u016bd\u0113. 2013. gada 21. novembra notikums, kad sabruka lielveikala &#8220;Maxima&#8221; jumta konstrukcijas, k\u013cuva par vienu no smag\u0101kaj\u0101m katastrof\u0101m Latvijas neatkar\u012bg\u0101s v\u0113stures laik\u0101, atst\u0101jot dzi\u013cas r\u0113tas sabiedr\u012bbas atmi\u0146\u0101.<\/p>\n<p>Atceres br\u012bdis Zolit\u016bd\u0113<\/p>\n<p>K\u0101 katru gadu, ar\u012b \u0161oreiz piemi\u0146as pas\u0101kumi s\u0101ksies p\u0113cpusdien\u0101. Biedr\u012bbas &#8220;Zolit\u016bde 21.11.&#8221; p\u0101rst\u0101vji un visi l\u012bdzcilv\u0113ki, kas v\u0113las izr\u0101d\u012bt cie\u0146u boj\u0101g\u0101ju\u0161ajiem, pulc\u0113sies pie pagaidu memori\u0101la Zolit\u016bd\u0113. Pulc\u0113\u0161an\u0101s s\u0101ksies ap plkst. 17:15, un tie\u0161i plkst. 17:43, br\u012bd\u012b, kad pirms divpadsmit gadiem notika tra\u0123\u0113dija, pie pagaidu memori\u0101la norisin\u0101sies klusuma un piemi\u0146as br\u012bdis. \u0160is br\u012bdis ir velt\u012bts 54 cilv\u0113ku piemi\u0146ai, kuri zaud\u0113ja savas dz\u012bv\u012bbas \u0161aj\u0101 posto\u0161aj\u0101 notikum\u0101, k\u0101 ar\u012b desmitiem ievainoto piemin\u0113\u0161anai.<\/p>\n<p>Atceres d\u0101rzs \u2013 vieta klusumam un atspulgiem<\/p>\n<p>Pagaidu memori\u0101ls atrodas blakus topo\u0161ajam Zolit\u016bdes tra\u0123\u0113dijas piemi\u0146as vietas d\u0101rzam, kas tiek veidots, lai sniegtu mier\u012bgu un piem\u0113rotu telpu atceres br\u012b\u017eu notur\u0113\u0161anai. \u0160is piemi\u0146as d\u0101rzs, kas aptver 0,8 hekt\u0101ru lielu teritoriju, ir iecer\u0113ts k\u0101 vieta, kur cietu\u0161ie un boj\u0101g\u0101ju\u0161o tuvinieki var netrauc\u0113ti un klusum\u0101 piemin\u0113t savus m\u012b\u013cotos. D\u0101rza centr\u0101 atrad\u012bsies Klusuma pakalns, ko veidos \u0137ir\u0161u koku st\u0101d\u012bjumi. T\u0101pat iecer\u0113ts izveidot seklu, apa\u013cas formas \u016bdens spoguli, kur\u0101 atsp\u012bd\u0113s debesis, simboliz\u0113jot m\u016b\u017e\u012bbu un atspulgu. \u016adens spogu\u013ca apdare b\u016bs no pul\u0113ta ner\u016bs\u0113jo\u0161\u0101 t\u0113rauda, lai nodro\u0161in\u0101tu atstarojo\u0161\u0101s \u012bpa\u0161\u012bbas ar\u012b ziemas m\u0113ne\u0161os. Savuk\u0101rt atceres d\u0101rza telp\u0101 tiks izvietotas 54 da\u017e\u0101da izm\u0113ra pul\u0113ta ner\u016bs\u0113jo\u0161\u0101 t\u0113rauda sf\u0113ras, kuras simboliz\u0113s katru no tra\u0123\u0113dij\u0101 boj\u0101 g\u0101ju\u0161ajiem.<\/p>\n<p>Tra\u0123\u0113dijas izmekl\u0113\u0161ana un tiesu process<\/p>\n<p>Atg\u0101din\u0101m, ka tra\u0123\u0113dija notika nepareiza slodzes apr\u0113\u0137ina d\u0113\u013c uz jumta konstrukcij\u0101m, k\u0101 secin\u0101ju\u0161i b\u016bvniec\u012bbas eksperti. \u0160\u012b bais\u0101 nelaime ir atst\u0101jusi ne tikai fiziskas, bet ar\u012b dzi\u013cas emocion\u0101las un juridiskas sekas. Lai gan pag\u0101ju\u0161i divpadsmit gadi, krimin\u0101llieta par Zolit\u016bdes tra\u0123\u0113diju joproj\u0101m turpin\u0101s. L\u012bdz \u0161im divas pirm\u0101s instances tiesas ir atzinu\u0161as par vain\u012bgu tikai b\u016bves in\u017eenieri Ivaru Sergetu. Pirm\u0101s instances tiesa vi\u0146am piesprieda se\u0161u gadu cietumsodu, bet apel\u0101cijas instances tiesa sodu palielin\u0101ja par se\u0161iem m\u0113ne\u0161iem, k\u0101 ar\u012b noteica mor\u0101l\u0101 kait\u0113juma kompens\u0101cijas piedzi\u0146u 5,5 miljonu eiro apm\u0113r\u0101 un aizliegumu piecus gadus str\u0101d\u0101t profesij\u0101. Tom\u0113r Augst\u0101k\u0101 tiesa atc\u0113la R\u012bgas apgabaltiesas spriedumu da\u013c\u0101 par Sergeta noties\u0101\u0161anu, nor\u0101dot, ka atsevi\u0161\u0137i apst\u0101k\u013ci no aps\u016bdz\u012bbas izsl\u0113gti bez pamatojuma. R\u012bgas apgabaltiesa pl\u0101no turpin\u0101t izskat\u012bt \u0161o sare\u017e\u0123\u012bto krimin\u0101llietu, un \u0161aj\u0101 gad\u0101 paredz\u0113tas ar\u012b eksperta liec\u012bbas ties\u0101.<\/p>\n<p>Kop\u012bgais sirds\u0113sts un n\u0101kotnes dro\u0161\u012bba<\/p>\n<p>Zolit\u016bdes tra\u0123\u0113dija ir skarba atg\u0101din\u0101jums par to, cik svar\u012bgi ir iev\u0113rot dro\u0161\u012bbas standartus un b\u016bvniec\u012bbas normat\u012bvus. T\u0101 ir ar\u012b s\u0101p\u012bga pieredze, kas mudina sabiedr\u012bbu vienoties kop\u012bg\u0101 atmi\u0146u un cie\u0146as br\u012bd\u012b. Katru gadu 21. novembr\u012b, kad R\u012bg\u0101 un vis\u0101 Latvij\u0101 tiek piemin\u0113ti boj\u0101g\u0101ju\u0161ie, m\u0113s apliecin\u0101m, ka \u0161\u012bs dz\u012bv\u012bbas nav aizmirstas. \u0160\u012b piemi\u0146a kalpo k\u0101 aicin\u0101jums uz past\u0101v\u012bgu modr\u012bbu, lai \u0161\u0101das tra\u0123\u0113dijas vairs neatk\u0101rtotos, un lai sabiedr\u012bbas dro\u0161\u012bba vienm\u0113r b\u016btu pirmaj\u0101 viet\u0101.<\/p>\n","protected":false},"excerpt":{"rendered":"Atcere par Zolit\u016bdes tra\u0123\u0113dijas upuriem R\u012bg\u0101 \u0161odien, piektdien, 21. novembr\u012b, notiks piemi\u0146as pas\u0101kumi, lai godin\u0101tu tos, kuri pirms&hellip;\n","protected":false},"author":2,"featured_media":56739,"comment_status":"","ping_status":"","sticky":false,"template":"","format":"standard","meta":{"footnotes":""},"categories":[5],"tags":[23,15242,28,29,32,33,22,30,31,35,39,38,36,37,34,40,20,8088,26,27,172,24,25,15328,21,15241],"class_list":{"0":"post-56738","1":"post","2":"type-post","3":"status-publish","4":"format-standard","5":"has-post-thumbnail","7":"category-aktualitates","8":"tag-aktualitates","9":"tag-atceres-darzs","10":"tag-breaking-news","11":"tag-breakingnews","12":"tag-featured-news","13":"tag-featurednews","14":"tag-headlines","15":"tag-latest-news","16":"tag-latestnews","17":"tag-latvia","18":"tag-latvian","19":"tag-latviesu","20":"tag-latviesu-valoda","21":"tag-latviesuvaloda","22":"tag-latvija","23":"tag-lv","24":"tag-news","25":"tag-pieminas-pasakums","26":"tag-popularakas-zinas","27":"tag-popularakaszinas","28":"tag-riga","29":"tag-top-stories","30":"tag-topstories","31":"tag-upuri","32":"tag-zinas","33":"tag-zolitudes-tragedija"},"share_on_mastodon":{"url":"https:\/\/pubeurope.com\/@lv\/115598976831769372","error":""},"_links":{"self":[{"href":"https:\/\/www.europesays.com\/lv\/wp-json\/wp\/v2\/posts\/56738","targetHints":{"allow":["GET"]}}],"collection":[{"href":"https:\/\/www.europesays.com\/lv\/wp-json\/wp\/v2\/posts"}],"about":[{"href":"https:\/\/www.europesays.com\/lv\/wp-json\/wp\/v2\/types\/post"}],"author":[{"embeddable":true,"href":"https:\/\/www.europesays.com\/lv\/wp-json\/wp\/v2\/users\/2"}],"replies":[{"embeddable":true,"href":"https:\/\/www.europesays.com\/lv\/wp-json\/wp\/v2\/comments?post=56738"}],"version-history":[{"count":0,"href":"https:\/\/www.europesays.com\/lv\/wp-json\/wp\/v2\/posts\/56738\/revisions"}],"wp:featuredmedia":[{"embeddable":true,"href":"https:\/\/www.europesays.com\/lv\/wp-json\/wp\/v2\/media\/56739"}],"wp:attachment":[{"href":"https:\/\/www.europesays.com\/lv\/wp-json\/wp\/v2\/media?parent=56738"}],"wp:term":[{"taxonomy":"category","embeddable":true,"href":"https:\/\/www.europesays.com\/lv\/wp-json\/wp\/v2\/categories?post=56738"},{"taxonomy":"post_tag","embeddable":true,"href":"https:\/\/www.europesays.com\/lv\/wp-json\/wp\/v2\/tags?post=56738"}],"curies":[{"name":"wp","href":"https:\/\/api.w.org\/{rel}","templated":true}]}}