{"id":56742,"date":"2025-11-23T12:31:15","date_gmt":"2025-11-23T12:31:15","guid":{"rendered":"https:\/\/www.europesays.com\/lv\/56742\/"},"modified":"2025-11-23T12:31:15","modified_gmt":"2025-11-23T12:31:15","slug":"ukrainu-repa-zvaigzne-t-fest-sniegs-grandiozu-koncertu-riga-2026-gada-lente-lv-2","status":"publish","type":"post","link":"https:\/\/www.europesays.com\/lv\/56742\/","title":{"rendered":"Ukrai\u0146u repa zvaigzne T-Fest sniegs grandiozu koncertu R\u012bg\u0101 2026. gad\u0101\u00a0\u2014\u00a0Lente.lv"},"content":{"rendered":"<p>Ukrai\u0146u repa zvaigzne T-Fest R\u012bg\u0101 sniegs v\u0113rien\u012bgu lielkoncertu 2026. gad\u0101<\/p>\n<p>Tuv\u0101kaj\u0101 gad\u0101, 2026. gada 5. septembr\u012b, R\u012bgas \u201cBTA Daugava\u201d stadion\u0101 notiks patiesi iespaid\u012bgs muzik\u0101ls notikums \u2013 uzst\u0101sies popul\u0101rais ukrai\u0146u reperis un talant\u012bgais dziesmu autors T-Fest. \u0160is gaid\u0101mais koncerts ir ne tikai pirm\u0101, bet ar\u012b vien\u012bg\u0101 T-Fest paredz\u0113t\u0101 stadionu uzst\u0101\u0161an\u0101s vis\u0101 Eirop\u0101, solot neaizmirstamu pieredzi gan Latvijas, gan citu valstu faniem. <\/p>\n<p>Muzik\u0101l\u0101s karjeras spo\u017eums un sasniegumi<\/p>\n<p>Kirils \u201cT-Fest\u201d Nezboreckis, kur\u0161 n\u0101k no Ukrainas pils\u0113tas \u010cer\u0146ivciem, ir iekarojis hiphopa un trap m\u016bzikas pasauli ar savu unik\u0101lo stilu un sp\u0113c\u012bgajiem ritmiem. Vi\u0146a m\u016bzikas karjera ir bijusi dinamiska un bag\u0101ta ar sasniegumiem kop\u0161 debijas albuma \u201c0372\u201d izdo\u0161anas 2017. gad\u0101, kas vi\u0146am atnesa pla\u0161u atpaz\u012bstam\u012bbu. T-Fest ir izdevis se\u0161us studijas albumus un desmitiem singlu, apliecinot savu nep\u0101rtraukto rado\u0161o darb\u012bbu un att\u012bst\u012bbu m\u016bzik\u0101. Vi\u0146a dziesmas, kas bie\u017ei vien ir dzi\u013ci personiskas un atspogu\u013co dz\u012bves pieredzi, sp\u0113j dzi\u013ci rezon\u0113t ar klaus\u012bt\u0101jiem, radot sp\u0113c\u012bgu emocion\u0101lo saikni. M\u0101kslinieka sp\u0113ja apvienot da\u017e\u0101dus m\u016bzikas \u017eanrus, radot gan ener\u0123iskus, gan melodiskus ska\u0146darbus, ir viens no vi\u0146a at\u0161\u0137ir\u012bgajiem talantiem. T-Fest jaun\u0101kais albums \u201cThe Europe Tapes\u201d tika izdots 2025. gad\u0101, demonstr\u0113jot vi\u0146a nep\u0101rtraukto m\u0101ksliniecisko izaugsmi.<\/p>\n<p>Koncerta unikalit\u0101te un pied\u0101v\u0101jums<\/p>\n<p>R\u012bgas koncerts sol\u0101s b\u016bt patiesi grandiozs, apvienojot le\u0123end\u0101rus T-Fest hitus ar ekskluz\u012bv\u0101m \u201clive\u201d aran\u017eij\u0101m un jaunu dziesmu pirmatska\u0146ojumiem. Paredzams, ka uz skatuves T-Fest pievienosies ar\u012b dz\u012bvais m\u016bzikas sast\u0101vs, kas garant\u0113s \u012bpa\u0161i ener\u0123isku un autentisku uzst\u0101\u0161anos. T\u0101 k\u0101 \u0161is b\u016bs vien\u012bgais \u0161\u0101da m\u0113roga pas\u0101kums Eirop\u0101, tiek sagaid\u012bts liels skaits fanu no da\u017e\u0101d\u0101m pasaules valst\u012bm, pat organiz\u0113jot speci\u0101lus avioreisus, lai nodro\u0161in\u0101tu iesp\u0113ju visiem interesentiem nok\u013c\u016bt pas\u0101kum\u0101.<\/p>\n<p>Tiem, kas v\u0113las izbaud\u012bt koncertu v\u0113l \u012bpa\u0161\u0101k\u0101 gaisotn\u0113, ir pieejami ar\u012b \u201cLUX\u201d bi\u013ce\u0161u komplekti, kas pied\u0101v\u0101 virkni ekskluz\u012bvu priek\u0161roc\u012bbu. \u0160\u012bs bi\u013cetes nodro\u0161ina \u0101tr\u0101ku ieeju, person\u012bgo apsardzi, VIP st\u0101vvietu, privil\u0113\u0123ijas centr\u0101laj\u0101s trib\u012bn\u0113s ar vislab\u0101ko skatu uz skatuvju, k\u0101 ar\u012b pieeju \u201call-inclusive\u201d VIP b\u0101ram, kur\u0101 pieejami dz\u0113rieni bez papildu maksas. Papildus tam, \u201cLUX\u201d bi\u013cetes \u012bpa\u0161niekiem b\u016bs pieejams person\u012bgais asistents, kas pal\u012bdz\u0113s ar jebkuriem jaut\u0101jumiem un nodro\u0161in\u0101s komfortablu pieredzi pas\u0101kuma laik\u0101, k\u0101 ar\u012b piek\u013cuve fanu zonai tie\u0161i pie skatuves, lai ieg\u016btu visspilgt\u0101ko koncerta pieredzi. Ieg\u0101d\u0101joties \u201cLUX\u201d komplektu, klienti sa\u0146ems ar\u012b ekskluz\u012bvu m\u0101kslinieka \u201cmerch\u201d komplektu, ieskaitot t-kreklus, plak\u0101tus vai parakst\u012btas lietas.<\/p>\n<p>Praktiska inform\u0101cija faniem<\/p>\n<p>Koncerts notiks \u201cBTA Daugava\u201d stadion\u0101 2026. gada 5. septembr\u012b, un pas\u0101kuma s\u0101kums pl\u0101nots plkst. 19:00. Vecuma ierobe\u017eojums pas\u0101kumam ir noteikts no 6 gadu vecuma, savuk\u0101rt jaunie\u0161i l\u012bdz 14 gadu vecumam pas\u0101kumu dr\u012bkst apmekl\u0113t tikai pieaugu\u0161o pavad\u012bb\u0101, un pie ieejas var tikt piepras\u012bts vecumu apliecino\u0161s dokuments. Bi\u013ce\u0161u cen\u0101m tiks piem\u0113rota apkalpo\u0161anas maksa un a\u0123enta maksa.<\/p>\n","protected":false},"excerpt":{"rendered":"Ukrai\u0146u repa zvaigzne T-Fest R\u012bg\u0101 sniegs v\u0113rien\u012bgu lielkoncertu 2026. gad\u0101 Tuv\u0101kaj\u0101 gad\u0101, 2026. gada 5. septembr\u012b, R\u012bgas \u201cBTA&hellip;\n","protected":false},"author":2,"featured_media":56743,"comment_status":"","ping_status":"","sticky":false,"template":"","format":"standard","meta":{"footnotes":""},"categories":[19],"tags":[15182,15181,89,90,656,35,39,38,36,37,34,40,15179,15180],"class_list":{"0":"post-56742","1":"post","2":"type-post","3":"status-publish","4":"format-standard","5":"has-post-thumbnail","7":"category-izklaide","8":"tag-2026-gada-muzikas-pasakumi","9":"tag-bta-daugava-stadions","10":"tag-entertainment","11":"tag-izklaide","12":"tag-koncerts-riga","13":"tag-latvia","14":"tag-latvian","15":"tag-latviesu","16":"tag-latviesu-valoda","17":"tag-latviesuvaloda","18":"tag-latvija","19":"tag-lv","20":"tag-t-fest","21":"tag-ukrainu-repa-makslinieks"},"share_on_mastodon":{"url":"https:\/\/pubeurope.com\/@lv\/115599027950446693","error":""},"_links":{"self":[{"href":"https:\/\/www.europesays.com\/lv\/wp-json\/wp\/v2\/posts\/56742","targetHints":{"allow":["GET"]}}],"collection":[{"href":"https:\/\/www.europesays.com\/lv\/wp-json\/wp\/v2\/posts"}],"about":[{"href":"https:\/\/www.europesays.com\/lv\/wp-json\/wp\/v2\/types\/post"}],"author":[{"embeddable":true,"href":"https:\/\/www.europesays.com\/lv\/wp-json\/wp\/v2\/users\/2"}],"replies":[{"embeddable":true,"href":"https:\/\/www.europesays.com\/lv\/wp-json\/wp\/v2\/comments?post=56742"}],"version-history":[{"count":0,"href":"https:\/\/www.europesays.com\/lv\/wp-json\/wp\/v2\/posts\/56742\/revisions"}],"wp:featuredmedia":[{"embeddable":true,"href":"https:\/\/www.europesays.com\/lv\/wp-json\/wp\/v2\/media\/56743"}],"wp:attachment":[{"href":"https:\/\/www.europesays.com\/lv\/wp-json\/wp\/v2\/media?parent=56742"}],"wp:term":[{"taxonomy":"category","embeddable":true,"href":"https:\/\/www.europesays.com\/lv\/wp-json\/wp\/v2\/categories?post=56742"},{"taxonomy":"post_tag","embeddable":true,"href":"https:\/\/www.europesays.com\/lv\/wp-json\/wp\/v2\/tags?post=56742"}],"curies":[{"name":"wp","href":"https:\/\/api.w.org\/{rel}","templated":true}]}}