{"id":56762,"date":"2025-11-23T13:13:09","date_gmt":"2025-11-23T13:13:09","guid":{"rendered":"https:\/\/www.europesays.com\/lv\/56762\/"},"modified":"2025-11-23T13:13:09","modified_gmt":"2025-11-23T13:13:09","slug":"jauna-intervija-megana-markla-atklati-stasta-kadas-ir-vinas-si-briza-attiecibas-ar-princi-hariju","status":"publish","type":"post","link":"https:\/\/www.europesays.com\/lv\/56762\/","title":{"rendered":"Jaun\u0101 intervij\u0101 Megana M\u0101rkla atkl\u0101ti st\u0101sta, k\u0101das ir vi\u0146as \u0161\u012b br\u012b\u017ea attiec\u012bbas ar princi Hariju"},"content":{"rendered":"<p>Meghana M\u0101rkla, k\u013cuvusi par jaun\u0101ko \u017eurn\u0101la \u201cHarper\u2019s Bazaar\u201d&#13;<br \/>\nv\u0101ka zvaigzni, sniegusi interviju, kur\u0101 pla\u0161i run\u0101 par v\u012bru princi Hariju un&#13;<br \/>\nvi\u0146a noz\u012bmi sav\u0101 dz\u012bv\u0113. Vi\u0146a uzsver, ka Harijs esot cilv\u0113ks, kur\u0161 m\u012blot vi\u0146u&#13;<br \/>\n\u201cvispiln\u012bg\u0101k un visdro\u0161\u0101k\u201d, un tie\u0161i \u0161\u012b p\u0101rliec\u012bba \u013caujot vi\u0146ai st\u0101ties pret\u012b&#13;<br \/>\nkritikai un veidot n\u0101kamos karjeras posmus ar liel\u0101ku dro\u0161sird\u012bbu. \u017durn\u0101liste&#13;<br \/>\nKeitlina Grinid\u017ea apraksta, ka, st\u0101stot par Hariju, Megana noliek roku pie&#13;<br \/>\nsirds un redzami aizkustina pati sevi, uzsverot vi\u0146a rota\u013c\u012bgo raksturu un sp\u0113ju&#13;<br \/>\nsaglab\u0101t b\u0113rni\u0161\u0137\u012bgu br\u012bnuma saj\u016btu ikdien\u0101.<\/p>\n<p>Intervij\u0101 Megana atkl\u0101j, ka Harijs pal\u012bdz\u0113jis vi\u0146ai atg\u016bt&#13;<br \/>\nvieglumu, kas bie\u017ei z\u016bd zem publisk\u0101s uzman\u012bbas spiediena. Vi\u0146a st\u0101sta, ka&#13;<br \/>\nprincis vienm\u0113r esot pirm\u0101 persona, kas nost\u0101jas vi\u0146ai aiz muguras un pasarg\u0101&#13;<br \/>\nno \u0101r\u0113j\u0101 trok\u0161\u0146a un mediju spiediena. Megana \u012bpa\u0161i izce\u013c, ka Harija perspekt\u012bva&#13;<br \/>\ndaudzos jaut\u0101jumos at\u0161\u0137iras no vi\u0146as &#8211; vi\u0146\u0161 saskatot br\u012bdi, kad nepiecie\u0161ams&#13;<br \/>\natk\u0101pties, un vienm\u0113r mudinot uz rado\u0161umu un rota\u013c\u012bgumu, ko vi\u0146a tagad cen\u0161as&#13;<br \/>\niedz\u012bvin\u0101t ar\u012b darb\u0101 un \u0123imenes dz\u012bv\u0113.<\/p>\n<p>Liela intervijas da\u013ca velt\u012bta vi\u0146u kop\u012bgajai dz\u012bvei&#13;<br \/>\nMontecito, kur Megana run\u0101 ar\u012b par b\u0113rniem Ar\u010diju un Lilibetu, un v\u0113rt\u012bb\u0101m, ko&#13;<br \/>\nvi\u0146i apg\u016bst, v\u0113rojot vec\u0101ku darbu. Vi\u0146a st\u0101sta par iev\u0101r\u012bjuma v\u0101r\u012b\u0161anu sava \u201cAs&#13;<br \/>\nEver\u201d z\u012bmola vajadz\u012bb\u0101m, sakot, ka tas esot piem\u0113rs drosmei un rado\u0161umam, ko&#13;<br \/>\nvi\u0146a v\u0113loties nodot b\u0113rniem: \u201cVi\u0146i redz\u0113ja, k\u0101 tas s\u0101k\u0101s &#8211; tikai katls, kas&#13;<br \/>\nburbu\u013co uz pl\u012bts.\u201d Megana apgalvo, ka v\u0113las, lai b\u0113rni iem\u0101c\u0101s nebaid\u012bties no&#13;<br \/>\nk\u013c\u016bd\u0101m un saprot, ka pieaugot cilv\u0113ki bie\u017ei zaud\u0113jot jaun\u012bbas bezbail\u012bbu.<\/p>\n<p>Rakst\u0101 iek\u013cauti ar\u012b vair\u0101ku Meganas draugu komplimenti,&#13;<br \/>\ntostarp amerik\u0101\u0146u tenisistes Ser\u0113nas Viljamsas apgalvojums, ka hercogiene esot&#13;<br \/>\n\u201cneticami gudra\u201d, k\u0101 ar\u012b producentu viedok\u013ci par vi\u0146as sp\u0113ju prec\u012bzi kontrol\u0113t&#13;<br \/>\nsavu publisko t\u0113lu. Viens no Opras Vinfrijas komandas vad\u012bt\u0101jiem uzsver, ka&#13;<br \/>\nMegana labi izprotot savu balsi un vienm\u0113r cen\u0161oties par\u0101d\u012bt sevi patiesi,&#13;<br \/>\nneskatoties uz \u0101r\u0113jo kritiku vai spiedienu, kas pavada vi\u0146as biznesu.<\/p>\n<p>Intervijas nosl\u0113gum\u0101 Megana run\u0101 par savu v\u0113lmi vienlaikus&#13;<br \/>\nb\u016bt gan m\u0101tei, gan uz\u0146\u0113m\u0113jai un atz\u012bst, ka k\u013c\u016bdas esot neizb\u0113gamas un pat&#13;<br \/>\nvajadz\u012bgas, lai augtu. Vi\u0146a saka, ka, glu\u017ei t\u0101pat k\u0101 saviem b\u0113rniem, ar\u012b sev&#13;<br \/>\natg\u0101dina &#8211; \u0161\u0137ietami gr\u016bti br\u012b\u017ei ar laiku k\u013c\u016bst viegl\u0101ki. \u0160\u012b pieeja pal\u012bdzot&#13;<br \/>\nvi\u0146ai gan \u201cAs Ever\u201d z\u012bmola att\u012bst\u012bb\u0101, gan ikdienas dz\u012bv\u0113 starp \u0123imenes r\u016bp\u0113m un&#13;<br \/>\nsabiedr\u012bbas uzman\u012bbu.<\/p>\n<p>Lasi ar\u012b:<\/p>\n<p>&#13;<br \/>\n&#13;<br \/>\n<a target=\"_blank\" href=\"https:\/\/www.1188.lv\/zinas\/kas-kopigs-aleksandrai-kurusovai-un-princa-harija-sievai-meganai-marklai\/57528\" rel=\"nofollow noopener\">Kas kop\u012bgs Aleksandrai Kurusovai un prin\u010da Harija sievai Meganai M\u0101rklai?<\/a>&#13;<br \/>\n&#13;<br \/>\n<\/p>\n<p>&#13;<br \/>\n&#13;<br \/>\n<a target=\"_blank\" href=\"https:\/\/www.1188.lv\/zinas\/skandals-pec-skandala-meganu-marklu-kritize-par-video-no-dianas-bojaejas-vietas-un-neveiklo-skupstu-ar-dizaineru\/55692\" rel=\"nofollow noopener\">Skand\u0101ls p\u0113c skand\u0101la \u2013 Meganu M\u0101rklu kritiz\u0113 par video no Di\u0101nas boj\u0101ejas vietas un neveiklo sk\u016bpstu ar dizaineru<\/a>&#13;<br \/>\n&#13;<br \/>\n<\/p>\n<p>&#13;<br \/>\n&#13;<br \/>\n<a target=\"_blank\" href=\"https:\/\/www.1188.lv\/zinas\/megana-markla-atklaj-ka-sev-piedeve-pavisam-citadu-uzvardu-kops-kazam-mani-ta-uzruna\/53676\" rel=\"nofollow noopener\">Megana M\u0101rkla atkl\u0101j, ka sev pied\u0113v\u0113 pavisam cit\u0101du uzv\u0101rdu: &#8220;Kop\u0161 k\u0101z\u0101m mani t\u0101 uzrun\u0101&#8221;<\/a>&#13;<br \/>\n&#13;<br \/>\n<\/p>\n<p>&#13;<br \/>\n&#13;<br \/>\n<a target=\"_blank\" href=\"https:\/\/www.1188.lv\/zinas\/princis-harijs-un-megana-markla-nikni-publiskoti-slepenas-tiksanas-kadri-ar-karala-parstavjiem\/51356\" rel=\"nofollow noopener\">Princis Harijs un Megana M\u0101rkla nikni \u2013 publiskoti slepen\u0101s tik\u0161an\u0101s kadri ar kara\u013ca p\u0101rst\u0101vjiem<\/a>&#13;<br \/>\n&#13;<br \/>\n<\/p>\n<p><img decoding=\"async\" src=\"https:\/\/www.europesays.com\/lv\/wp-content\/uploads\/2025\/11\/4edad85cb9d94cf0e4b3c3f28a54715e.jpg\" title=\"Megana M\u0101rkla. Foto: TIMOTHY A. CLARY \/ AFP\" alt=\"Megana M\u0101rkla. Foto: TIMOTHY A. CLARY \/ AFP\"\/><\/p>\n<p class=\"article-img-desc\">Megana M\u0101rkla. Foto: TIMOTHY A. CLARY \/ AFP<\/p>\n","protected":false},"excerpt":{"rendered":"Meghana M\u0101rkla, k\u013cuvusi par jaun\u0101ko \u017eurn\u0101la \u201cHarper\u2019s Bazaar\u201d&#13; v\u0101ka zvaigzni, sniegusi interviju, kur\u0101 pla\u0161i run\u0101 par v\u012bru princi&hellip;\n","protected":false},"author":2,"featured_media":56763,"comment_status":"","ping_status":"","sticky":false,"template":"","format":"standard","meta":{"footnotes":""},"categories":[19],"tags":[129,1773,15329,4937,1776,89,90,35,39,38,36,37,34,40,1777,4938,15330,1774,1778,4939,15331,1775],"class_list":{"0":"post-56762","1":"post","2":"type-post","3":"status-publish","4":"format-standard","5":"has-post-thumbnail","7":"category-izklaide","8":"tag-__typenameadvicekeyword","9":"tag-id1061","10":"tag-id1072","11":"tag-id1073","12":"tag-id1173","13":"tag-entertainment","14":"tag-izklaide","15":"tag-latvia","16":"tag-latvian","17":"tag-latviesu","18":"tag-latviesu-valoda","19":"tag-latviesuvaloda","20":"tag-latvija","21":"tag-lv","22":"tag-slugattiecibas","23":"tag-slugmegana-markla","24":"tag-slugprincis-harijs","25":"tag-slugslavenibas","26":"tag-titleattiecibas","27":"tag-titlemegana-markla","28":"tag-titleprincis-harijs","29":"tag-titleslavenibas"},"share_on_mastodon":{"url":"https:\/\/pubeurope.com\/@lv\/115599193206753061","error":""},"_links":{"self":[{"href":"https:\/\/www.europesays.com\/lv\/wp-json\/wp\/v2\/posts\/56762","targetHints":{"allow":["GET"]}}],"collection":[{"href":"https:\/\/www.europesays.com\/lv\/wp-json\/wp\/v2\/posts"}],"about":[{"href":"https:\/\/www.europesays.com\/lv\/wp-json\/wp\/v2\/types\/post"}],"author":[{"embeddable":true,"href":"https:\/\/www.europesays.com\/lv\/wp-json\/wp\/v2\/users\/2"}],"replies":[{"embeddable":true,"href":"https:\/\/www.europesays.com\/lv\/wp-json\/wp\/v2\/comments?post=56762"}],"version-history":[{"count":0,"href":"https:\/\/www.europesays.com\/lv\/wp-json\/wp\/v2\/posts\/56762\/revisions"}],"wp:featuredmedia":[{"embeddable":true,"href":"https:\/\/www.europesays.com\/lv\/wp-json\/wp\/v2\/media\/56763"}],"wp:attachment":[{"href":"https:\/\/www.europesays.com\/lv\/wp-json\/wp\/v2\/media?parent=56762"}],"wp:term":[{"taxonomy":"category","embeddable":true,"href":"https:\/\/www.europesays.com\/lv\/wp-json\/wp\/v2\/categories?post=56762"},{"taxonomy":"post_tag","embeddable":true,"href":"https:\/\/www.europesays.com\/lv\/wp-json\/wp\/v2\/tags?post=56762"}],"curies":[{"name":"wp","href":"https:\/\/api.w.org\/{rel}","templated":true}]}}