{"id":56784,"date":"2025-11-23T13:36:08","date_gmt":"2025-11-23T13:36:08","guid":{"rendered":"https:\/\/www.europesays.com\/lv\/56784\/"},"modified":"2025-11-23T13:36:08","modified_gmt":"2025-11-23T13:36:08","slug":"jelgavas-novada-atrasta-pazudusi-meitenite-lente-lv","status":"publish","type":"post","link":"https:\/\/www.europesays.com\/lv\/56784\/","title":{"rendered":"Jelgavas novad\u0101 atrasta pazudus\u012b meiten\u012bte\u00a0\u2014\u00a0Lente.lv"},"content":{"rendered":"<p>Mekl\u0113\u0161ana nosl\u0113gusies veiksm\u012bgi: Jelgavas novad\u0101 atrasta pazudus\u012b meiten\u012bte<\/p>\n<p>Valsts policija ir beigusi mekl\u0113\u0161anas pas\u0101kumus, jo bezv\u0113sts promb\u016btn\u0113 bijus\u012b 2016. gad\u0101 dzimus\u012b Gabriela Siliniece ir atrasta sveika un vesela. S\u0101kotn\u0113j\u0101 inform\u0101cija liecina, ka meitene izg\u0101ja no savas dz\u012bvesvietas Jelgavas novada Valgundes pagast\u0101 piektdien, 21. novembr\u012b, ap pulksten 16.30.<\/p>\n<p>Satrakums un atvieglojums<\/p>\n<p>Meitenes pazu\u0161ana izrais\u012bja pla\u0161u satraukumu, \u012bpa\u0161i \u0146emot v\u0113r\u0101 vi\u0146as vesel\u012bbas probl\u0113mas. Policija uzs\u0101ka akt\u012bvu mekl\u0113\u0161anu, aicinot ikvienu, kam bija jebk\u0101da inform\u0101cija par Gabrielas iesp\u0113jamo atra\u0161an\u0101s vietu, nekav\u0113joties zi\u0146ot, zvanot uz \u0101rk\u0101rtas t\u0101lru\u0146a numuru 112. \u0160\u0101da situ\u0101cija vienm\u0113r rada lielas ba\u017eas un satraukumu par b\u0113rna dro\u0161\u012bbu, ta\u010du \u0161oreiz beigas ir laim\u012bgas.<\/p>\n<p>Sabiedr\u012bbas un policijas sadarb\u012bba<\/p>\n<p>Veiksm\u012bgajam izn\u0101kumam liel\u0101 m\u0113r\u0101 pal\u012bdz\u0113ja sabiedr\u012bbas atsauc\u012bba un inform\u0101cijas strauj\u0101 izplat\u012b\u0161an\u0101s. Daudzi iedz\u012bvot\u0101ji akt\u012bvi dal\u012bj\u0101s ar mekl\u0113\u0161anas inform\u0101ciju, pal\u012bdzot policijai aptvert pla\u0161\u0101ku teritoriju un sav\u0101kt v\u0113rt\u012bgas liec\u012bbas. Valsts policija izsaka pateic\u012bbu ikvienam, kur\u0161 iesaist\u012bj\u0101s mekl\u0113\u0161anas pas\u0101kumos un sniedza pal\u012bdz\u012bgu roku, uzsverot, ka \u0161\u0101das situ\u0101cijas apliecina cie\u0161as sadarb\u012bbas noz\u012bmi starp iest\u0101d\u0113m un sabiedr\u012bbu dro\u0161\u012bbas nodro\u0161in\u0101\u0161an\u0101.<\/p>\n","protected":false},"excerpt":{"rendered":"Mekl\u0113\u0161ana nosl\u0113gusies veiksm\u012bgi: Jelgavas novad\u0101 atrasta pazudus\u012b meiten\u012bte Valsts policija ir beigusi mekl\u0113\u0161anas pas\u0101kumus, jo bezv\u0113sts promb\u016btn\u0113 bijus\u012b&hellip;\n","protected":false},"author":2,"featured_media":56785,"comment_status":"","ping_status":"","sticky":false,"template":"","format":"standard","meta":{"footnotes":""},"categories":[5],"tags":[23,15339,28,29,32,33,15223,22,15074,30,31,35,39,38,36,37,34,40,20,15075,26,27,24,25,138,21],"class_list":{"0":"post-56784","1":"post","2":"type-post","3":"status-publish","4":"format-standard","5":"has-post-thumbnail","7":"category-aktualitates","8":"tag-aktualitates","9":"tag-atrasta-meitene","10":"tag-breaking-news","11":"tag-breakingnews","12":"tag-featured-news","13":"tag-featurednews","14":"tag-gabriela-siliniece","15":"tag-headlines","16":"tag-jelgavas-novads","17":"tag-latest-news","18":"tag-latestnews","19":"tag-latvia","20":"tag-latvian","21":"tag-latviesu","22":"tag-latviesu-valoda","23":"tag-latviesuvaloda","24":"tag-latvija","25":"tag-lv","26":"tag-news","27":"tag-pazudusi-meitene","28":"tag-popularakas-zinas","29":"tag-popularakaszinas","30":"tag-top-stories","31":"tag-topstories","32":"tag-valsts-policija","33":"tag-zinas"},"share_on_mastodon":{"url":"https:\/\/pubeurope.com\/@lv\/115599283593905955","error":""},"_links":{"self":[{"href":"https:\/\/www.europesays.com\/lv\/wp-json\/wp\/v2\/posts\/56784","targetHints":{"allow":["GET"]}}],"collection":[{"href":"https:\/\/www.europesays.com\/lv\/wp-json\/wp\/v2\/posts"}],"about":[{"href":"https:\/\/www.europesays.com\/lv\/wp-json\/wp\/v2\/types\/post"}],"author":[{"embeddable":true,"href":"https:\/\/www.europesays.com\/lv\/wp-json\/wp\/v2\/users\/2"}],"replies":[{"embeddable":true,"href":"https:\/\/www.europesays.com\/lv\/wp-json\/wp\/v2\/comments?post=56784"}],"version-history":[{"count":0,"href":"https:\/\/www.europesays.com\/lv\/wp-json\/wp\/v2\/posts\/56784\/revisions"}],"wp:featuredmedia":[{"embeddable":true,"href":"https:\/\/www.europesays.com\/lv\/wp-json\/wp\/v2\/media\/56785"}],"wp:attachment":[{"href":"https:\/\/www.europesays.com\/lv\/wp-json\/wp\/v2\/media?parent=56784"}],"wp:term":[{"taxonomy":"category","embeddable":true,"href":"https:\/\/www.europesays.com\/lv\/wp-json\/wp\/v2\/categories?post=56784"},{"taxonomy":"post_tag","embeddable":true,"href":"https:\/\/www.europesays.com\/lv\/wp-json\/wp\/v2\/tags?post=56784"}],"curies":[{"name":"wp","href":"https:\/\/api.w.org\/{rel}","templated":true}]}}