{"id":56794,"date":"2025-11-23T13:54:13","date_gmt":"2025-11-23T13:54:13","guid":{"rendered":"https:\/\/www.europesays.com\/lv\/56794\/"},"modified":"2025-11-23T13:54:13","modified_gmt":"2025-11-23T13:54:13","slug":"germane-pk-slaloma-gurgla-parliecinosi-tiek-uz-otro-braucienu-ziemas-sports-sportacentrs-com","status":"publish","type":"post","link":"https:\/\/www.europesays.com\/lv\/56794\/","title":{"rendered":"\u0122\u0113rmane PK slalom\u0101 Gurgl\u0101 p\u0101rliecino\u0161i tiek uz otro braucienu \u2013 Ziemas sports \u2013 Sportacentrs.com"},"content":{"rendered":"<p>\u0160aj\u0101 ned\u0113\u013cas nogal\u0113 Gurgl\u0101 (Austrija) norisin\u0101s Pasaules kausa posms kalnu sl\u0113po\u0161an\u0101, kur v\u012brie\u0161i un sievietes t\u0101pat k\u0101 pirms ned\u0113\u013cas Levi sacen\u0161as slalom\u0101. <a href=\"https:\/\/sportacentrs.com\/ziemas_sports\/sleposana\/22112025-francuzis_rassa_tiek_pie_pirmas_uzvaras_p\" target=\"_self\" rel=\"nofollow noopener\">V\u012brie\u0161i sacent\u0101s vakar, kad \u013coti bl\u012bvajos rezult\u0101tos p\u0101rsteigumu sar\u016bp\u0113ja un pirmo<\/a> reizi trijniek\u0101 iek\u013cuva pirmo divu vietu ieguv\u0113ji \u2013 Mass\u0101 no Francijas un Mar\u0161\u0101ns no Be\u013c\u0123ijas.<\/p>\n<p>Sievie\u0161u konkurenc\u0113 \u0161odien uz starta atkal izg\u0101ja abas latvietes \u2013 D\u017eenifera \u0122\u0113rmane un Liene Bondare. 22 gadus vec\u0101 D\u017eenifera sezonu ies\u0101ka ar 21. vietu Levi, atk\u0101rtojot pag\u0101ju\u0161\u0101s sezonas s\u0101kumu turpat Somijas kalnu sl\u0113po\u0161anas centr\u0101. Savuk\u0101rt Bondare uzr\u0101d\u012bja pirmaj\u0101 braucien\u0101 68.laiku, no tr\u012bsdesmitnieka vi\u0146u \u0161\u0137irot nedaudz vair\u0101k nek\u0101 trij\u0101m sekund\u0113m.<\/p>\n<p>\u0160odien \u201c\u201dApex2100\u201d komandas p\u0101rst\u0101ve no Latvijas, start\u0113jot ar 26.numuru, atkal \u013coti labi ies\u0101ka, pirmaj\u0101 starpfini\u0161\u0101 nosl\u0113dzot lab\u0101ko desmitnieku, bet p\u0113c tam s\u0101ka da\u017eas poz\u012bcijas atkrist, fini\u0161\u0101 uz to br\u012bdi uzr\u0101dot 16.laiku no 22 fini\u0161\u0113ju\u0161\u0101m. N\u0101kam\u0101 dal\u012bbniece, m\u0101jiniece Katar\u012bna Galh\u016bbere, kura pirms septi\u0146iem gadiem olimpiskaj\u0101s sp\u0113l\u0113s Phjon\u010dha\u0146\u0101 izc\u012bn\u012bja slalom\u0101 bronzu, nobrauca par ceturtda\u013csekundi \u0101tr\u0101k, nob\u012bdot D\u017eeniferu uz 17.poz\u012bciju, ta\u010du tik\u0161ana uz otro braucienu jeb iek\u013c\u016b\u0161ana tr\u012bsdesmitniek\u0101 \u0161oreiz \u0161\u0137ita daudz stabil\u0101ka. V\u0113k\u0101k tikai jap\u0101niete Aso Anda uzlaboja latvietes rezult\u0101tu l\u012bdz ar to \u0122\u0113rmane ar 18.laiku p\u0101rliecino\u0161i tika uz otro braucienu.<\/p>\n<p>Liene Bondare ies\u0101ka ar 44.laiku un var\u0113ja sasniegt savu lab\u0101ko rezult\u0101tu PK posmos pirmaj\u0101 braucien\u0101, ta\u010du turpin\u0101jum\u0101 k\u013c\u016bd\u012bj\u0101s un nefini\u0161\u0113ja.<\/p>\n<p>T\u0101pat k\u0101 Levi, tikai ne ar tik lielu p\u0101rsvaru, p\u0113c pirm\u0101 brauciena vad\u012bb\u0101 izvirz\u012bjusies Mika\u0113la \u0160ifrina. P\u0113c p\u0113d\u0113j\u0101 starpfini\u0161a vi\u0146a l\u012bdz piecu simtda\u013cu att\u0101luma pietuvoj\u0101s Kamilla Rasta, ta\u010du p\u0113d\u0113jais nogrieznis pag\u0101ju\u0161\u0101s sezonas augsto rezult\u0101tu uzr\u0101d\u012bt\u0101jai no \u0160veices tom\u0113r nebija tik sekm\u012bgs, l\u012bdz ar to \u0160ifrina var\u0113ja uzelpot. Tuvu bija ar\u012b Levi otr\u0101s vietas ieguv\u0113ja Lara Kolturi no Alb\u0101nijas, tom\u0113r 19 gadus jaun\u0101 kalnu sl\u0113pot\u0101ja beig\u0101s uzr\u0101d\u012bja otro laiku.<\/p>\n<p>Ja Levi tuv\u0101k\u0101 s\u0101ncense bija nedaudz virs sekundes aiz \u0160ifrinas, tad tagad n\u0101kam\u0101s tr\u012bs ietilpst pussekund\u0113, solot tom\u0113r aizraujo\u0161\u0101ku c\u012b\u0146u par uzvaru nek\u0101 pirms ned\u0113\u013cas.<\/p>\n<p>Pasaules kausa posms kalnu sl\u0113po\u0161an\u0101, slaloms sieviet\u0113m, 1.brauciens, Gurgla (Austrija), 65 dal\u012bbnieces<\/p>\n<tr>V.SportisteValstsRezult\u0101ts<\/tr>\n<tr class=\"even\">\n<td>1.<\/td>\n<td>Mika\u0113la \u0160ifrina<\/td>\n<td>ASV<\/td>\n<td class=\"ralign\">54.22<\/td>\n<\/tr>\n<tr class=\"odd\">\n<td>2.<\/td>\n<td>Lara Kolturi<\/td>\n<td>Alb\u0101nija<\/td>\n<td class=\"ralign\">+0.31<\/td>\n<\/tr>\n<tr class=\"even\">\n<td>3.<\/td>\n<td>Kamilla Rasta<\/td>\n<td>\u0160veice<\/td>\n<td class=\"ralign\">+0.48<\/td>\n<\/tr>\n<tr class=\"odd\">\n<td>3.<\/td>\n<td>Vendija Holdenere<\/td>\n<td>\u0160veice<\/td>\n<td class=\"ralign\">+0.48<\/td>\n<\/tr>\n<tr class=\"even\">\n<td>5.<\/td>\n<td>L\u0113na D\u012bra<\/td>\n<td>V\u0101cija<\/td>\n<td class=\"ralign\">+0.75<\/td>\n<\/tr>\n<tr class=\"odd\">\n<td>6.<\/td>\n<td>Paula Molcana<\/td>\n<td>ASV<\/td>\n<td class=\"ralign\">+1.02<\/td>\n<\/tr>\n<tr class=\"even\">\n<td>18.<\/td>\n<td>D\u017eenifera \u0122\u0113rmane<\/td>\n<td>Latvija<\/td>\n<td class=\"ralign\">+2.71<\/td>\n<\/tr>\n<tr class=\"odd\">\n<td>&#8230;.<\/td>\n<td>Liene Bondare<\/td>\n<td>Latvija<\/td>\n<td class=\"ralign\">DNF<\/td>\n<\/tr>\n","protected":false},"excerpt":{"rendered":"\u0160aj\u0101 ned\u0113\u013cas nogal\u0113 Gurgl\u0101 (Austrija) norisin\u0101s Pasaules kausa posms kalnu sl\u0113po\u0161an\u0101, kur v\u012brie\u0161i un sievietes t\u0101pat k\u0101 pirms&hellip;\n","protected":false},"author":2,"featured_media":56795,"comment_status":"","ping_status":"","sticky":false,"template":"","format":"standard","meta":{"footnotes":""},"categories":[5],"tags":[23,28,29,32,33,22,30,31,35,39,38,36,37,34,40,20,26,27,24,25,620,21],"class_list":{"0":"post-56794","1":"post","2":"type-post","3":"status-publish","4":"format-standard","5":"has-post-thumbnail","7":"category-aktualitates","8":"tag-aktualitates","9":"tag-breaking-news","10":"tag-breakingnews","11":"tag-featured-news","12":"tag-featurednews","13":"tag-headlines","14":"tag-latest-news","15":"tag-latestnews","16":"tag-latvia","17":"tag-latvian","18":"tag-latviesu","19":"tag-latviesu-valoda","20":"tag-latviesuvaloda","21":"tag-latvija","22":"tag-lv","23":"tag-news","24":"tag-popularakas-zinas","25":"tag-popularakaszinas","26":"tag-top-stories","27":"tag-topstories","28":"tag-ziemas-sports","29":"tag-zinas"},"share_on_mastodon":{"url":"https:\/\/pubeurope.com\/@lv\/115599354321889813","error":""},"_links":{"self":[{"href":"https:\/\/www.europesays.com\/lv\/wp-json\/wp\/v2\/posts\/56794","targetHints":{"allow":["GET"]}}],"collection":[{"href":"https:\/\/www.europesays.com\/lv\/wp-json\/wp\/v2\/posts"}],"about":[{"href":"https:\/\/www.europesays.com\/lv\/wp-json\/wp\/v2\/types\/post"}],"author":[{"embeddable":true,"href":"https:\/\/www.europesays.com\/lv\/wp-json\/wp\/v2\/users\/2"}],"replies":[{"embeddable":true,"href":"https:\/\/www.europesays.com\/lv\/wp-json\/wp\/v2\/comments?post=56794"}],"version-history":[{"count":0,"href":"https:\/\/www.europesays.com\/lv\/wp-json\/wp\/v2\/posts\/56794\/revisions"}],"wp:featuredmedia":[{"embeddable":true,"href":"https:\/\/www.europesays.com\/lv\/wp-json\/wp\/v2\/media\/56795"}],"wp:attachment":[{"href":"https:\/\/www.europesays.com\/lv\/wp-json\/wp\/v2\/media?parent=56794"}],"wp:term":[{"taxonomy":"category","embeddable":true,"href":"https:\/\/www.europesays.com\/lv\/wp-json\/wp\/v2\/categories?post=56794"},{"taxonomy":"post_tag","embeddable":true,"href":"https:\/\/www.europesays.com\/lv\/wp-json\/wp\/v2\/tags?post=56794"}],"curies":[{"name":"wp","href":"https:\/\/api.w.org\/{rel}","templated":true}]}}