{"id":56811,"date":"2025-11-23T14:42:18","date_gmt":"2025-11-23T14:42:18","guid":{"rendered":"https:\/\/www.europesays.com\/lv\/56811\/"},"modified":"2025-11-23T14:42:18","modified_gmt":"2025-11-23T14:42:18","slug":"klimata-sarunas-brazilija-panakta-vienosanas-par-finansialu-atbalstu-bet-bez-fosilo-kurinamo-izbeigsanas-plana-lente-lv","status":"publish","type":"post","link":"https:\/\/www.europesays.com\/lv\/56811\/","title":{"rendered":"Klimata sarun\u0101s Braz\u012blij\u0101 pan\u0101kta vieno\u0161an\u0101s par finansi\u0101lu atbalstu, bet bez fosilo kurin\u0101mo izbeig\u0161anas pl\u0101na\u00a0\u2014\u00a0Lente.lv"},"content":{"rendered":"<p>Klimata sarunas Braz\u012blij\u0101: Cer\u012bbu stari un fosilo kurin\u0101mo \u0113na<\/p>\n<p>Apvienoto N\u0101ciju Organiz\u0101cijas klimata sarun\u0101s, kas nesen notika Braz\u012blij\u0101, ir pan\u0101kta visai pietic\u012bga vieno\u0161an\u0101s. \u0160is solis paredz palielin\u0101t finansi\u0101lo atbalstu valst\u012bm, kuras visvair\u0101k cie\u0161 no klimata p\u0101rmai\u0146u izrais\u012btajiem ekstr\u0113majiem laikapst\u0101k\u013ciem. Tom\u0113r sarunu rezult\u0101ts sag\u0101d\u0101 vil\u0161anos, jo nav skaidri noteikta ce\u013ca karte fosilo kurin\u0101mo izmanto\u0161anas izbeig\u0161anai, k\u0101 ar\u012b nav progresa attiec\u012bb\u0101 uz pa\u0161reiz\u0113jo emisiju samazin\u0101\u0161anas saist\u012bbu stiprin\u0101\u0161anu, kuras bie\u017ei vien tiek uzskat\u012btas par nepietiekam\u0101m.<\/p>\n<p>Finansi\u0101ls atbalsts cietu\u0161aj\u0101m valst\u012bm<\/p>\n<p>Lai gan pasaules kop\u0113j\u0101 reakcija uz klimata kr\u012bzi ir nepiln\u012bga, ir g\u016bts neliels pan\u0101kums. Jaun\u0101 vieno\u0161an\u0101s paredz liel\u0101ku finansi\u0101lu pal\u012bdz\u012bbu valst\u012bm, kuras \u012bpa\u0161i smagi izj\u016bt glob\u0101l\u0101s sasil\u0161anas sekas. \u0160\u012bs valstis bie\u017ei vien ir t\u0101s, kur\u0101m ir maz\u0101kie resursi, lai piel\u0101gotos posto\u0161\u0101m dabas stihij\u0101m, piem\u0113ram, sp\u0113c\u012bg\u0101m pl\u016bdiem, ilgsto\u0161iem sausumiem vai sp\u0113c\u012bg\u0101m v\u0113tr\u0101m. \u0160is atbalsts ir k\u0101 cer\u012bbu stars, kas \u013cauj \u0161\u012bm kopien\u0101m s\u0101kt atjaunoties un stiprin\u0101t savu notur\u012bbu.<\/p>\n<p>Fosilo kurin\u0101mo n\u0101kotne joproj\u0101m neskaidra<\/p>\n<p>Tom\u0113r sarunu galvenais m\u0113r\u0137is \u2013 pan\u0101kt skaidru vieno\u0161anos par fosilo kurin\u0101mo (naftas, g\u0101zes un og\u013cu) izmanto\u0161anas pak\u0101penisku izbeig\u0161anu \u2013 nav sasniegts. Neskatoties uz steidzamo nepiecie\u0161am\u012bbu glob\u0101li samazin\u0101t emisijas, lai ierobe\u017eotu temperat\u016bras pieaugumu l\u012bdz 1,5 gr\u0101diem p\u0113c Celsija, sarunu dal\u012bbnieki nav sp\u0113ju\u0161i vienoties par konkr\u0113tu ce\u013cvedi \u0161\u012b m\u0113r\u0137a sasnieg\u0161anai. Tas ir k\u0101 m\u0113\u0123in\u0101t uzcelt m\u0101ju bez stingriem pamatiem \u2013 darbs ir ies\u0101cies, bet galarezult\u0101ts ir nedro\u0161s.<\/p>\n<p>Braz\u012blijas un Kolumbijas perspekt\u012bvas<\/p>\n<p>Braz\u012blijas prezident\u016bra ir paudusi ap\u0146em\u0161anos n\u0101kotn\u0113 sadarb\u012bb\u0101 ar Kolumbiju izstr\u0101d\u0101t ce\u013cvedi virz\u012bbai prom no fosilajiem kurin\u0101majiem. Tom\u0113r \u0161\u012b perspekt\u012bv\u0101 eso\u0161\u0101 iniciat\u012bva netiks uzskat\u012bta par tik juridiski un politiski saisto\u0161u k\u0101 ofici\u0101ls ANO COP30 samita apstiprin\u0101jums. Tas noz\u012bm\u0113, ka \u0161is dokuments var\u0113tu zaud\u0113t savu svaru un iespaidu, k\u013c\u016bstot vair\u0101k par ieteikumu nek\u0101 par stingru saist\u012bbu. K\u0101 saka gudri cilv\u0113ki, v\u0101rdi ir viegli, bet darbiem ir j\u0101b\u016bt stingriem.<\/p>\n<p>Steidzama r\u012bc\u012bba ir nepiecie\u0161ama<\/p>\n<p>\u0160\u012b ir att\u012bst\u012bbas stadij\u0101 eso\u0161a zi\u0146u t\u0113ma. Situ\u0101cija ir sare\u017e\u0123\u012bta un prasa t\u016bl\u012bt\u0113ju glob\u0101lu r\u012bc\u012bbu. Kam\u0113r tiek pan\u0101ktas nelielas vieno\u0161an\u0101s, b\u016btisk\u0101kais izaicin\u0101jums \u2013 fosilo kurin\u0101mo izmanto\u0161anas p\u0101rtrauk\u0161ana \u2013 joproj\u0101m paliek neizpild\u012bts sol\u012bjums. Zin\u0101tnieki br\u012bdina, ka katra kav\u0113\u0161an\u0101s palielina risku neatsaucam\u0101m klimata p\u0101rmai\u0146\u0101m, apdraudot n\u0101kam\u0101s paaudzes un visas dz\u012bv\u012bbas uz Zemes. Ir skaidrs, ka mums ir nepiecie\u0161ama gan finansi\u0101la pal\u012bdz\u012bba, gan drosm\u012bgi politiski l\u0113mumi, lai nodro\u0161in\u0101tu ilgtsp\u0113j\u012bgu n\u0101kotni.<\/p>\n","protected":false},"excerpt":{"rendered":"Klimata sarunas Braz\u012blij\u0101: Cer\u012bbu stari un fosilo kurin\u0101mo \u0113na Apvienoto N\u0101ciju Organiz\u0101cijas klimata sarun\u0101s, kas nesen notika Braz\u012blij\u0101,&hellip;\n","protected":false},"author":2,"featured_media":56812,"comment_status":"","ping_status":"","sticky":false,"template":"","format":"standard","meta":{"footnotes":""},"categories":[5],"tags":[23,28,29,12889,15344,32,33,8841,15116,22,3761,30,31,35,39,38,36,37,34,40,20,26,27,24,25,21],"class_list":{"0":"post-56811","1":"post","2":"type-post","3":"status-publish","4":"format-standard","5":"has-post-thumbnail","7":"category-aktualitates","8":"tag-aktualitates","9":"tag-breaking-news","10":"tag-breakingnews","11":"tag-cop30","12":"tag-emiliju-samazinasana","13":"tag-featured-news","14":"tag-featurednews","15":"tag-finansials-atbalsts","16":"tag-fosilie-kurinamie","17":"tag-headlines","18":"tag-klimata-parmainas","19":"tag-latest-news","20":"tag-latestnews","21":"tag-latvia","22":"tag-latvian","23":"tag-latviesu","24":"tag-latviesu-valoda","25":"tag-latviesuvaloda","26":"tag-latvija","27":"tag-lv","28":"tag-news","29":"tag-popularakas-zinas","30":"tag-popularakaszinas","31":"tag-top-stories","32":"tag-topstories","33":"tag-zinas"},"share_on_mastodon":{"url":"https:\/\/pubeurope.com\/@lv\/115599543091660857","error":""},"_links":{"self":[{"href":"https:\/\/www.europesays.com\/lv\/wp-json\/wp\/v2\/posts\/56811","targetHints":{"allow":["GET"]}}],"collection":[{"href":"https:\/\/www.europesays.com\/lv\/wp-json\/wp\/v2\/posts"}],"about":[{"href":"https:\/\/www.europesays.com\/lv\/wp-json\/wp\/v2\/types\/post"}],"author":[{"embeddable":true,"href":"https:\/\/www.europesays.com\/lv\/wp-json\/wp\/v2\/users\/2"}],"replies":[{"embeddable":true,"href":"https:\/\/www.europesays.com\/lv\/wp-json\/wp\/v2\/comments?post=56811"}],"version-history":[{"count":0,"href":"https:\/\/www.europesays.com\/lv\/wp-json\/wp\/v2\/posts\/56811\/revisions"}],"wp:featuredmedia":[{"embeddable":true,"href":"https:\/\/www.europesays.com\/lv\/wp-json\/wp\/v2\/media\/56812"}],"wp:attachment":[{"href":"https:\/\/www.europesays.com\/lv\/wp-json\/wp\/v2\/media?parent=56811"}],"wp:term":[{"taxonomy":"category","embeddable":true,"href":"https:\/\/www.europesays.com\/lv\/wp-json\/wp\/v2\/categories?post=56811"},{"taxonomy":"post_tag","embeddable":true,"href":"https:\/\/www.europesays.com\/lv\/wp-json\/wp\/v2\/tags?post=56811"}],"curies":[{"name":"wp","href":"https:\/\/api.w.org\/{rel}","templated":true}]}}