{"id":56827,"date":"2025-11-23T15:08:08","date_gmt":"2025-11-23T15:08:08","guid":{"rendered":"https:\/\/www.europesays.com\/lv\/56827\/"},"modified":"2025-11-23T15:08:08","modified_gmt":"2025-11-23T15:08:08","slug":"fk-kekava-latvijas-mediji-sava-laukuma-pieveic-cesnieces-florbols-sportacentrs-com","status":"publish","type":"post","link":"https:\/\/www.europesays.com\/lv\/56827\/","title":{"rendered":"&#8220;FK \u0136ekava\/Latvijas Mediji&#8221; sav\u0101 laukum\u0101 pieveic c\u0113snieces \u2013 Florbols \u2013 Sportacentrs.com"},"content":{"rendered":"<p>\u0136ekav\u0101 notiku\u0161o sp\u0113li p\u0101rliecino\u0161i s\u0101ka m\u0101jinieces, kas jau pirm\u0101 perioda laik\u0101 izvirz\u012bj\u0101s vad\u012bb\u0101 ar 2:0. Pa bumbi\u0146ai c\u0113snie\u010du v\u0101rtos ieraid\u012bja Katr\u012bna D\u0101rta K\u0101rkli\u0146a un Patr\u012bcija Kubuli\u0146a. Otraj\u0101 tre\u0161da\u013c\u0101 \u0137ekavietes guva v\u0113l divus v\u0101rtus, pan\u0101kot jau 4:0. V\u0101rtu guvumi Lu\u012bzes Raseicevas un El\u012bnas Dr\u0113zi\u0146as kont\u0101. 45. min\u016bt\u0113 Annija D\u0101rta Dankfelde pan\u0101ca jau 5:0, bet C\u0113su komanda &#8220;Lekrings&#8221; pat nedom\u0101ja padoties. Piecu min\u016b\u0161u laik\u0101 pa golam laukuma saimniec\u016b v\u0101rtos iemeta Nikola Laure, D\u0101rta Malkava un Ol\u012bvija Jarohovi\u010da, atjaunojot intrigu (3:5). C\u0113sniec\u0113m bija v\u0113l divas min\u016btes laika, lai pac\u012bn\u012btos par punktiem, tom\u0113r \u0137ekavie\u0161u aizsardz\u012bba vairs nek\u013c\u016bd\u012bj\u0101s. &#8220;FK \u0136ekava\/Latvijas Mediji&#8221; svin\u0113ja pan\u0101kumu ar 5:3.<\/p>\n<p>Turn\u012bra tabula<\/p>\n<tr>VietaKomandaSp\u0113lesV\u0101rtiPunkti<\/tr>\n<tr class=\"even\">\n<td>1.<\/td>\n<td>Rubene<\/td>\n<td class=\"ralign\">8<\/td>\n<td class=\"ralign\">52:21<\/td>\n<td class=\"ralign\">21<\/td>\n<\/tr>\n<tr class=\"odd\">\n<td>2.<\/td>\n<td>Sparta Tallinn<\/td>\n<td class=\"ralign\">8<\/td>\n<td class=\"ralign\">63:36<\/td>\n<td class=\"ralign\">17<\/td>\n<\/tr>\n<tr class=\"even\">\n<td>3.<\/td>\n<td>NND\/RJTC<\/td>\n<td class=\"ralign\">7<\/td>\n<td class=\"ralign\">34:18<\/td>\n<td class=\"ralign\">15<\/td>\n<\/tr>\n<tr class=\"odd\">\n<td>4.<\/td>\n<td>EMU SK<\/td>\n<td class=\"ralign\">8<\/td>\n<td class=\"ralign\">33:29<\/td>\n<td class=\"ralign\">15<\/td>\n<\/tr>\n<tr class=\"even\">\n<td>5.<\/td>\n<td>FK \u0136ekava\/Latvijas Mediji<\/td>\n<td class=\"ralign\">9<\/td>\n<td class=\"ralign\">32:48<\/td>\n<td class=\"ralign\">10<\/td>\n<\/tr>\n<tr class=\"odd\">\n<td>6.<\/td>\n<td>R\u012bgas Lauvas<\/td>\n<td class=\"ralign\">5<\/td>\n<td class=\"ralign\">8:29<\/td>\n<td class=\"ralign\">0<\/td>\n<\/tr>\n<tr class=\"even\">\n<td>7.<\/td>\n<td>Lekrings<\/td>\n<td class=\"ralign\">7<\/td>\n<td class=\"ralign\">24:65<\/td>\n<td class=\"ralign\">0<\/td>\n<\/tr>\n<p>Izmantotie resursi:<br \/><a target=\"_blank\" href=\"http:\/\/www.floorball.lv\" rel=\"nofollow noopener\">Latvijas Florbola savien\u012bba \u00bb LV \u00bb&#8230;<\/a><\/p>\n","protected":false},"excerpt":{"rendered":"\u0136ekav\u0101 notiku\u0161o sp\u0113li p\u0101rliecino\u0161i s\u0101ka m\u0101jinieces, kas jau pirm\u0101 perioda laik\u0101 izvirz\u012bj\u0101s vad\u012bb\u0101 ar 2:0. Pa bumbi\u0146ai c\u0113snie\u010du&hellip;\n","protected":false},"author":2,"featured_media":56828,"comment_status":"","ping_status":"","sticky":false,"template":"","format":"standard","meta":{"footnotes":""},"categories":[17],"tags":[283,35,39,38,36,37,34,40,67],"class_list":{"0":"post-56827","1":"post","2":"type-post","3":"status-publish","4":"format-standard","5":"has-post-thumbnail","7":"category-sports","8":"tag-florbols","9":"tag-latvia","10":"tag-latvian","11":"tag-latviesu","12":"tag-latviesu-valoda","13":"tag-latviesuvaloda","14":"tag-latvija","15":"tag-lv","16":"tag-sports"},"share_on_mastodon":{"url":"https:\/\/pubeurope.com\/@lv\/115599645309860215","error":""},"_links":{"self":[{"href":"https:\/\/www.europesays.com\/lv\/wp-json\/wp\/v2\/posts\/56827","targetHints":{"allow":["GET"]}}],"collection":[{"href":"https:\/\/www.europesays.com\/lv\/wp-json\/wp\/v2\/posts"}],"about":[{"href":"https:\/\/www.europesays.com\/lv\/wp-json\/wp\/v2\/types\/post"}],"author":[{"embeddable":true,"href":"https:\/\/www.europesays.com\/lv\/wp-json\/wp\/v2\/users\/2"}],"replies":[{"embeddable":true,"href":"https:\/\/www.europesays.com\/lv\/wp-json\/wp\/v2\/comments?post=56827"}],"version-history":[{"count":0,"href":"https:\/\/www.europesays.com\/lv\/wp-json\/wp\/v2\/posts\/56827\/revisions"}],"wp:featuredmedia":[{"embeddable":true,"href":"https:\/\/www.europesays.com\/lv\/wp-json\/wp\/v2\/media\/56828"}],"wp:attachment":[{"href":"https:\/\/www.europesays.com\/lv\/wp-json\/wp\/v2\/media?parent=56827"}],"wp:term":[{"taxonomy":"category","embeddable":true,"href":"https:\/\/www.europesays.com\/lv\/wp-json\/wp\/v2\/categories?post=56827"},{"taxonomy":"post_tag","embeddable":true,"href":"https:\/\/www.europesays.com\/lv\/wp-json\/wp\/v2\/tags?post=56827"}],"curies":[{"name":"wp","href":"https:\/\/api.w.org\/{rel}","templated":true}]}}