{"id":56829,"date":"2025-11-23T15:12:19","date_gmt":"2025-11-23T15:12:19","guid":{"rendered":"https:\/\/www.europesays.com\/lv\/56829\/"},"modified":"2025-11-23T15:12:19","modified_gmt":"2025-11-23T15:12:19","slug":"erdogans-aicina-ukrainu-un-krieviju-atsakt-sarunas-stambula-lente-lv","status":"publish","type":"post","link":"https:\/\/www.europesays.com\/lv\/56829\/","title":{"rendered":"Erdogans aicina Ukrainu un Krieviju ats\u0101kt sarunas Stambul\u0101\u00a0\u2014\u00a0Lente.lv"},"content":{"rendered":"<p>Erdogans aicina uz sarunu atjauno\u0161anu Stambul\u0101<\/p>\n<p>Turcijas prezidents Red\u017eeps Tajips Erdogans tre\u0161dien v\u0113lreiz uzsv\u0113ra nepiecie\u0161am\u012bbu nekav\u0113joties p\u0101rtraukt bru\u0146oto konfliktu Ukrain\u0101, aicinot abas karojo\u0161\u0101s puses \u2013 gan Ukrainu, gan Krieviju \u2013 ats\u0101kt sarunu procesu. Vi\u0146\u0161 pauda cer\u012bbu, ka dialogs, kas k\u0101dreiz notika Stambul\u0101, var\u0113tu tikt atjaunots, lai rastu ce\u013cu uz mieru. Erdogans uzskata, ka diplom\u0101tisk\u0101s p\u016bles ir vien\u012bgais re\u0101lais risin\u0101jums, kas var nov\u0113rst turpm\u0101ku cilv\u0113ku cie\u0161anas un re\u0123ion\u0101lo nestabilit\u0101ti.<\/p>\n<p>Diplom\u0101tisk\u0101s iniciat\u012bvas un Turcijas loma<\/p>\n<p>Jau kop\u0161 Krievijas pilna m\u0113roga iebrukuma Ukrain\u0101 s\u0101kuma Turcija ir akt\u012bvi centusies ie\u0146emt neitr\u0101lu starpnieka poz\u012bciju, pied\u0101v\u0101jot savu platformu sarun\u0101m un mekl\u0113jot veidus, k\u0101 mazin\u0101t spriedzi. Ankara uzskata, ka milit\u0101rs risin\u0101jums nav iesp\u0113jams un ka visas puses galu gal\u0101 non\u0101ks pie sarunu galda. Erdogana aicin\u0101jums nav pirmais \u0161\u0101da veida, ta\u010du tas pastiprina Turcijas centienus pan\u0101kt ilgsto\u0161u pamieru un galu gal\u0101 izstr\u0101d\u0101t visaptvero\u0161u miera l\u012bgumu.<\/p>\n<p>Pag\u0101ju\u0161\u0101 gada mart\u0101 Stambul\u0101 notika noz\u012bm\u012bgas Ukrainas un Krievijas deleg\u0101ciju sarunas, kuru laik\u0101 tika izvirz\u012bti vair\u0101ki priek\u0161likumi. Lai gan toreiz izdev\u0101s pan\u0101kt zin\u0101mu progresu, galu gal\u0101 sarunas tika p\u0101rtrauktas, un cer\u012bbas uz dr\u012bzu vieno\u0161anos izpl\u0113n\u0113ja. Erdogans joproj\u0101m uzskata, ka \u0161\u012b platforma ir piem\u0113rota, lai atjaunotu dialogu, \u0146emot v\u0113r\u0101 t\u0101s iepriek\u0161\u0113jo potenci\u0101lu un Turcijas uzticamo poz\u012bciju.<\/p>\n<p>Iemesli sarunu ats\u0101k\u0161anai un potenci\u0101lie \u0161\u0137\u0113r\u0161\u013ci<\/p>\n<p>Kara turpin\u0101\u0161an\u0101s rada milz\u012bgas sekas gan Ukrainai, gan Krievijai, k\u0101 ar\u012b visai pasaulei. T\u0101s ir ne tikai cilv\u0113ku dz\u012bv\u012bbu zaud\u0113\u0161ana un infrastrukt\u016bras izpost\u012b\u0161ana, bet ar\u012b glob\u0101l\u0101s ekonomikas destabiliz\u0101cija, ener\u0123\u0113tikas kr\u012bze un p\u0101rtikas tr\u016bkums. \u0160ie faktori kop\u0101 ar arvien pieaugo\u0161o starptautisko spiedienu var\u0113tu mudin\u0101t abas puses mekl\u0113t alternat\u012bvus risin\u0101jumus. Turcijas prezidents cer, ka \u0161ie smagie apst\u0101k\u013ci var\u0113tu p\u0101rliecin\u0101t Maskavu un Kijivu par nepiecie\u0161am\u012bbu atgriezties pie sarunu galda, lai rastu izeju no \u0161\u012bs strupce\u013c\u0161. Vi\u0146\u0161 uzsver, ka ilgsto\u0161s konflikts tikai padzi\u013cin\u0101s probl\u0113mas un rad\u012bs arvien jaunus izaicin\u0101jumus.<\/p>\n<p>Tom\u0113r ce\u013c\u0161 uz sarunu atjauno\u0161anu nav viegls. Ab\u0101m pus\u0113m ir \u013coti at\u0161\u0137ir\u012bgas nost\u0101jas un pras\u012bbas, kas joproj\u0101m ir galvenais \u0161\u0137\u0113rslis progresam. Ukraina pieprasa piln\u012bgu Krievijas karasp\u0113ka izve\u0161anu no t\u0101s teritorijas un suverenit\u0101tes atjauno\u0161anu, kam\u0113r Krievija neatsak\u0101s no sav\u0101m teritori\u0101laj\u0101m pretenzij\u0101m. Lai gan Erdogans ir gatavs pal\u012bdz\u0113t atrast kop\u012bgu valodu, galvenajam l\u0113mumam ir j\u0101b\u016bt pa\u0161\u0101m iek\u013cautaj\u0101m pus\u0113m. Starptautisk\u0101s sabiedr\u012bbas loma ir ar\u012b b\u016btiska \u2013 sniegt atbalstu miera procesam un pal\u012bdz\u0113t rad\u012bt apst\u0101k\u013cus, kas veicin\u0101tu konstrukt\u012bvu dialogu.<\/p>\n<p>Cer\u012bba uz mieru un n\u0101kotnes perspekt\u012bvas<\/p>\n<p>Erdogana aicin\u0101jums ir apliecin\u0101jums cer\u012bbai, ka diplom\u0101tija un dialogs joproj\u0101m ir sp\u0113j\u012bgs uzvar\u0113t p\u0101r karu un vardarb\u012bbu. Vi\u0146\u0161 ir p\u0101rliecin\u0101ts, ka Stambulas sarunu pieredze var kalpot par pamatu jaunam m\u0113\u0123in\u0101jumam pan\u0101kt mieru. \u0160is aicin\u0101jums var\u0113tu ar\u012b mudin\u0101t citas valstis un starptautisk\u0101s organiz\u0101cijas pastiprin\u0101t savus diplom\u0101tiskos centienus, lai veicin\u0101tu dialogu starp Ukrainu un Krieviju. Lai gan ce\u013c\u0161 b\u016bs gar\u0161 un sare\u017e\u0123\u012bts, cer\u012bba uz mier\u012bgu risin\u0101jumu joproj\u0101m past\u0101v, un Turcijas prezidenta iniciat\u012bva ir solis \u0161aj\u0101 virzien\u0101.<\/p>\n","protected":false},"excerpt":{"rendered":"Erdogans aicina uz sarunu atjauno\u0161anu Stambul\u0101 Turcijas prezidents Red\u017eeps Tajips Erdogans tre\u0161dien v\u0113lreiz uzsv\u0113ra nepiecie\u0161am\u012bbu nekav\u0113joties p\u0101rtraukt bru\u0146oto&hellip;\n","protected":false},"author":2,"featured_media":56830,"comment_status":"","ping_status":"","sticky":false,"template":"","format":"standard","meta":{"footnotes":""},"categories":[5],"tags":[23,28,29,15352,32,33,22,234,30,31,35,39,38,36,37,34,40,20,26,27,3144,7845,24,25,276,21],"class_list":{"0":"post-56829","1":"post","2":"type-post","3":"status-publish","4":"format-standard","5":"has-post-thumbnail","7":"category-aktualitates","8":"tag-aktualitates","9":"tag-breaking-news","10":"tag-breakingnews","11":"tag-erdogans","12":"tag-featured-news","13":"tag-featurednews","14":"tag-headlines","15":"tag-krievija","16":"tag-latest-news","17":"tag-latestnews","18":"tag-latvia","19":"tag-latvian","20":"tag-latviesu","21":"tag-latviesu-valoda","22":"tag-latviesuvaloda","23":"tag-latvija","24":"tag-lv","25":"tag-news","26":"tag-popularakas-zinas","27":"tag-popularakaszinas","28":"tag-sarunas","29":"tag-stambula","30":"tag-top-stories","31":"tag-topstories","32":"tag-ukraina","33":"tag-zinas"},"share_on_mastodon":{"url":"https:\/\/pubeurope.com\/@lv\/115599661038839882","error":""},"_links":{"self":[{"href":"https:\/\/www.europesays.com\/lv\/wp-json\/wp\/v2\/posts\/56829","targetHints":{"allow":["GET"]}}],"collection":[{"href":"https:\/\/www.europesays.com\/lv\/wp-json\/wp\/v2\/posts"}],"about":[{"href":"https:\/\/www.europesays.com\/lv\/wp-json\/wp\/v2\/types\/post"}],"author":[{"embeddable":true,"href":"https:\/\/www.europesays.com\/lv\/wp-json\/wp\/v2\/users\/2"}],"replies":[{"embeddable":true,"href":"https:\/\/www.europesays.com\/lv\/wp-json\/wp\/v2\/comments?post=56829"}],"version-history":[{"count":0,"href":"https:\/\/www.europesays.com\/lv\/wp-json\/wp\/v2\/posts\/56829\/revisions"}],"wp:featuredmedia":[{"embeddable":true,"href":"https:\/\/www.europesays.com\/lv\/wp-json\/wp\/v2\/media\/56830"}],"wp:attachment":[{"href":"https:\/\/www.europesays.com\/lv\/wp-json\/wp\/v2\/media?parent=56829"}],"wp:term":[{"taxonomy":"category","embeddable":true,"href":"https:\/\/www.europesays.com\/lv\/wp-json\/wp\/v2\/categories?post=56829"},{"taxonomy":"post_tag","embeddable":true,"href":"https:\/\/www.europesays.com\/lv\/wp-json\/wp\/v2\/tags?post=56829"}],"curies":[{"name":"wp","href":"https:\/\/api.w.org\/{rel}","templated":true}]}}