{"id":56831,"date":"2025-11-23T15:18:24","date_gmt":"2025-11-23T15:18:24","guid":{"rendered":"https:\/\/www.europesays.com\/lv\/56831\/"},"modified":"2025-11-23T15:18:24","modified_gmt":"2025-11-23T15:18:24","slug":"polija-sledz-pedejo-krievijas-konsulatu-gdanska-pastiprinot-spriedzi-un-drosibas-pasakumus-lente-lv","status":"publish","type":"post","link":"https:\/\/www.europesays.com\/lv\/56831\/","title":{"rendered":"Polija sl\u0113dz p\u0113d\u0113jo Krievijas konsul\u0101tu Gda\u0146sk\u0101, pastiprinot spriedzi un dro\u0161\u012bbas pas\u0101kumus\u00a0\u2014\u00a0Lente.lv"},"content":{"rendered":"<p>Polija sl\u0113dz Krievijas konsul\u0101tu Gda\u0146sk\u0101, Var\u0161av\u0101 paliek tikai v\u0113stniec\u012bba<\/p>\n<p>Var\u0161ava, 2025. gada 22. novembris \u2013 Attiec\u012bb\u0101s starp Poliju un Krieviju iest\u0101jies jauns, saspringts posms. Polijas \u0101rlietu ministrs Radoslavs Sikorskis ir pazi\u0146ojis par dramatisk\u0101m sek\u0101m, kas skar Krievijas diplom\u0101tisko p\u0101rst\u0101vniec\u012bbu valst\u012b \u2013 tiek sl\u0113gts p\u0113d\u0113jais Krievijas konsul\u0101ts, kas v\u0113l darboj\u0101s Polij\u0101, proti, Gda\u0146sk\u0101. \u0160is l\u0113mums ir tie\u0161a atbilde uz nesenajiem dzelzce\u013ca sabot\u0101\u017eas aktiem, kas satricin\u0101ju\u0161i Poliju un rad\u012bju\u0161i nopietnas ba\u017eas par valsts dro\u0161\u012bbu. P\u0113c \u0161\u012b konsul\u0101ta sl\u0113g\u0161anas vien\u012bg\u0101 Krievijas diplom\u0101tisk\u0101 p\u0101rst\u0101vniec\u012bba Polijas teritorij\u0101 b\u016bs v\u0113stniec\u012bba Var\u0161av\u0101.<\/p>\n<p>Sabot\u0101\u017eas un diplom\u0101tisk\u0101s attiec\u012bbas<\/p>\n<p>\u0160is iz\u0161\u0137iro\u0161ais solis seko p\u0113c incidentiem uz dzelzce\u013ca l\u012bnij\u0101m, \u012bpa\u0161i uz Var\u0161avas-\u013bub\u013cinas mar\u0161ruta, kas ir noz\u012bm\u012bgs ne tikai Polijas, bet ar\u012b pal\u012bdz\u012bbas pieg\u0101d\u0113m Ukrainai. Polijas varasiest\u0101des ir identific\u0113ju\u0161as divus Ukrainas pilso\u0146us, kuri, p\u0113c premjerministra Donalda Tuska teikt\u0101, sadarboju\u0161ies ar Krievijas dienestiem, veicot \u0161os sabot\u0101\u017eas aktus. Sikorskis jau iepriek\u0161 br\u012bdin\u0101jis Krieviju, ka t\u0101s diplom\u0101tisk\u0101 un konsul\u0101r\u0101 kl\u0101tb\u016btne tiks samazin\u0101ta, ja t\u0101 turpin\u0101s veikt naid\u012bgas darb\u012bbas pret Poliju. \u0160ie notikumi ir da\u013ca no pla\u0161\u0101kas kiberuzbrukumu un sabot\u0101\u017eu vi\u013c\u0146a, kas p\u0101r\u0146\u0113mis Eiropu kop\u0161 Krievijas pilna m\u0113roga iebrukuma Ukrain\u0101 2022. gad\u0101.<\/p>\n<p>Polijas premjerministrs Donalds Tusks \u0161os incidentus nod\u0113v\u0113ja par \u201cbezprecedenta sabot\u0101\u017eas gad\u012bjumu\u201d, uzsverot, ka uzbrukumi v\u0113rsti pret Polijas valsts dro\u0161\u012bbu un t\u0101s civiliedz\u012bvot\u0101jiem. Vi\u0146\u0161 ar\u012b nor\u0101d\u012bjis, ka Krievija cen\u0161as destabiliz\u0113t Poliju, izmantojot \u201cvalsts terorismu\u201d un hibr\u012bdkaru.<\/p>\n<p>Pastiprin\u0101ta dro\u0161\u012bba un rea\u0123\u0113\u0161ana<\/p>\n<p>Rea\u0123\u0113jot uz pieaugo\u0161ajiem draudiem, Polija ir izsludin\u0101jusi pla\u0161u milit\u0101ro oper\u0101ciju, lai aizsarg\u0101tu kritisko infrastrukt\u016bru. T\u016bksto\u0161iem karav\u012bru tiek nor\u012bkoti infrastrukt\u016bras objektu apsardz\u012bb\u0101. Polijas armijas \u0161t\u0101ba priek\u0161nieks Veslavs Kukula br\u012bdin\u0101jis, ka Krievija var\u0113tu izmantot tum\u0161os vakarus un Ziemassv\u0113tku laiku k\u0101 lab\u0101ko periodu sabot\u0101\u017eu organiz\u0113\u0161anai. Tiek pl\u0101nots izstr\u0101d\u0101t \u012bpa\u0161u lietotni, lai iedz\u012bvot\u0101ji var\u0113tu zi\u0146ot par aizdom\u012bg\u0101m aktivit\u0101t\u0113m.<\/p>\n<p>Aizb\u0113gu\u0161ie sabotieri, kuri, k\u0101 zi\u0146ots, devu\u0161ies uz Baltkrieviju, pl\u0101nots ties\u0101t decembr\u012b, vi\u0146iem kl\u0101t neesot. Turkl\u0101t Polijas parlaments ir aicin\u0101jis vald\u012bbu apsv\u0113rt Krievijas v\u0113stniec\u012bbas p\u0101rcel\u0161anu Var\u0161av\u0101, nor\u0101dot uz ba\u017e\u0101m par t\u0101s atra\u0161anos p\u0101r\u0101k tuvu svar\u012bg\u0101m valsts vad\u012bbas \u0113k\u0101m. \u0160is l\u0113mums atspogu\u013co vienpr\u0101t\u012bbu valsts dro\u0161\u012bbas jaut\u0101jumos starp valdo\u0161o koal\u012bciju un opoz\u012bciju.<\/p>\n<p>V\u0113sturiskais konteksts un attiec\u012bbu sasp\u012bl\u0113jums<\/p>\n<p>\u0160is ir jaun\u0101kais sign\u0101ls par turpin\u0101to spriedzi Polijas un Krievijas attiec\u012bb\u0101s, kur\u0101m ir dzi\u013cas un bie\u017ei vien sare\u017e\u0123\u012btas v\u0113sturiskas saknes. P\u0113d\u0113jos gados Polija jau ir krasi samazin\u0101jusi Krievijas diplom\u0101tisko kl\u0101tb\u016btni, jo tiek uzskat\u012bts, ka Maskava izmanto diplom\u0101tisko aizsegu spiego\u0161anas un sabot\u0101\u017eas oper\u0101cij\u0101m. Piem\u0113ram, 2025. gada oktobr\u012b Polija lika sl\u0113gt Krievijas konsul\u0101tu Pozna\u0146\u0101, atbildot uz sabot\u0101\u017eas aktiem, tostarp dedzin\u0101\u0161anas uzbrukumiem. Savuk\u0101rt Krievija ir atbild\u0113jusi ar l\u012bdz\u012bgiem so\u013ciem, piem\u0113ram, sl\u0113dzot Polijas konsul\u0101tu Ka\u013ci\u0146ingrad\u0101.<\/p>\n<p>Polijas \u0100rlietu ministrs Sikorskis ir stingri paudis nost\u0101ju, ka Polija ierobe\u017eos Krievijas diplom\u0101tu p\u0101rvieto\u0161anos valst\u012b un atbalst\u012bs citu Eiropas Savien\u012bbas valstu iniciat\u012bvas, lai ierobe\u017eotu Krievijas diplom\u0101tu p\u0101rvieto\u0161anos \u0160engenas zon\u0101. \u0160\u012b ir skaidra v\u0113st\u012bjums, ka Polija nepie\u013caus turpm\u0101kus draudus savai dro\u0161\u012bbai un ka t\u0101s reakcija b\u016bs proakt\u012bva un stingra.<\/p>\n","protected":false},"excerpt":{"rendered":"Polija sl\u0113dz Krievijas konsul\u0101tu Gda\u0146sk\u0101, Var\u0161av\u0101 paliek tikai v\u0113stniec\u012bba Var\u0161ava, 2025. gada 22. novembris \u2013 Attiec\u012bb\u0101s starp Poliju&hellip;\n","protected":false},"author":2,"featured_media":56832,"comment_status":"","ping_status":"","sticky":false,"template":"","format":"standard","meta":{"footnotes":""},"categories":[5],"tags":[23,28,29,15355,334,32,33,15353,22,15354,234,30,31,35,39,38,36,37,34,40,20,72,26,27,15356,2197,24,25,21],"class_list":{"0":"post-56831","1":"post","2":"type-post","3":"status-publish","4":"format-standard","5":"has-post-thumbnail","7":"category-aktualitates","8":"tag-aktualitates","9":"tag-breaking-news","10":"tag-breakingnews","11":"tag-diplomatiskas-attiecibas","12":"tag-drosiba","13":"tag-featured-news","14":"tag-featurednews","15":"tag-gdanska","16":"tag-headlines","17":"tag-konsulats","18":"tag-krievija","19":"tag-latest-news","20":"tag-latestnews","21":"tag-latvia","22":"tag-latvian","23":"tag-latviesu","24":"tag-latviesu-valoda","25":"tag-latviesuvaloda","26":"tag-latvija","27":"tag-lv","28":"tag-news","29":"tag-polija","30":"tag-popularakas-zinas","31":"tag-popularakaszinas","32":"tag-radoslavs-sikorskis","33":"tag-sabotaza","34":"tag-top-stories","35":"tag-topstories","36":"tag-zinas"},"share_on_mastodon":{"url":"https:\/\/pubeurope.com\/@lv\/115599684797710146","error":""},"_links":{"self":[{"href":"https:\/\/www.europesays.com\/lv\/wp-json\/wp\/v2\/posts\/56831","targetHints":{"allow":["GET"]}}],"collection":[{"href":"https:\/\/www.europesays.com\/lv\/wp-json\/wp\/v2\/posts"}],"about":[{"href":"https:\/\/www.europesays.com\/lv\/wp-json\/wp\/v2\/types\/post"}],"author":[{"embeddable":true,"href":"https:\/\/www.europesays.com\/lv\/wp-json\/wp\/v2\/users\/2"}],"replies":[{"embeddable":true,"href":"https:\/\/www.europesays.com\/lv\/wp-json\/wp\/v2\/comments?post=56831"}],"version-history":[{"count":0,"href":"https:\/\/www.europesays.com\/lv\/wp-json\/wp\/v2\/posts\/56831\/revisions"}],"wp:featuredmedia":[{"embeddable":true,"href":"https:\/\/www.europesays.com\/lv\/wp-json\/wp\/v2\/media\/56832"}],"wp:attachment":[{"href":"https:\/\/www.europesays.com\/lv\/wp-json\/wp\/v2\/media?parent=56831"}],"wp:term":[{"taxonomy":"category","embeddable":true,"href":"https:\/\/www.europesays.com\/lv\/wp-json\/wp\/v2\/categories?post=56831"},{"taxonomy":"post_tag","embeddable":true,"href":"https:\/\/www.europesays.com\/lv\/wp-json\/wp\/v2\/tags?post=56831"}],"curies":[{"name":"wp","href":"https:\/\/api.w.org\/{rel}","templated":true}]}}