{"id":56846,"date":"2025-11-23T15:38:08","date_gmt":"2025-11-23T15:38:08","guid":{"rendered":"https:\/\/www.europesays.com\/lv\/56846\/"},"modified":"2025-11-23T15:38:08","modified_gmt":"2025-11-23T15:38:08","slug":"grobina-saglaba-vietu-latvijas-futbola-virsliga","status":"publish","type":"post","link":"https:\/\/www.europesays.com\/lv\/56846\/","title":{"rendered":"&#8220;Grobi\u0146a&#8221; saglab\u0101 vietu Latvijas futbola virsl\u012bg\u0101"},"content":{"rendered":"<p>&#8220;Grobi\u0146a&#8221; svin\u0113ja uzvaru ar 1:0 (1:0), divu ma\u010du summ\u0101 uzvarot ar 1:0 un saglab\u0101jot vietu virsl\u012bg\u0101.<\/p>\n<p>17. min\u016bt\u0113 Devids Dobrecovs nerealiz\u0113ja 11 metru soda sitienu un neizmantoja iesp\u0113ju izvirz\u012bt vad\u012bb\u0101 Grobi\u0146as komandu.<\/p>\n<p>28. min\u016bt\u0113 sarkano kart\u012bti nopeln\u012bja m\u0101jinieku aizsargs Matvijs Marusijs, atst\u0101jot komandu maz\u0101kum\u0101.<\/p>\n<p>45. min\u016bt\u0113 grobi\u0146niekiem v\u0101rtus guva Aleksejs Grjaznovs &#8211; 1:0.<\/p>\n<p>62. min\u016bt\u0113 R\u012bgas klubs palika devi\u0146u sp\u0113l\u0113t\u0101ju sast\u0101v\u0101, jo otro dzelteno kart\u012bti ma\u010d\u0101 nopeln\u012bja pussargs Mat\u012bss Z\u0113\u0123ele.<\/p>\n<p>Bez ab\u0101m sarkanaj\u0101m kart\u012bt\u0113m m\u0101jinieki nopeln\u012bja se\u0161as dzelten\u0101s kart\u012btes, vienai no t\u0101m p\u0101rv\u0113r\u0161oties sarkanaj\u0101 kart\u012bt\u0113, bet &#8220;Grobi\u0146as&#8221; futbolisti sakr\u0101ja tr\u012bs dzelten\u0101s kart\u012btes.<\/p>\n<p>Ceturtdien Liep\u0101j\u0101 notiku\u0161ais pirmais ma\u010ds nosl\u0113dz\u0101s ar rezult\u0101tu 0:0.<\/p>\n<p>C\u012b\u0146\u0101 par vietu augst\u0101kaj\u0101 l\u012bg\u0101 n\u0101kamsezon tik\u0101s \u0161\u012b gada virsl\u012bgas pirmsp\u0113d\u0113j\u0101s vietas \u012bpa\u0161niece &#8220;Grobi\u0146a&#8221; un p\u0113c sp\u0113ka otr\u0101s &#8211; N\u0101kotnes l\u012bgas &#8211; vice\u010dempione &#8220;JDFS Alberts&#8221; komanda.<\/p>\n<p>Uzvar\u0113t\u0101ji divu sp\u0113\u013cu summ\u0101 izc\u012bn\u012bja ties\u012bbas 2026. gad\u0101 sp\u0113l\u0113t &#8220;Tonybet&#8221; virsl\u012bg\u0101, bet zaud\u0113t\u0101ji sp\u0113l\u0113s N\u0101kotnes l\u012bg\u0101.<\/p>\n<p>Abas komandas p\u0101rsp\u0113l\u0113s tik\u0101s ar\u012b p\u0113rn, kad Grobi\u0146as komanda p\u0113c zaud\u0113juma sav\u0101 laukum\u0101 ar 2:3 atbildes sp\u0113l\u0113 svin\u0113ja pan\u0101kumu ar 2:0.<\/p>\n<p>K\u0101 N\u0101kotnes l\u012bgas uzvar\u0113t\u0101ja ties\u012bbas sp\u0113l\u0113t virsl\u012bg\u0101 izc\u012bn\u012bja Ogres &#8220;United&#8221; komanda, bet no vietas virsl\u012bg\u0101 ir j\u0101\u0161\u0137iras &#8220;Metta&#8221; vien\u012bbai, kas virsl\u012bg\u0101 sp\u0113l\u0113ja kop\u0161 2012. gada.<\/p>\n","protected":false},"excerpt":{"rendered":"&#8220;Grobi\u0146a&#8221; svin\u0113ja uzvaru ar 1:0 (1:0), divu ma\u010du summ\u0101 uzvarot ar 1:0 un saglab\u0101jot vietu virsl\u012bg\u0101. 17. min\u016bt\u0113&hellip;\n","protected":false},"author":2,"featured_media":56847,"comment_status":"","ping_status":"","sticky":false,"template":"","format":"standard","meta":{"footnotes":""},"categories":[17],"tags":[714,713,676,715,35,39,38,36,37,34,40,67],"class_list":{"0":"post-56846","1":"post","2":"type-post","3":"status-publish","4":"format-standard","5":"has-post-thumbnail","7":"category-sports","8":"tag-futbola-jaunumi","9":"tag-futbola-virsliga","10":"tag-futbols","11":"tag-futbols-latvija","12":"tag-latvia","13":"tag-latvian","14":"tag-latviesu","15":"tag-latviesu-valoda","16":"tag-latviesuvaloda","17":"tag-latvija","18":"tag-lv","19":"tag-sports"},"share_on_mastodon":{"url":"https:\/\/pubeurope.com\/@lv\/115599763266461995","error":""},"_links":{"self":[{"href":"https:\/\/www.europesays.com\/lv\/wp-json\/wp\/v2\/posts\/56846","targetHints":{"allow":["GET"]}}],"collection":[{"href":"https:\/\/www.europesays.com\/lv\/wp-json\/wp\/v2\/posts"}],"about":[{"href":"https:\/\/www.europesays.com\/lv\/wp-json\/wp\/v2\/types\/post"}],"author":[{"embeddable":true,"href":"https:\/\/www.europesays.com\/lv\/wp-json\/wp\/v2\/users\/2"}],"replies":[{"embeddable":true,"href":"https:\/\/www.europesays.com\/lv\/wp-json\/wp\/v2\/comments?post=56846"}],"version-history":[{"count":0,"href":"https:\/\/www.europesays.com\/lv\/wp-json\/wp\/v2\/posts\/56846\/revisions"}],"wp:featuredmedia":[{"embeddable":true,"href":"https:\/\/www.europesays.com\/lv\/wp-json\/wp\/v2\/media\/56847"}],"wp:attachment":[{"href":"https:\/\/www.europesays.com\/lv\/wp-json\/wp\/v2\/media?parent=56846"}],"wp:term":[{"taxonomy":"category","embeddable":true,"href":"https:\/\/www.europesays.com\/lv\/wp-json\/wp\/v2\/categories?post=56846"},{"taxonomy":"post_tag","embeddable":true,"href":"https:\/\/www.europesays.com\/lv\/wp-json\/wp\/v2\/tags?post=56846"}],"curies":[{"name":"wp","href":"https:\/\/api.w.org\/{rel}","templated":true}]}}