{"id":56848,"date":"2025-11-23T15:54:09","date_gmt":"2025-11-23T15:54:09","guid":{"rendered":"https:\/\/www.europesays.com\/lv\/56848\/"},"modified":"2025-11-23T15:54:09","modified_gmt":"2025-11-23T15:54:09","slug":"germanei-lielisks-otrais-brauciens-pasaules-kausa-posma","status":"publish","type":"post","link":"https:\/\/www.europesays.com\/lv\/56848\/","title":{"rendered":"\u0122\u0113rmanei lielisks otrais brauciens Pasaules kausa posm\u0101"},"content":{"rendered":"<p>Par uzvar\u0113t\u0101ju k\u013cuva amerik\u0101niete Mikeila \u0160ifrina, kura abas trases veica min\u016bt\u0113 un 48,11 sekund\u0113s, izc\u012bnot savu 103. uzvaru Pasaules kausa posmos un 66. reizi uzvarot slalom\u0101.<\/p>\n<p>Vi\u0146a par 1,23 sekund\u0113m apsteidza alb\u0101nieti Laru Kolturi, kura otraj\u0101 braucien\u0101 sasniedza desmito lab\u0101k rezult\u0101tu, un par 1,41 sekundi &#8211; \u0161veicieti Kamillu Rastu, kura otraj\u0101 braucien\u0101 bija 11. viet\u0101.<\/p>\n<p>\u0122\u0113rmane uzvar\u0113t\u0101jai zaud\u0113ja 3,51 sekundi, ta\u010du otraj\u0101 braucien\u0101 uzr\u0101d\u012bja sesto \u0101tr\u0101ko laiku.<\/p>\n<p>Pirmaj\u0101 braucien\u0101 lab\u0101ko rezult\u0101tu sasniedza \u0160ifrina, kura trasi veica 54,22 sekund\u0113s, par 0,31 sekundi apsteidzot Kolturi un par 0,48 sekund\u0113m &#8211; \u0161veicietes Kamillu Rastu un Vendiju Holdeneri.<\/p>\n<p>\u0122\u0113rmane trasi veica 56,93 sekund\u0113s, ie\u0146emot 18. vietu 65 sportistu konkurenc\u0113, bet Bondare bija 22 pirmaj\u0101 braucien\u0101 nefini\u0161\u0113ju\u0161o kalnu sl\u0113pot\u0101ju vid\u016b.<\/p>\n<p>Pirms ned\u0113\u013cas \u0122\u0113rmane, atgrie\u017eoties sacens\u012bb\u0101s p\u0113c teju gadu ilgas pauzes, Somij\u0101 otraj\u0101 tras\u0113 sasniedza piekto lab\u0101ko rezult\u0101tu un divu braucienu summ\u0101 izc\u012bn\u012bja 21. vietu. Bondare ie\u0146\u0113ma 68. vietu.<\/p>\n<p>Pirms gada \u0122\u0113rmane Levi slalom\u0101 ie\u0146\u0113ma 21. vietu, bet p\u0113c ned\u0113\u013cas sacens\u012bb\u0101s Austrijas pils\u0113t\u0101 Gurgl\u0101 nefini\u0161\u0113ja, un vi\u0146ai tika veikta ce\u013cgala oper\u0101cija.<\/p>\n<p>2024.\/2025. gada sezon\u0101 \u0122\u0113rmane Pasaules kausa posmos tr\u012bsreiz izc\u012bn\u012bja astoto vietu slalom\u0101, kas ir neatkar\u012bg\u0101s Latvijas kalnu sl\u0113po\u0161anas rekords. Fin\u0101lsacens\u012bb\u0101s latviete ie\u0146\u0113ma 14. vietu.<\/p>\n<p>\u0122\u0113rmane 2024. gada s\u0101kum\u0101 k\u013cuva ar\u012b par pasaules junioru \u010dempioni slalom\u0101.<\/p>\n","protected":false},"excerpt":{"rendered":"Par uzvar\u0113t\u0101ju k\u013cuva amerik\u0101niete Mikeila \u0160ifrina, kura abas trases veica min\u016bt\u0113 un 48,11 sekund\u0113s, izc\u012bnot savu 103. uzvaru&hellip;\n","protected":false},"author":2,"featured_media":56849,"comment_status":"","ping_status":"","sticky":false,"template":"","format":"standard","meta":{"footnotes":""},"categories":[5],"tags":[23,28,29,13689,32,33,22,7613,30,31,35,39,38,36,37,34,40,20,26,27,24,25,21],"class_list":{"0":"post-56848","1":"post","2":"type-post","3":"status-publish","4":"format-standard","5":"has-post-thumbnail","7":"category-aktualitates","8":"tag-aktualitates","9":"tag-breaking-news","10":"tag-breakingnews","11":"tag-dzenifera-germane","12":"tag-featured-news","13":"tag-featurednews","14":"tag-headlines","15":"tag-kalnu-sleposana","16":"tag-latest-news","17":"tag-latestnews","18":"tag-latvia","19":"tag-latvian","20":"tag-latviesu","21":"tag-latviesu-valoda","22":"tag-latviesuvaloda","23":"tag-latvija","24":"tag-lv","25":"tag-news","26":"tag-popularakas-zinas","27":"tag-popularakaszinas","28":"tag-top-stories","29":"tag-topstories","30":"tag-zinas"},"share_on_mastodon":{"url":"https:\/\/pubeurope.com\/@lv\/115599826160306805","error":""},"_links":{"self":[{"href":"https:\/\/www.europesays.com\/lv\/wp-json\/wp\/v2\/posts\/56848","targetHints":{"allow":["GET"]}}],"collection":[{"href":"https:\/\/www.europesays.com\/lv\/wp-json\/wp\/v2\/posts"}],"about":[{"href":"https:\/\/www.europesays.com\/lv\/wp-json\/wp\/v2\/types\/post"}],"author":[{"embeddable":true,"href":"https:\/\/www.europesays.com\/lv\/wp-json\/wp\/v2\/users\/2"}],"replies":[{"embeddable":true,"href":"https:\/\/www.europesays.com\/lv\/wp-json\/wp\/v2\/comments?post=56848"}],"version-history":[{"count":0,"href":"https:\/\/www.europesays.com\/lv\/wp-json\/wp\/v2\/posts\/56848\/revisions"}],"wp:featuredmedia":[{"embeddable":true,"href":"https:\/\/www.europesays.com\/lv\/wp-json\/wp\/v2\/media\/56849"}],"wp:attachment":[{"href":"https:\/\/www.europesays.com\/lv\/wp-json\/wp\/v2\/media?parent=56848"}],"wp:term":[{"taxonomy":"category","embeddable":true,"href":"https:\/\/www.europesays.com\/lv\/wp-json\/wp\/v2\/categories?post=56848"},{"taxonomy":"post_tag","embeddable":true,"href":"https:\/\/www.europesays.com\/lv\/wp-json\/wp\/v2\/tags?post=56848"}],"curies":[{"name":"wp","href":"https:\/\/api.w.org\/{rel}","templated":true}]}}