{"id":56850,"date":"2025-11-23T15:58:13","date_gmt":"2025-11-23T15:58:13","guid":{"rendered":"https:\/\/www.europesays.com\/lv\/56850\/"},"modified":"2025-11-23T15:58:13","modified_gmt":"2025-11-23T15:58:13","slug":"baltijas-valstu-un-ziemelvalstu-lideri-apnemas-turpinat-ukrainas-apbrunosanu-un-eiropas-aizsardzibas-stiprinasanu","status":"publish","type":"post","link":"https:\/\/www.europesays.com\/lv\/56850\/","title":{"rendered":"Baltijas valstu un Zieme\u013cvalstu l\u012bderi ap\u0146emas turpin\u0101t Ukrainas apbru\u0146o\u0161anu un Eiropas aizsardz\u012bbas stiprin\u0101\u0161anu"},"content":{"rendered":"<p>Baltijas valstu un Zieme\u013cvalstu (NB8) l\u012bderi ap\u0146emas turpin\u0101t apbru\u0146ot Ukrainu un stiprin\u0101t Eiropas aizsardz\u012bbu, pausts Baltijas valstu un NB8 kop\u012bgaj\u0101 pazi\u0146ojum\u0101.<\/p>\n<p>Pazi\u0146ojum\u0101 teikts, ka Baltijas valstu un NB8 l\u012bderi \u0161odien sarun\u0101ju\u0161ies ar Ukrainas prezidentu Volodimiru Zelenski. &#8220;M\u0113s esam atbalst\u012bju\u0161i Ukrainu kop\u0161 pa\u0161a Krievijas agresijas kara s\u0101kuma un turpin\u0101sim to dar\u012bt. M\u016bsu p\u0101rliec\u012bba ir balst\u012bta uz to, ka m\u0113s zin\u0101m: runa nav tikai par Ukrainas dro\u0161\u012bbu, bet ar\u012b par pla\u0161\u0101ku Eiropas dro\u0161\u012bbu,&#8221; uzsv\u0113rts pazi\u0146ojum\u0101.<\/p>\n<p>K\u0101 skaidro Baltijas valstu un NB8 l\u012bderi, Ukraina ir nep\u0101rtraukti r\u0101d\u012bjusi, ka t\u0101 nopietni v\u0113las mieru. Baltijas valstu un NB8 l\u012bderi atzin\u012bgi v\u0113rt\u0113 prezidenta Zelenska centienus vest Ukrainu cauri \u0161iem \u013coti sare\u017e\u0123\u012btajiem laikiem. &#8220;Ukraina joproj\u0101m ir gatava sarun\u0101m un, k\u0101 pazi\u0146oja prezidents Zelenskis, str\u0101d\u0101 pie dokumenta, ko sagatavoju\u0161as Amerikas Savienot\u0101s Valstis. Krievija l\u012bdz \u0161im nav ap\u0146\u0113musies iev\u0113rot pamieru vai \u012bstenot jebk\u0101dus so\u013cus, kas vestu pie miera. T\u0101 viet\u0101 Krievija turpina savus brut\u0101los uzbrukumus Ukrainas civiliedz\u012bvot\u0101jiem un infrastrukt\u016brai,&#8221; akcent\u0113ts pazi\u0146ojum\u0101.<\/p>\n<p>Baltijas valstu un NB8 l\u012bderi atbalsta risin\u0101jumus, kas respekt\u0113 Ukrainas suverenit\u0101ti un kas nes\u012bs Ukrainai un Eiropai liel\u0101ku dro\u0161\u012bbu un stabilit\u0101ti.<\/p>\n<p>&#8220;M\u0113s turpin\u0101sim apbru\u0146ot Ukrainu un stiprin\u0101t Eiropas aizsardz\u012bbu, lai attur\u0113tu t\u0101l\u0101ku Krievijas agresiju. Kam\u0113r Krievija turpin\u0101s savu karu pret Ukrainu, m\u0113s atbalst\u012bsim ar\u012b sankciju un pla\u0161\u0101ku ekonomisko pas\u0101kumu stiprin\u0101\u0161anu,&#8221; ap\u0146em\u0161anos pau\u017e Baltijas valstu un NB8 l\u012bderi, v\u0113r\u0161oties pie Ukrainas iedz\u012bvot\u0101jiem, akcent\u0113jot vi\u0146u ap\u0146\u0113m\u012bbu, izl\u0113m\u012bbu un drosmi kop\u0161 pa\u0161a kara s\u0101kuma. &#8220;M\u0113s v\u0113lamies, lai j\u016bs zin\u0101tu, ka neesat vieni un varat pa\u013cauties uz m\u016bsu atbalstu.&#8221;<\/p>\n<p>K\u0101 zi\u0146ots, NB8 valstis &#8211; Latvija, Igaunija, Lietuva, Somija, Zviedrija, D\u0101nija, Norv\u0113\u0123ija un Islande &#8211; kop\u0161 Krievijas pilna m\u0113roga iebrukuma s\u0101kuma konsekventi sniedz Ukrainai milit\u0101ru, finansi\u0101lu un praktisku atbalstu un ap\u0146\u0113mu\u0161\u0101s to turpin\u0101t, lai stiprin\u0101tu Ukrainas aizsardz\u012bbas sp\u0113jas, Eiropas dro\u0161\u012bbu un starptautiskaj\u0101s ties\u012bb\u0101s balst\u012btu k\u0101rt\u012bbu.<\/p>\n<p>T\u0101pat v\u0113st\u012bts, ka Va\u0161ingtona pied\u0101v\u0101jusi pl\u0101nu kara izbeig\u0161anai Ukrain\u0101, kas, p\u0113c visa sprie\u017eot, balst\u012bts pamat\u0101 uz Krievijas pras\u012bb\u0101m. Tas paredz ne tikai okup\u0113to teritoriju palik\u0161anu Krievijas kontrol\u0113, bet ar\u012b Ukrainas ap\u0146em\u0161anos nepievienoties NATO, alianses nepapla\u0161in\u0101\u0161anu un Krievijas atgrie\u0161anos G8, liecina zi\u0146u a\u0123ent\u016bras AFP r\u012bc\u012bb\u0101 non\u0101ku\u0161ais pl\u0101na projekts.<\/p>\n<p>ASV prezidents Donalds Tramps sestdien pazi\u0146oja, ka vi\u0146a pl\u0101ns izbeigt karu Ukrain\u0101 nav vi\u0146a gal\u012bgais pied\u0101v\u0101jums un ka &#8220;t\u0101 vai cit\u0101di&#8221; vi\u0146\u0161 cer, ka ka kaujas tiks p\u0101rtrauktas.<\/p>\n<p>Ukrainas prezidents Volodimirs Zelenskis uz \u0161o pl\u0101nu rea\u0123\u0113jis attur\u012bgi, sakot, ka vi\u0146\u0161 ierosin\u0101s &#8220;alternat\u012bvas&#8221;.<\/p>\n<p>Krievijas diktators Vladimirs Putins pazi\u0146oja, ka ir gatavs apspriest pl\u0101na deta\u013cas, bet, ja Kijiva no t\u0101 atteiksies, Maskava turpin\u0101s 2022. gada febru\u0101r\u012b s\u0101kto ofens\u012bvu Ukrain\u0101.<\/p>\n","protected":false},"excerpt":{"rendered":"Baltijas valstu un Zieme\u013cvalstu (NB8) l\u012bderi ap\u0146emas turpin\u0101t apbru\u0146ot Ukrainu un stiprin\u0101t Eiropas aizsardz\u012bbu, pausts Baltijas valstu un&hellip;\n","protected":false},"author":2,"featured_media":56851,"comment_status":"","ping_status":"","sticky":false,"template":"","format":"standard","meta":{"footnotes":""},"categories":[14],"tags":[23,57,28,29,47,32,33,22,381,64,30,31,35,39,38,36,37,34,40,20,385,26,27,172,382,384,383,24,25,54,55,56,21,58],"class_list":{"0":"post-56850","1":"post","2":"type-post","3":"status-publish","4":"format-standard","5":"has-post-thumbnail","7":"category-zinas-no-arvalstim","8":"tag-aktualitates","9":"tag-arvalstim","10":"tag-breaking-news","11":"tag-breakingnews","12":"tag-ekonomika","13":"tag-featured-news","14":"tag-featurednews","15":"tag-headlines","16":"tag-jaunumi","17":"tag-kultura","18":"tag-latest-news","19":"tag-latestnews","20":"tag-latvia","21":"tag-latvian","22":"tag-latviesu","23":"tag-latviesu-valoda","24":"tag-latviesuvaloda","25":"tag-latvija","26":"tag-lv","27":"tag-news","28":"tag-pieriga","29":"tag-popularakas-zinas","30":"tag-popularakaszinas","31":"tag-riga","32":"tag-sabiedriba","33":"tag-sludinajumi","34":"tag-sports-afisa","35":"tag-top-stories","36":"tag-topstories","37":"tag-world","38":"tag-world-news","39":"tag-worldnews","40":"tag-zinas","41":"tag-zinas-no-arvalstim"},"share_on_mastodon":{"url":"","error":"Validation failed: Text character limit of 500 exceeded"},"_links":{"self":[{"href":"https:\/\/www.europesays.com\/lv\/wp-json\/wp\/v2\/posts\/56850","targetHints":{"allow":["GET"]}}],"collection":[{"href":"https:\/\/www.europesays.com\/lv\/wp-json\/wp\/v2\/posts"}],"about":[{"href":"https:\/\/www.europesays.com\/lv\/wp-json\/wp\/v2\/types\/post"}],"author":[{"embeddable":true,"href":"https:\/\/www.europesays.com\/lv\/wp-json\/wp\/v2\/users\/2"}],"replies":[{"embeddable":true,"href":"https:\/\/www.europesays.com\/lv\/wp-json\/wp\/v2\/comments?post=56850"}],"version-history":[{"count":0,"href":"https:\/\/www.europesays.com\/lv\/wp-json\/wp\/v2\/posts\/56850\/revisions"}],"wp:featuredmedia":[{"embeddable":true,"href":"https:\/\/www.europesays.com\/lv\/wp-json\/wp\/v2\/media\/56851"}],"wp:attachment":[{"href":"https:\/\/www.europesays.com\/lv\/wp-json\/wp\/v2\/media?parent=56850"}],"wp:term":[{"taxonomy":"category","embeddable":true,"href":"https:\/\/www.europesays.com\/lv\/wp-json\/wp\/v2\/categories?post=56850"},{"taxonomy":"post_tag","embeddable":true,"href":"https:\/\/www.europesays.com\/lv\/wp-json\/wp\/v2\/tags?post=56850"}],"curies":[{"name":"wp","href":"https:\/\/api.w.org\/{rel}","templated":true}]}}