{"id":56852,"date":"2025-11-23T16:00:15","date_gmt":"2025-11-23T16:00:15","guid":{"rendered":"https:\/\/www.europesays.com\/lv\/56852\/"},"modified":"2025-11-23T16:00:15","modified_gmt":"2025-11-23T16:00:15","slug":"ek-piedava-pasakumus-efektivakam-papildpensijam-es-iedzivotajiem","status":"publish","type":"post","link":"https:\/\/www.europesays.com\/lv\/56852\/","title":{"rendered":"EK pied\u0101v\u0101 pas\u0101kumus efekt\u012bv\u0101k\u0101m papildpensij\u0101m ES iedz\u012bvot\u0101jiem"},"content":{"rendered":"<p>Pas\u0101kumi paredz\u0113ti k\u0101 valsts pensiju papildin\u0101jums, nevis aizst\u0101j\u0113js. Iniciat\u012bva izstr\u0101d\u0101ta uzkr\u0101jumu un invest\u012bciju savien\u012bbas strat\u0113\u0123ij\u0101, lai veicin\u0101tu m\u0101jsaimniec\u012bbu iesp\u0113jas uzkr\u0101t, invest\u0113t kapit\u0101la tirgos un vienlaikus stiprin\u0101t ES ekonomikas izaugsmi un konkur\u0113tsp\u0113ju.<\/p>\n<p>EK nor\u0101da, ka demogr\u0101fisk\u0101s p\u0101rmai\u0146as un darba tirgus dinamika prasa pensiju sist\u0113mu piel\u0101go\u0161anu, savuk\u0101rt papildpensijas &#8211; gan arodpensiju, gan priv\u0101t\u0101s sh\u0113mas &#8211; var pal\u012bdz\u0113t iedz\u012bvot\u0101jiem diversific\u0113t ien\u0101kumus un uzlabot finansi\u0101lo dro\u0161\u012bbu vecumdien\u0101s.<\/p>\n<p>Patlaban v\u012brie\u0161u un sievie\u0161u pensiju at\u0161\u0137ir\u012bba ES ir 24,5%, un valsts pensija daudzos gad\u012bjumos vien nevar nodro\u0161in\u0101t pien\u0101c\u012bgu dz\u012bves l\u012bmeni.<\/p>\n<p>Stabil\u0101kas papildpensiju sh\u0113mas var mobiliz\u0113t ilgtermi\u0146a uzkr\u0101jumus un veicin\u0101t Eiropas ekonomikas konkur\u0113tsp\u0113ju. EK uzsver, ka piln\u012bb\u0101 tiek iev\u0113rota dal\u012bbvalstu kompetence pensiju sist\u0113mu strukt\u016br\u0101, k\u0101 ar\u012b soci\u0101lo partneru loma.<\/p>\n<p>Pie\u0146emtie pas\u0101kumi balst\u0101s uz iepriek\u0161\u0113j\u0101m iniciat\u012bv\u0101m, tostarp pazi\u0146ojumu par finan\u0161prat\u012bbu un ieteikumu par uzkr\u0101jumu un invest\u012bciju kontiem, kuru m\u0113r\u0137is ir uzlabot iedz\u012bvot\u0101ju finansi\u0101lo labkl\u0101j\u012bbu.<\/p>\n<p>Ierosin\u0101tie pas\u0101kumi ir, piem\u0113ram, autom\u0101tiska re\u0123istr\u0113\u0161an\u0101s papildpensiju sh\u0113m\u0101s ar iesp\u0113ju atteikties, iev\u0113rojot valstu specifiku un soci\u0101lo partneru autonomiju. \u0160\u0101da pas\u0101kuma m\u0113r\u0137is ir palielin\u0101t dal\u012bbu papildpensiju uzkr\u0101jumos.<\/p>\n<p>T\u0101pat EK rosina izstr\u0101d\u0101t pensiju izsekojam\u012bbas sist\u0113mu, lai iedz\u012bvot\u0101ji vienkopus var\u0113tu redz\u0113t inform\u0101ciju par sav\u0101m pensiju ties\u012bb\u0101m da\u017e\u0101d\u0101s sh\u0113m\u0101s. \u0160\u012bs sist\u0113mas j\u0101nodro\u0161ina sader\u012bgas ar Eiropas pensiju ties\u012bbu izsekojam\u012bbas dienestu, atbalstot p\u0101rrobe\u017eu mobilit\u0101ti.<\/p>\n<p>V\u0113l EK pied\u0101v\u0101 izveidot Valsts pensiju infopane\u013cus, lai politikas veidot\u0101ji var\u0113tu nov\u0113rt\u0113t daudzl\u012bme\u0146u pensiju sist\u0113mu segumu, ilgtsp\u0113ju un pietiekam\u012bbu. Infopane\u013ci v\u0113l\u0101k tiktu integr\u0113ti ES l\u012bme\u0146a pensiju infopanel\u012b.<\/p>\n","protected":false},"excerpt":{"rendered":"Pas\u0101kumi paredz\u0113ti k\u0101 valsts pensiju papildin\u0101jums, nevis aizst\u0101j\u0113js. Iniciat\u012bva izstr\u0101d\u0101ta uzkr\u0101jumu un invest\u012bciju savien\u012bbas strat\u0113\u0123ij\u0101, lai veicin\u0101tu m\u0101jsaimniec\u012bbu&hellip;\n","protected":false},"author":2,"featured_media":56853,"comment_status":"","ping_status":"","sticky":false,"template":"","format":"standard","meta":{"footnotes":""},"categories":[5],"tags":[23,28,29,512,32,33,22,30,31,35,39,38,36,37,34,40,20,1841,1842,26,27,24,25,21],"class_list":{"0":"post-56852","1":"post","2":"type-post","3":"status-publish","4":"format-standard","5":"has-post-thumbnail","7":"category-aktualitates","8":"tag-aktualitates","9":"tag-breaking-news","10":"tag-breakingnews","11":"tag-eiropas-komisija","12":"tag-featured-news","13":"tag-featurednews","14":"tag-headlines","15":"tag-latest-news","16":"tag-latestnews","17":"tag-latvia","18":"tag-latvian","19":"tag-latviesu","20":"tag-latviesu-valoda","21":"tag-latviesuvaloda","22":"tag-latvija","23":"tag-lv","24":"tag-news","25":"tag-pensijas","26":"tag-pensionari","27":"tag-popularakas-zinas","28":"tag-popularakaszinas","29":"tag-top-stories","30":"tag-topstories","31":"tag-zinas"},"share_on_mastodon":{"url":"https:\/\/pubeurope.com\/@lv\/115599849780573164","error":""},"_links":{"self":[{"href":"https:\/\/www.europesays.com\/lv\/wp-json\/wp\/v2\/posts\/56852","targetHints":{"allow":["GET"]}}],"collection":[{"href":"https:\/\/www.europesays.com\/lv\/wp-json\/wp\/v2\/posts"}],"about":[{"href":"https:\/\/www.europesays.com\/lv\/wp-json\/wp\/v2\/types\/post"}],"author":[{"embeddable":true,"href":"https:\/\/www.europesays.com\/lv\/wp-json\/wp\/v2\/users\/2"}],"replies":[{"embeddable":true,"href":"https:\/\/www.europesays.com\/lv\/wp-json\/wp\/v2\/comments?post=56852"}],"version-history":[{"count":0,"href":"https:\/\/www.europesays.com\/lv\/wp-json\/wp\/v2\/posts\/56852\/revisions"}],"wp:featuredmedia":[{"embeddable":true,"href":"https:\/\/www.europesays.com\/lv\/wp-json\/wp\/v2\/media\/56853"}],"wp:attachment":[{"href":"https:\/\/www.europesays.com\/lv\/wp-json\/wp\/v2\/media?parent=56852"}],"wp:term":[{"taxonomy":"category","embeddable":true,"href":"https:\/\/www.europesays.com\/lv\/wp-json\/wp\/v2\/categories?post=56852"},{"taxonomy":"post_tag","embeddable":true,"href":"https:\/\/www.europesays.com\/lv\/wp-json\/wp\/v2\/tags?post=56852"}],"curies":[{"name":"wp","href":"https:\/\/api.w.org\/{rel}","templated":true}]}}