{"id":56854,"date":"2025-11-23T16:06:16","date_gmt":"2025-11-23T16:06:16","guid":{"rendered":"https:\/\/www.europesays.com\/lv\/56854\/"},"modified":"2025-11-23T16:06:16","modified_gmt":"2025-11-23T16:06:16","slug":"novembra-izskana-nepastavigi-laikapstakli-ar-sniegu-lietu-un-veju-delfi","status":"publish","type":"post","link":"https:\/\/www.europesays.com\/lv\/56854\/","title":{"rendered":"Novembra izska\u0146\u0101 \u2013 nepast\u0101v\u012bgi laikapst\u0101k\u013ci ar sniegu, lietu un v\u0113ju &#8211; Delfi"},"content":{"rendered":"<ol>\n<li><a href=\"https:\/\/news.google.com\/rss\/articles\/CBMiwAFBVV95cUxPTkNnVTlvSXJnLU90QlVXSkxjN3BMREk0QW1rN0JCN0plSkZIaTlQUU85OWVJZHF4LTdNQXNpbTUyWkVBYTJPRldERVB0NWM0T2oycHh3ODJCSFREWE1FZ3BQQkJDMUExTG1IbG1uMjJISXktbnlQTG5zTER1Y0NrUGZVcUI4MFMtYm5OanlIeUhxOWxNOTliUENpVlJnMWgxVzFCRzBjRi1OWHVueEhzRmVySzRITGNtSmhld3JpRDc?oc=5\" target=\"_blank\" rel=\"nofollow noopener\">Novembra izska\u0146\u0101 \u2013 nepast\u0101v\u012bgi laikapst\u0101k\u013ci ar sniegu, lietu un v\u0113ju<\/a>&nbsp;&nbsp;Delfi<\/li>\n<li><a href=\"https:\/\/news.google.com\/rss\/articles\/CBMipgFBVV95cUxNeHlaTVpLVDY0UlhmdFVGbEdNSzNLTHhXeTczcENhUjJEWUZ6cFcycW1vcm84aWxOUjZJRnpRdEtCOXZ2cGRidWViZ0ZsZXI0cFl2dVEyZlZJTTBvWDBabHBlMVY1eTA1eUJfelNkWDhjSkVZY1Q5YjdjWE1YTnh5YVVMUDVqX29OeXdIZDAyaV9lOTA3SklTYW9WT3M3ZEN3cEJkZUtB?oc=5\" target=\"_blank\" rel=\"nofollow noopener\">N\u0101kamned\u0113\u013c vair\u0101kos re\u0123ionos var\u0113tu iest\u0101ties meteorolo\u0123isk\u0101 ziema<\/a>&nbsp;&nbsp;Jauns.lv<\/li>\n<li><a href=\"https:\/\/news.google.com\/rss\/articles\/CBMilAFBVV95cUxNTklxdWpROFRBYkxqZGFiNWdpV0xXY19RTlNDRWpYR0hZNlQySUI5LXlzenl3RHZTY3J3Rl9zVnFUcjNLN2FDNmYxdVI2MHQzNUtkd0pDcm1lWU80Q2ZLc0NLdnVVeEM2TzBCTE1na3F3REN2VkRiMnY5cjNoakkzcVpnVTJKYm1mQTluZTZOUFhPYkpP?oc=5\" target=\"_blank\" rel=\"nofollow noopener\">M\u0113ne\u0161a atliku\u0161aj\u0101s ned\u0113\u013c\u0101s palaikam gaid\u0101ms lietus un sniegs<\/a>&nbsp;&nbsp;Apollo.lv<\/li>\n<li><a href=\"https:\/\/news.google.com\/rss\/articles\/CBMiwwFBVV95cUxQMVNWb0JTVl9hRmRmd1JILXJZM2Y2T3Q5THQ4QzZWN0R1bnBjMG1xMWtDSDloZktkZ041OVRKMEFfRDNUb1JjRTNMWFVoUzFKcHEyRTFBZWxBbzkzM1poc2kwV1JPWlloVV9hbUwxeUkwNGhhRjhiaHhrVEF1UGtZeHk5aHlSMjZwWGYxZFRiazVNN19DWTZhRDJLOGlxVVQ3RWJGREh0TnYxQ05UUE5RT3ctYnY0TU9UdHZDZWpLd3ZESk0?oc=5\" target=\"_blank\" rel=\"nofollow noopener\">Meteorologs atjaunina ziemas prognozi: &#8221;Pa \u012bstam ziema s\u0101ksies tikai no konkr\u0113t\u0101 datuma, ne \u0101tr\u0101k&#8221;<\/a>&nbsp;&nbsp;Dzentlmenis.lv<\/li>\n<li><a href=\"https:\/\/news.google.com\/rss\/articles\/CBMivgFBVV95cUxQcUVtNVZRZkxYczB0NEU4TnozOUNxcXpoLWVfRUUwTGZ4RjRuRDFBWEZHVXFLWFpyTXFlMG95dkMwaWJPN05OeEczMGdsMHdHUHplZlVfeTh2NFpzVUdlRnRyRjJIVlAxWXJMSFdkYjZSQUxhNHkyYlc2YkZZRHpkQ2tVLTVHRW9LNWFfVWM1ZWVQdDdNTXNRdUs3Y1V1aUYzZnpKUHRXSXFLbTdWTlIwRllEMkxVRGNJbDV4QjVn?oc=5\" target=\"_blank\" rel=\"nofollow noopener\">Toms Bricis ieskic\u0113 pirm\u0101s laikapst\u0101k\u013cu prognozes \u2013 ar\u012b \u0161\u012b ziema var\u0113tu b\u016bt netipiski silta<\/a>&nbsp;&nbsp;1188.lv<\/li>\n<\/ol>\n","protected":false},"excerpt":{"rendered":"Novembra izska\u0146\u0101 \u2013 nepast\u0101v\u012bgi laikapst\u0101k\u013ci ar sniegu, lietu un v\u0113ju&nbsp;&nbsp;Delfi N\u0101kamned\u0113\u013c vair\u0101kos re\u0123ionos var\u0113tu iest\u0101ties meteorolo\u0123isk\u0101 ziema&nbsp;&nbsp;Jauns.lv M\u0113ne\u0161a&hellip;\n","protected":false},"author":2,"featured_media":56855,"comment_status":"","ping_status":"","sticky":false,"template":"","format":"standard","meta":{"footnotes":""},"categories":[5],"tags":[23,28,29,32,33,3375,22,30,31,35,39,38,36,37,34,7186,40,20,26,27,4807,24,25,21],"class_list":{"0":"post-56854","1":"post","2":"type-post","3":"status-publish","4":"format-standard","5":"has-post-thumbnail","7":"category-aktualitates","8":"tag-aktualitates","9":"tag-breaking-news","10":"tag-breakingnews","11":"tag-featured-news","12":"tag-featurednews","13":"tag-geologijas-un-meteorologijas-centrs","14":"tag-headlines","15":"tag-latest-news","16":"tag-latestnews","17":"tag-latvia","18":"tag-latvian","19":"tag-latviesu","20":"tag-latviesu-valoda","21":"tag-latviesuvaloda","22":"tag-latvija","23":"tag-latvijas-vides","24":"tag-lv","25":"tag-news","26":"tag-popularakas-zinas","27":"tag-popularakaszinas","28":"tag-sniegs","29":"tag-top-stories","30":"tag-topstories","31":"tag-zinas"},"share_on_mastodon":{"url":"https:\/\/pubeurope.com\/@lv\/115599873506649614","error":""},"_links":{"self":[{"href":"https:\/\/www.europesays.com\/lv\/wp-json\/wp\/v2\/posts\/56854","targetHints":{"allow":["GET"]}}],"collection":[{"href":"https:\/\/www.europesays.com\/lv\/wp-json\/wp\/v2\/posts"}],"about":[{"href":"https:\/\/www.europesays.com\/lv\/wp-json\/wp\/v2\/types\/post"}],"author":[{"embeddable":true,"href":"https:\/\/www.europesays.com\/lv\/wp-json\/wp\/v2\/users\/2"}],"replies":[{"embeddable":true,"href":"https:\/\/www.europesays.com\/lv\/wp-json\/wp\/v2\/comments?post=56854"}],"version-history":[{"count":0,"href":"https:\/\/www.europesays.com\/lv\/wp-json\/wp\/v2\/posts\/56854\/revisions"}],"wp:featuredmedia":[{"embeddable":true,"href":"https:\/\/www.europesays.com\/lv\/wp-json\/wp\/v2\/media\/56855"}],"wp:attachment":[{"href":"https:\/\/www.europesays.com\/lv\/wp-json\/wp\/v2\/media?parent=56854"}],"wp:term":[{"taxonomy":"category","embeddable":true,"href":"https:\/\/www.europesays.com\/lv\/wp-json\/wp\/v2\/categories?post=56854"},{"taxonomy":"post_tag","embeddable":true,"href":"https:\/\/www.europesays.com\/lv\/wp-json\/wp\/v2\/tags?post=56854"}],"curies":[{"name":"wp","href":"https:\/\/api.w.org\/{rel}","templated":true}]}}