{"id":56863,"date":"2025-11-23T16:18:08","date_gmt":"2025-11-23T16:18:08","guid":{"rendered":"https:\/\/www.europesays.com\/lv\/56863\/"},"modified":"2025-11-23T16:18:08","modified_gmt":"2025-11-23T16:18:08","slug":"ukraina-neizrada-nekadu-pateicibu-asv","status":"publish","type":"post","link":"https:\/\/www.europesays.com\/lv\/56863\/","title":{"rendered":"Ukraina neizr\u0101da nek\u0101du pateic\u012bbu ASV"},"content":{"rendered":"<p>Tramps ierakst\u0101 sav\u0101 soci\u0101l\u0101s sazi\u0146as vietn\u0113 &#8220;Truth Social&#8221; k\u0101rt\u0113jo reizi apgalvojis, ka kar\u0161 starp Krieviju un Ukrainu neb\u016btu s\u0101cies, ja ASV un Ukrain\u0101 pie varas b\u016btu atradu\u0161ies &#8220;sp\u0113c\u012bgi un atbilsto\u0161i l\u012bderi&#8221;.<\/p>\n<p>&#8220;Ja 2020. gada v\u0113l\u0113\u0161anas neb\u016btu viltotas un nozagtas &#8211; vien\u012bgais, ko m\u0101k dar\u012bt radik\u0101li kreisie demokr\u0101ti, &#8211; kara starp Ukrainu un Krieviju neb\u016btu, k\u0101 nebija pat t\u0101 piemin\u0113\u0161anas mana pirm\u0101 termi\u0146a laik\u0101 [prezidenta] amat\u0101. Putins nekad neb\u016btu uzbrucis!&#8221; nor\u0101d\u012bjis Tramps.<\/p>\n<p>Vi\u0146\u0161 piebildis, ka kar\u0161 ir zaud\u0113jums visiem, &#8220;\u012bpa\u0161i miljoniem cilv\u0113ku, kas bezj\u0113dz\u012bgi g\u0101ju\u0161i boj\u0101&#8221;.<\/p>\n<p>&#8220;Ukrainas vad\u012bba nav paudusi nek\u0101du pateic\u012bbu par m\u016bsu p\u016bli\u0146iem, bet Eiropa turpina pirkt Krievijas naftu,&#8221; uzsv\u0113ris Balt\u0101 nama saimnieks.<\/p>\n<p>Vi\u0146\u0161 atg\u0101din\u0101jis, ka ASV turpina p\u0101rdot NATO milz\u012bgu daudzumu iero\u010du, kas p\u0113c tam tiek nodoti Ukrainai.<\/p>\n<p>K\u0101 zi\u0146ots, ASV pied\u0101v\u0101ju\u0161as 28 punktu &#8220;miera pl\u0101nu&#8221;, kas faktiski satur Krievijas maksim\u0101l\u0101s pras\u012bbas un tiek piel\u012bdzin\u0101ts Ukrainas kapitul\u0101cijai.<\/p>\n<p>\u0160is pl\u0101ns jau sastapis skarbu kritiku gan no Ukrainas, gan no Eiropas, gan no pa\u0161u ASV politi\u0137u puses.<\/p>\n<p>\u0160obr\u012bd \u017den\u0113v\u0101 t\u0101 saukto miera pl\u0101nu ar ASV amatperson\u0101m apsprie\u017e Eiropas un Ukrainas p\u0101rst\u0101vji.<\/p>\n","protected":false},"excerpt":{"rendered":"Tramps ierakst\u0101 sav\u0101 soci\u0101l\u0101s sazi\u0146as vietn\u0113 &#8220;Truth Social&#8221; k\u0101rt\u0113jo reizi apgalvojis, ka kar\u0161 starp Krieviju un Ukrainu neb\u016btu&hellip;\n","protected":false},"author":2,"featured_media":56864,"comment_status":"","ping_status":"","sticky":false,"template":"","format":"standard","meta":{"footnotes":""},"categories":[5],"tags":[23,28,29,542,32,33,22,74,30,31,35,39,38,36,37,34,40,20,26,27,24,25,10819,276,21],"class_list":{"0":"post-56863","1":"post","2":"type-post","3":"status-publish","4":"format-standard","5":"has-post-thumbnail","7":"category-aktualitates","8":"tag-aktualitates","9":"tag-breaking-news","10":"tag-breakingnews","11":"tag-donalds-tramps","12":"tag-featured-news","13":"tag-featurednews","14":"tag-headlines","15":"tag-krievijas-iebrukums-ukraina","16":"tag-latest-news","17":"tag-latestnews","18":"tag-latvia","19":"tag-latvian","20":"tag-latviesu","21":"tag-latviesu-valoda","22":"tag-latviesuvaloda","23":"tag-latvija","24":"tag-lv","25":"tag-news","26":"tag-popularakas-zinas","27":"tag-popularakaszinas","28":"tag-top-stories","29":"tag-topstories","30":"tag-truth-social","31":"tag-ukraina","32":"tag-zinas"},"share_on_mastodon":{"url":"https:\/\/pubeurope.com\/@lv\/115599920626089768","error":""},"_links":{"self":[{"href":"https:\/\/www.europesays.com\/lv\/wp-json\/wp\/v2\/posts\/56863","targetHints":{"allow":["GET"]}}],"collection":[{"href":"https:\/\/www.europesays.com\/lv\/wp-json\/wp\/v2\/posts"}],"about":[{"href":"https:\/\/www.europesays.com\/lv\/wp-json\/wp\/v2\/types\/post"}],"author":[{"embeddable":true,"href":"https:\/\/www.europesays.com\/lv\/wp-json\/wp\/v2\/users\/2"}],"replies":[{"embeddable":true,"href":"https:\/\/www.europesays.com\/lv\/wp-json\/wp\/v2\/comments?post=56863"}],"version-history":[{"count":0,"href":"https:\/\/www.europesays.com\/lv\/wp-json\/wp\/v2\/posts\/56863\/revisions"}],"wp:featuredmedia":[{"embeddable":true,"href":"https:\/\/www.europesays.com\/lv\/wp-json\/wp\/v2\/media\/56864"}],"wp:attachment":[{"href":"https:\/\/www.europesays.com\/lv\/wp-json\/wp\/v2\/media?parent=56863"}],"wp:term":[{"taxonomy":"category","embeddable":true,"href":"https:\/\/www.europesays.com\/lv\/wp-json\/wp\/v2\/categories?post=56863"},{"taxonomy":"post_tag","embeddable":true,"href":"https:\/\/www.europesays.com\/lv\/wp-json\/wp\/v2\/tags?post=56863"}],"curies":[{"name":"wp","href":"https:\/\/api.w.org\/{rel}","templated":true}]}}