{"id":56869,"date":"2025-11-23T16:25:23","date_gmt":"2025-11-23T16:25:23","guid":{"rendered":"https:\/\/www.europesays.com\/lv\/56869\/"},"modified":"2025-11-23T16:25:23","modified_gmt":"2025-11-23T16:25:23","slug":"princis-harijs-un-megana-markla-skupstas-reklamas-klipa-reklamejot-jauno-ziemassvetku-netflix-specializlaidumu-lente-lv","status":"publish","type":"post","link":"https:\/\/www.europesays.com\/lv\/56869\/","title":{"rendered":"Princis Harijs un Megana M\u0101rkla sk\u016bpst\u0101s rekl\u0101mas klip\u0101, reklam\u0113jot jauno Ziemassv\u0113tku &#8220;Netflix&#8221; speci\u0101lizlaidumu\u00a0\u2014\u00a0Lente.lv"},"content":{"rendered":"<p>Megana M\u0101rkla un Princis Harijs reklam\u0113 savu jauno Ziemassv\u0113tku speci\u0101lizlaidumu<\/p>\n<p>Saseksas hercogiene Megana M\u0101rkla ir publiskojusi rekl\u0101mas video savam gaid\u0101majam Ziemassv\u0113tku speci\u0101lizlaidumam, kas dr\u012bzum\u0101 b\u016bs skat\u0101ms straum\u0113\u0161anas platform\u0101 \u201cNetflix\u201d. \u0160aj\u0101 aizraujo\u0161aj\u0101 klip\u0101 ir iem\u016b\u017ein\u0101ts ar\u012b int\u012bms un sirds silts br\u012bdis starp princi Hariju un Meganu M\u0101rklu, radot papildu interesi par gaid\u0101mo projektu. Video redzams, k\u0101 p\u0101ris virtuv\u0113 apmain\u0101s ar maigiem sk\u016bpstiem, uzsverot sv\u0113tku laika noz\u012bmi un kop\u0101 b\u016b\u0161anas prieku. Tas ir emocion\u0101li pies\u0101tin\u0101ts mirklis, kas liecina par vi\u0146u savstarp\u0113jo m\u012blest\u012bbu un r\u016bp\u0113m.<\/p>\n<p>\u201cAr m\u012blest\u012bbu, Megana: Sv\u0113tku svin\u0113\u0161ana\u201d \u2013 ieskats \u0161ov\u0101<\/p>\n<p>Treileris raid\u012bjumam \u201cAr m\u012blest\u012bbu, Megana: Sv\u0113tku svin\u0113\u0161ana\u201d (With Love, Meghan: A Holiday Celebration) atkl\u0101j hercogienes p\u0101rdomas par \u201ctrad\u012bciju kop\u0161anu\u201d un \u201csaiknes stiprin\u0101\u0161anu ar cilv\u0113kiem, kurus m\u012blam\u201d. Vi\u0146a uzsver, ka sv\u0113tku laiks ir \u012bpa\u0161s br\u012bdis, kad velt\u012bt laiku m\u012b\u013cotajiem, kopt eso\u0161\u0101s un rad\u012bt jaunas trad\u012bcijas. Megana demonstr\u0113 savas rado\u0161\u0101s prasmes, gatavojot Adventes kalend\u0101rus saviem b\u0113rniem, \u0100r\u010dijam un Lilibetai, k\u0101 ar\u012b dal\u0101s ar padomiem par sezon\u0101lu \u0113dienu gatavo\u0161anu un sv\u0113tku svin\u0113\u0161anu kop\u0101 ar viesiem. Vi\u0146a atkl\u0101j, ka viesm\u012bl\u012bba noz\u012bm\u0113 likt cilv\u0113kiem justies gaid\u012btiem.<\/p>\n<p>Jaunais l\u012bgums ar Netflix un rado\u0161\u0101s ieceres<\/p>\n<p>Princis Harijs un Megana M\u0101rkla nosl\u0113gu\u0161i jaunu, daudzu gadu l\u012bgumu ar \u201cNetflix\u201d, kas paredz vi\u0146u akt\u012bv\u0101ku l\u012bdzdal\u012bbu ori\u0123in\u0101lsaturta veido\u0161an\u0101. \u0160is l\u012bgums, lai gan varb\u016bt maz\u0101k izdev\u012bgs nek\u0101 s\u0101kotn\u0113jais, sniedz platformai liel\u0101ku kontroli p\u0101r projektu apstiprin\u0101\u0161anu, vienlaikus nodro\u0161inot p\u0101rim iesp\u0113ju realiz\u0113t savas rado\u0161\u0101s ieceres. P\u0101ris jau iepriek\u0161 ir sadarbojies ar \u201cNetflix\u201d, radot dokument\u0101l\u0101s filmas, seri\u0101lus un b\u0113rnu programmas, uzsverot savu misiju dal\u012bties ar st\u0101stiem un veicin\u0101t pozit\u012bvas p\u0101rmai\u0146as. Pirmais ofici\u0101lais projekts, kas tika izlaists p\u0113c l\u012bguma nosl\u0113g\u0161anas 2020. gad\u0101, bija saist\u012bts ar prin\u010da Harija dibin\u0101to labdar\u012bbas projektu \u201cInvictus Games\u201d, apliecinot vi\u0146u ap\u0146em\u0161anos atbalst\u012bt noz\u012bm\u012bgas iniciat\u012bvas.<\/p>\n<p>N\u0101kotnes projekti un priv\u0101t\u0101s dz\u012bves atkl\u0101\u0161ana<\/p>\n<p>Neskatoties uz spekul\u0101cij\u0101m par p\u0101ra attiec\u012bb\u0101m, vi\u0146u draugi uzsver, ka \u0161obr\u012bd vi\u0146i koncentr\u0113jas uz sav\u0101m individu\u0101laj\u0101m karjer\u0101m un priorit\u0101t\u0113m. Megana piev\u0113r\u0161as biznesa projektiem, kam\u0113r Harijs atbalsta savas patron\u0101l\u0101s organiz\u0101cijas. Tom\u0113r paredzams, ka vi\u0146i turpin\u0101s sadarboties pie kop\u012bgiem projektiem. Speci\u0101lizlaidums \u201cAr m\u012blest\u012bbu, Megana: Sv\u0113tku svin\u0113\u0161ana\u201d sniedz ieskatu vi\u0146u dz\u012bv\u0113 un gatavo\u0161an\u0101s proces\u0101 sv\u0113tkiem, pied\u0101v\u0101jot skat\u012bt\u0101jiem iepaz\u012bt vi\u0146u person\u012bgo pasauli tuv\u0101k.<\/p>\n","protected":false},"excerpt":{"rendered":"Megana M\u0101rkla un Princis Harijs reklam\u0113 savu jauno Ziemassv\u0113tku speci\u0101lizlaidumu Saseksas hercogiene Megana M\u0101rkla ir publiskojusi rekl\u0101mas video&hellip;\n","protected":false},"author":2,"featured_media":56870,"comment_status":"","ping_status":"","sticky":false,"template":"","format":"standard","meta":{"footnotes":""},"categories":[19],"tags":[15359,89,90,35,39,38,36,37,34,40,15360,6211,601,6212,15358],"class_list":{"0":"post-56869","1":"post","2":"type-post","3":"status-publish","4":"format-standard","5":"has-post-thumbnail","7":"category-izklaide","8":"tag-ar-milestibu","9":"tag-entertainment","10":"tag-izklaide","11":"tag-latvia","12":"tag-latvian","13":"tag-latviesu","14":"tag-latviesu-valoda","15":"tag-latviesuvaloda","16":"tag-latvija","17":"tag-lv","18":"tag-megana","19":"tag-megana-markla","20":"tag-netflix","21":"tag-princis-harijs","22":"tag-ziemassvetku-specializlaidums"},"share_on_mastodon":{"url":"https:\/\/pubeurope.com\/@lv\/115599948066304970","error":""},"_links":{"self":[{"href":"https:\/\/www.europesays.com\/lv\/wp-json\/wp\/v2\/posts\/56869","targetHints":{"allow":["GET"]}}],"collection":[{"href":"https:\/\/www.europesays.com\/lv\/wp-json\/wp\/v2\/posts"}],"about":[{"href":"https:\/\/www.europesays.com\/lv\/wp-json\/wp\/v2\/types\/post"}],"author":[{"embeddable":true,"href":"https:\/\/www.europesays.com\/lv\/wp-json\/wp\/v2\/users\/2"}],"replies":[{"embeddable":true,"href":"https:\/\/www.europesays.com\/lv\/wp-json\/wp\/v2\/comments?post=56869"}],"version-history":[{"count":0,"href":"https:\/\/www.europesays.com\/lv\/wp-json\/wp\/v2\/posts\/56869\/revisions"}],"wp:featuredmedia":[{"embeddable":true,"href":"https:\/\/www.europesays.com\/lv\/wp-json\/wp\/v2\/media\/56870"}],"wp:attachment":[{"href":"https:\/\/www.europesays.com\/lv\/wp-json\/wp\/v2\/media?parent=56869"}],"wp:term":[{"taxonomy":"category","embeddable":true,"href":"https:\/\/www.europesays.com\/lv\/wp-json\/wp\/v2\/categories?post=56869"},{"taxonomy":"post_tag","embeddable":true,"href":"https:\/\/www.europesays.com\/lv\/wp-json\/wp\/v2\/tags?post=56869"}],"curies":[{"name":"wp","href":"https:\/\/api.w.org\/{rel}","templated":true}]}}