{"id":56877,"date":"2025-11-23T16:59:08","date_gmt":"2025-11-23T16:59:08","guid":{"rendered":"https:\/\/www.europesays.com\/lv\/56877\/"},"modified":"2025-11-23T16:59:08","modified_gmt":"2025-11-23T16:59:08","slug":"sinoptiki-prognoze-nokrisnus-un-meteorologiskas-ziemas-sakumu-latvija","status":"publish","type":"post","link":"https:\/\/www.europesays.com\/lv\/56877\/","title":{"rendered":"Sinopti\u0137i prognoz\u0113 nokri\u0161\u0146us un meteorolo\u0123isk\u0101s ziemas s\u0101kumu Latvij\u0101"},"content":{"rendered":"<p>Ned\u0113\u013cas otraj\u0101 pus\u0113 gan m\u0101ko\u0146i, gan sniegp\u0101rslas, gan lietus l\u0101ses atnes\u012bs nokri\u0161\u0146us teju vis\u0101 valsts teritorij\u0101, bet ned\u0113\u013cas nogal\u0113 iesp\u0113jama v\u0113ja pastiprin\u0101\u0161an\u0101s.<\/p>\n<p>T\u0101pat sagaid\u0101ms, ka novembra p\u0113d\u0113j\u0101 ned\u0113\u013c\u0101 meteorolo\u0123isk\u0101 ziema var\u0113tu s\u0101kties ar\u012b citviet Latvij\u0101. Pa\u0161laik meteorolo\u0123isk\u0101 ziema ir iest\u0101jusies tikai Al\u016bksnes nov\u0113rojumu stacij\u0101.<\/p>\n<p>Pirmdien debesis b\u016bs m\u0101ko\u0146ainas, bet rietumu un centr\u0101lajos rajonos br\u012b\u017eiem uzsp\u012bd\u0113s saule. Nakt\u012b Latviju no dienvidaustrumiem sasniegs nokri\u0161\u0146u zona &#8211; austrumu, viet\u0101m ar\u012b centr\u0101lajos rajonos, gaid\u0101ms sniegs. Viet\u0101m austrumu rajonos izveidosies divus l\u012bdz \u010detrus centimetrus bieza sniega sega. Dien\u0101 snig\u0161ana gaid\u0101ma vairs tikai viet\u0101m, piekrast\u0113 iesp\u0113jams ar\u012b lietus. Atsevi\u0161\u0137os posmos valsts austrumos ce\u013ci b\u016bs slideni, un viet\u0101m snig\u0161anas laik\u0101 b\u016bs pasliktin\u0101ta redzam\u012bba. P\u016bt\u012bs l\u0113ns v\u0113j\u0161, nakt\u012b gaiss atdzis\u012bs l\u012bdz 0\u2026-4 gr\u0101diem, bet dien\u0101 iesils l\u012bdz -2\u2026+2 gr\u0101diem.<\/p>\n<p>Otrdien debesis br\u012b\u017eiem skaidrosies. Ja nakt\u012b uz otrdienu viet\u0101m nedaudz snigs, tad pa dienu nokri\u0161\u0146i vairs nav gaid\u0101mi. Atsevi\u0161\u0137os posmos ce\u013ci b\u016bs slideni. Nakt\u012b termometra stabi\u0146\u0161 nosl\u012bd\u0113s l\u012bdz 0\u2026-5 gr\u0101du atz\u012bmei, un dien\u0101 liel\u0101kaj\u0101 valsts da\u013c\u0101 b\u016bs nelieli m\u012bnusi.<\/p>\n","protected":false},"excerpt":{"rendered":"Ned\u0113\u013cas otraj\u0101 pus\u0113 gan m\u0101ko\u0146i, gan sniegp\u0101rslas, gan lietus l\u0101ses atnes\u012bs nokri\u0161\u0146us teju vis\u0101 valsts teritorij\u0101, bet ned\u0113\u013cas&hellip;\n","protected":false},"author":2,"featured_media":56878,"comment_status":"","ping_status":"","sticky":false,"template":"","format":"standard","meta":{"footnotes":""},"categories":[12],"tags":[23,28,29,32,33,22,396,397,30,31,35,39,38,36,37,34,40,20,26,27,24,25,21],"class_list":{"0":"post-56877","1":"post","2":"type-post","3":"status-publish","4":"format-standard","5":"has-post-thumbnail","7":"category-latvija","8":"tag-aktualitates","9":"tag-breaking-news","10":"tag-breakingnews","11":"tag-featured-news","12":"tag-featurednews","13":"tag-headlines","14":"tag-laika-zinas","15":"tag-laikapstakli","16":"tag-latest-news","17":"tag-latestnews","18":"tag-latvia","19":"tag-latvian","20":"tag-latviesu","21":"tag-latviesu-valoda","22":"tag-latviesuvaloda","23":"tag-latvija","24":"tag-lv","25":"tag-news","26":"tag-popularakas-zinas","27":"tag-popularakaszinas","28":"tag-top-stories","29":"tag-topstories","30":"tag-zinas"},"share_on_mastodon":{"url":"https:\/\/pubeurope.com\/@lv\/115600081807425136","error":""},"_links":{"self":[{"href":"https:\/\/www.europesays.com\/lv\/wp-json\/wp\/v2\/posts\/56877","targetHints":{"allow":["GET"]}}],"collection":[{"href":"https:\/\/www.europesays.com\/lv\/wp-json\/wp\/v2\/posts"}],"about":[{"href":"https:\/\/www.europesays.com\/lv\/wp-json\/wp\/v2\/types\/post"}],"author":[{"embeddable":true,"href":"https:\/\/www.europesays.com\/lv\/wp-json\/wp\/v2\/users\/2"}],"replies":[{"embeddable":true,"href":"https:\/\/www.europesays.com\/lv\/wp-json\/wp\/v2\/comments?post=56877"}],"version-history":[{"count":0,"href":"https:\/\/www.europesays.com\/lv\/wp-json\/wp\/v2\/posts\/56877\/revisions"}],"wp:featuredmedia":[{"embeddable":true,"href":"https:\/\/www.europesays.com\/lv\/wp-json\/wp\/v2\/media\/56878"}],"wp:attachment":[{"href":"https:\/\/www.europesays.com\/lv\/wp-json\/wp\/v2\/media?parent=56877"}],"wp:term":[{"taxonomy":"category","embeddable":true,"href":"https:\/\/www.europesays.com\/lv\/wp-json\/wp\/v2\/categories?post=56877"},{"taxonomy":"post_tag","embeddable":true,"href":"https:\/\/www.europesays.com\/lv\/wp-json\/wp\/v2\/tags?post=56877"}],"curies":[{"name":"wp","href":"https:\/\/api.w.org\/{rel}","templated":true}]}}