{"id":56879,"date":"2025-11-23T17:00:06","date_gmt":"2025-11-23T17:00:06","guid":{"rendered":"https:\/\/www.europesays.com\/lv\/56879\/"},"modified":"2025-11-23T17:00:06","modified_gmt":"2025-11-23T17:00:06","slug":"grobina-uzvar-jdfs-alberts-un-saglaba-vietu-latvijas-futbola-virsliga","status":"publish","type":"post","link":"https:\/\/www.europesays.com\/lv\/56879\/","title":{"rendered":"\u201cGrobi\u0146a\u201d uzvar \u201cJDFS Alberts\u201d un saglab\u0101 vietu Latvijas futbola Virsl\u012bg\u0101"},"content":{"rendered":"<p>28. min\u016bt\u0113 sarkano kart\u012bti nopeln\u012bja m\u0101jinieku aizsargs Matvijs Marusijs, atst\u0101jot komandu maz\u0101kum\u0101.<\/p>\n<p>45. min\u016bt\u0113 grobi\u0146niekiem v\u0101rtus guva Aleksejs Grjaznovs \u2013 1:0.<\/p>\n<p>62. min\u016bt\u0113 R\u012bgas klubs palika devi\u0146u sp\u0113l\u0113t\u0101ju sast\u0101v\u0101, jo otro dzelteno kart\u012bti ma\u010d\u0101 nopeln\u012bja pussargs Mat\u012bss Z\u0113\u0123ele.<\/p>\n<p>Bez ab\u0101m sarkanaj\u0101m kart\u012bt\u0113m m\u0101jinieki nopeln\u012bja se\u0161as dzelten\u0101s kart\u012btes, vienai no t\u0101m p\u0101rv\u0113r\u0161oties sarkanaj\u0101 kart\u012bt\u0113, bet \u201cGrobi\u0146as\u201d futbolisti sakr\u0101ja tr\u012bs dzelten\u0101s kart\u012btes.<\/p>\n<p>Ceturtdien Liep\u0101j\u0101 notiku\u0161ais pirmais ma\u010ds nosl\u0113dz\u0101s ar rezult\u0101tu 0:0.<\/p>\n<p>C\u012b\u0146\u0101 par vietu augst\u0101kaj\u0101 l\u012bg\u0101 n\u0101kamsezon tik\u0101s \u0161\u012b gada virsl\u012bgas pirmsp\u0113d\u0113j\u0101s vietas \u012bpa\u0161niece \u201cGrobi\u0146a\u201d un p\u0113c sp\u0113ka otr\u0101s \u2013 N\u0101kotnes l\u012bgas \u2013 vice\u010dempione \u201cJDFS Alberts\u201d komanda.<\/p>\n<p>Uzvar\u0113t\u0101ji divu sp\u0113\u013cu summ\u0101 izc\u012bn\u012bja ties\u012bbas 2026. gad\u0101 sp\u0113l\u0113t \u201cTonybet\u201d virsl\u012bg\u0101, bet zaud\u0113t\u0101ji sp\u0113l\u0113s N\u0101kotnes l\u012bg\u0101.<\/p>\n<p>Abas komandas p\u0101rsp\u0113l\u0113s tik\u0101s ar\u012b p\u0113rn, kad Grobi\u0146as komanda p\u0113c zaud\u0113juma sav\u0101 laukum\u0101 ar 2:3 atbildes sp\u0113l\u0113 svin\u0113ja pan\u0101kumu ar 2:0.<\/p>\n<p class=\"ad-desc ad-desc-main\">Saturs turpin\u0101s p\u0113c rekl\u0101mas<\/p>\n<p class=\"ad-desc ad-desc-sec\">Rekl\u0101ma<\/p>\n<p>K\u0101 N\u0101kotnes l\u012bgas uzvar\u0113t\u0101ja ties\u012bbas sp\u0113l\u0113t virsl\u012bg\u0101 izc\u012bn\u012bja Ogres \u201cUnited\u201d komanda, bet no vietas virsl\u012bg\u0101 ir j\u0101\u0161\u0137iras \u201cMetta\u201d vien\u012bbai, kas virsl\u012bg\u0101 sp\u0113l\u0113ja kop\u0161 2012. gada.<\/p>\n<p class=\"tv3-fw-500\">Zi\u0146o par k\u013c\u016bdu rakst\u0101<\/p>\n<p class=\"d-md-block d-none\">Iez\u012bm\u0113 k\u013c\u016bdaino tekstu un spied Ctrl+Enter.<\/p>\n<p class=\"d-md-none d-block\">Iez\u012bm\u0113 k\u013c\u016bdaino tekstu un zi\u0146o par to!<\/p>\n","protected":false},"excerpt":{"rendered":"28. min\u016bt\u0113 sarkano kart\u012bti nopeln\u012bja m\u0101jinieku aizsargs Matvijs Marusijs, atst\u0101jot komandu maz\u0101kum\u0101. 45. min\u016bt\u0113 grobi\u0146niekiem v\u0101rtus guva Aleksejs&hellip;\n","protected":false},"author":2,"featured_media":56880,"comment_status":"","ping_status":"","sticky":false,"template":"","format":"standard","meta":{"footnotes":""},"categories":[5],"tags":[23,28,29,32,33,713,22,30,31,35,39,38,36,37,34,40,20,26,27,24,25,21],"class_list":{"0":"post-56879","1":"post","2":"type-post","3":"status-publish","4":"format-standard","5":"has-post-thumbnail","7":"category-aktualitates","8":"tag-aktualitates","9":"tag-breaking-news","10":"tag-breakingnews","11":"tag-featured-news","12":"tag-featurednews","13":"tag-futbola-virsliga","14":"tag-headlines","15":"tag-latest-news","16":"tag-latestnews","17":"tag-latvia","18":"tag-latvian","19":"tag-latviesu","20":"tag-latviesu-valoda","21":"tag-latviesuvaloda","22":"tag-latvija","23":"tag-lv","24":"tag-news","25":"tag-popularakas-zinas","26":"tag-popularakaszinas","27":"tag-top-stories","28":"tag-topstories","29":"tag-zinas"},"share_on_mastodon":{"url":"https:\/\/pubeurope.com\/@lv\/115600085750495574","error":""},"_links":{"self":[{"href":"https:\/\/www.europesays.com\/lv\/wp-json\/wp\/v2\/posts\/56879","targetHints":{"allow":["GET"]}}],"collection":[{"href":"https:\/\/www.europesays.com\/lv\/wp-json\/wp\/v2\/posts"}],"about":[{"href":"https:\/\/www.europesays.com\/lv\/wp-json\/wp\/v2\/types\/post"}],"author":[{"embeddable":true,"href":"https:\/\/www.europesays.com\/lv\/wp-json\/wp\/v2\/users\/2"}],"replies":[{"embeddable":true,"href":"https:\/\/www.europesays.com\/lv\/wp-json\/wp\/v2\/comments?post=56879"}],"version-history":[{"count":0,"href":"https:\/\/www.europesays.com\/lv\/wp-json\/wp\/v2\/posts\/56879\/revisions"}],"wp:featuredmedia":[{"embeddable":true,"href":"https:\/\/www.europesays.com\/lv\/wp-json\/wp\/v2\/media\/56880"}],"wp:attachment":[{"href":"https:\/\/www.europesays.com\/lv\/wp-json\/wp\/v2\/media?parent=56879"}],"wp:term":[{"taxonomy":"category","embeddable":true,"href":"https:\/\/www.europesays.com\/lv\/wp-json\/wp\/v2\/categories?post=56879"},{"taxonomy":"post_tag","embeddable":true,"href":"https:\/\/www.europesays.com\/lv\/wp-json\/wp\/v2\/tags?post=56879"}],"curies":[{"name":"wp","href":"https:\/\/api.w.org\/{rel}","templated":true}]}}