{"id":56887,"date":"2025-11-23T17:12:20","date_gmt":"2025-11-23T17:12:20","guid":{"rendered":"https:\/\/www.europesays.com\/lv\/56887\/"},"modified":"2025-11-23T17:12:20","modified_gmt":"2025-11-23T17:12:20","slug":"latvijas-bobsleja-ekipazam-kortina-pasaules-kausa-cetrinieku-sacensibas-vietas-otra-desmita-beigas","status":"publish","type":"post","link":"https:\/\/www.europesays.com\/lv\/56887\/","title":{"rendered":"Latvijas bobsleja ekip\u0101\u017e\u0101m Kort\u012bn\u0101 Pasaules kausa \u010detrinieku sacens\u012bb\u0101s vietas otr\u0101 desmita beig\u0101s"},"content":{"rendered":"<p>J\u0113kaba Kalendas pilot\u0113t\u0101 Latvijas bobsleja ekip\u0101\u017ea sv\u0113tdien Kort\u012bn\u0101 d&#8217;Ampeco ie\u0146\u0113ma 17. vietu Pasaules kausa pirm\u0101 posma \u010detrinieku sacens\u012bb\u0101s, bet Ren\u0101ra Granti\u0146a vad\u012btais \u010detrinieks &#8211; 20. vietu.<\/p>\n<p>Dubultuzvaru izc\u012bn\u012bja v\u0101cie\u0161i, pirmo vietu ie\u0146emot Johannesa Lohnera pilot\u0113tajam \u010detriniekam ar st\u016bm\u0113jiem Torstenu Margisu, Jernu Vencelu un Georgu Flei\u0161haueru, kas bija \u0101tr\u0101k\u0101 abos braucienos, fini\u0161\u0113jot min\u016bt\u0113 un 49,73 sekund\u0113s. Pirmaj\u0101 braucien\u0101 vi\u0146u sasniegtais rezult\u0101ts 54,75 sekundes ir trases rekords.<\/p>\n<p>Pilota Fran\u010desko Fr\u012bdriha \u010detrinieks, kas otraj\u0101 braucien\u0101 laboja trases starta rekordu, starta metrus veicot 4,76 sekund\u0113s, abos braucienos ie\u0146\u0113ma otro vietu, no tautie\u0161iem divu braucienu summ\u0101 atpaliekot 0,22 sekundes.<\/p>\n<p>Tre\u0161o vietu ie\u0146\u0113ma Dienvidkorejas \u010detrinieks ar pilotu D\u017einsu Kimu, kas abos braucienos bija ceturt\u0101, uzvar\u0113t\u0101jiem piek\u0101pjoties 0,61 sekundi.<\/p>\n<p>Kalendas \u010detrinieks ar st\u016bm\u0113jiem Edgaru Unguru, Mat\u012bsu Mikni un Mairi K\u013cavu abos braucienos sasniedza 17. lab\u0101ko rezult\u0101tu, divu braucienu summ\u0101 no Lohnera ekip\u0101\u017eas atpaliekot 1,62 sekundes.<\/p>\n<p>Granti\u0146a \u010detrinieks ar st\u016bm\u0113jiem D\u0101vi un Lauri Kaufma\u0146iem, k\u0101 ar\u012b Edgaru Nemmi, kur\u0161 nomain\u012bja savainoto Arni Bebri\u0161u, p\u0113c 14. vietas pirmaj\u0101 braucien\u0101 otraj\u0101 ierindoj\u0101s 20. viet\u0101, atk\u0101pdamies uz 20. vietu ar\u012b divu braucienu summ\u0101 un uzvar\u0113t\u0101jiem zaud\u0113jot 1,78 sekundes.<\/p>\n<p>Ceturt\u0101 31 ekip\u0101\u017eas konkurenc\u0113 bija otraj\u0101 braucien\u0101 tre\u0161o lab\u0101ko rezult\u0101tu sasniegus\u012b austrie\u0161a Markusa Treihla ekip\u0101\u017ea (+0,62), piekt\u0101 &#8211; pirmaj\u0101 braucien\u0101 tre\u0161\u0101 fini\u0161\u0113jus\u012b v\u0101cie\u0161a \u0100dama Am\u016bra ekip\u0101\u017ea (+0,65), bet sest\u0101 &#8211; britu sportista Breda Hola pilot\u0113t\u0101 ekip\u0101\u017ea (+1,01).<\/p>\n<p>Sestdien divnieku sacens\u012bb\u0101s Kalenda\/Bebri\u0161s ie\u0146\u0113ma 13. vietu, bet Granti\u0146\u0161\/Ungurs ierindoj\u0101s 23. viet\u0101.<\/p>\n<p>Kalendas pilot\u0113t\u0101 ekip\u0101\u017ea pag\u0101ju\u0161aj\u0101 sezon\u0101 \u010detrinieku sacens\u012bb\u0101s Pasaules kausa kopv\u0113rt\u0113jum\u0101 ie\u0146\u0113ma dev\u012bto vietu, bet junioru konkurenc\u0113 ierindoj\u0101s aiz v\u0101cie\u0161a \u0100dama Am\u016bra. Lab\u0101ko rezult\u0101tu divniekos Kalenda sasniedza Altenberg\u0101, kur bija sestais.<\/p>\n<p>Granti\u0146am \u0161\u012b bija debija Pasaules kausa posmos. Pag\u0101ju\u0161aj\u0101 sezon\u0101 Eiropas kausa sacens\u012bb\u0101s Granti\u0146\u0161 kopv\u0113rt\u0113jum\u0101 ie\u0146\u0113ma otro vietu aiz v\u0101cie\u0161a Maksimili\u0101na Illma\u0146a pilot\u0113t\u0101s ekip\u0101\u017eas, tr\u012bs Siguldas posmos izc\u012bnot attiec\u012bgi tre\u0161o un divas otr\u0101s vietas, bet pirmaj\u0101 no Siguldas Eiropas kausa posmiem izc\u012bnot ar\u012b otro vietu Eiropas junioru \u010dempion\u0101t\u0101.<\/p>\n<p>S\u0101kot ar \u0161o sezonu, Latvijas bobsleja komandas galvenais treneris ir Em\u012bls Cipulis.<\/p>\n<p>Sievie\u0161u sacens\u012bb\u0101s pirmaj\u0101 posm\u0101 Latvija nav p\u0101rst\u0101v\u0113ta.<\/p>\n<p>\u0160osezon sportistiem, c\u012bnoties par ce\u013caz\u012bm\u0113m uz 2026. gada Mil\u0101nas un Kort\u012bnas d&#8217;Ampeco olimpiskaj\u0101m sp\u0113l\u0113m, ir paredz\u0113ti septi\u0146i Pasaules kausa posmi. N\u0101kamais posms novembra p\u0113d\u0113j\u0101 ned\u0113\u013c\u0101 notiks \u012aglsas tras\u0113 Austrij\u0101, decembra vid\u016b skeletonisti sacent\u012bsies Lillehammer\u0113, ceturto posmu uz\u0146ems Sigulda, bet p\u0113c jaun\u0101 gada notiks posmi Vinterberg\u0101, Sanktmoric\u0101 un Altenberg\u0101.<\/p>\n<p class=\"m-0\">Seko &#8220;Delfi&#8221; ar\u012b  <a target=\"_blank\" href=\"https:\/\/www.instagram.com\/delfi.lv\/\" rel=\"nofollow noopener\">Instagram<\/a>  un <a target=\"_blank\" href=\"https:\/\/www.youtube.com\/channel\/UCw5foWtcJvAbUm64rv7jwUQ\" rel=\"nofollow noopener\">YouTube<\/a>  profil\u0101 \u2013 pievienojies, lai uzzin\u0101tu svar\u012bg\u0101ko un interesant\u0101ko pirmais!<\/p>\n<p>Publik\u0101cijas saturs vai t\u0101s jebk\u0101da apjoma da\u013ca ir aizsarg\u0101ts autorties\u012bbu objekts Autorties\u012bbu likuma izpratn\u0113, un t\u0101 izmanto\u0161ana bez izdev\u0113ja at\u013caujas ir aizliegta. Vair\u0101k lasi  <a target=\"_blank\" href=\"https:\/\/www.delfi.lv\/noteikumi#autortiesibas\" rel=\"nofollow noopener\">\u0161eit<\/a><script async src=\"\/\/www.instagram.com\/embed.js\"><\/script><\/p>\n","protected":false},"excerpt":{"rendered":"J\u0113kaba Kalendas pilot\u0113t\u0101 Latvijas bobsleja ekip\u0101\u017ea sv\u0113tdien Kort\u012bn\u0101 d&#8217;Ampeco ie\u0146\u0113ma 17. vietu Pasaules kausa pirm\u0101 posma \u010detrinieku sacens\u012bb\u0101s,&hellip;\n","protected":false},"author":2,"featured_media":56888,"comment_status":"","ping_status":"","sticky":false,"template":"","format":"standard","meta":{"footnotes":""},"categories":[5],"tags":[23,2158,28,29,32,33,22,11555,30,31,35,39,38,36,37,34,40,20,26,27,11556,24,25,21],"class_list":{"0":"post-56887","1":"post","2":"type-post","3":"status-publish","4":"format-standard","5":"has-post-thumbnail","7":"category-aktualitates","8":"tag-aktualitates","9":"tag-bobslejs","10":"tag-breaking-news","11":"tag-breakingnews","12":"tag-featured-news","13":"tag-featurednews","14":"tag-headlines","15":"tag-jekabs-kalenda","16":"tag-latest-news","17":"tag-latestnews","18":"tag-latvia","19":"tag-latvian","20":"tag-latviesu","21":"tag-latviesu-valoda","22":"tag-latviesuvaloda","23":"tag-latvija","24":"tag-lv","25":"tag-news","26":"tag-popularakas-zinas","27":"tag-popularakaszinas","28":"tag-renars-grantins","29":"tag-top-stories","30":"tag-topstories","31":"tag-zinas"},"share_on_mastodon":{"url":"https:\/\/pubeurope.com\/@lv\/115600132996899886","error":""},"_links":{"self":[{"href":"https:\/\/www.europesays.com\/lv\/wp-json\/wp\/v2\/posts\/56887","targetHints":{"allow":["GET"]}}],"collection":[{"href":"https:\/\/www.europesays.com\/lv\/wp-json\/wp\/v2\/posts"}],"about":[{"href":"https:\/\/www.europesays.com\/lv\/wp-json\/wp\/v2\/types\/post"}],"author":[{"embeddable":true,"href":"https:\/\/www.europesays.com\/lv\/wp-json\/wp\/v2\/users\/2"}],"replies":[{"embeddable":true,"href":"https:\/\/www.europesays.com\/lv\/wp-json\/wp\/v2\/comments?post=56887"}],"version-history":[{"count":0,"href":"https:\/\/www.europesays.com\/lv\/wp-json\/wp\/v2\/posts\/56887\/revisions"}],"wp:featuredmedia":[{"embeddable":true,"href":"https:\/\/www.europesays.com\/lv\/wp-json\/wp\/v2\/media\/56888"}],"wp:attachment":[{"href":"https:\/\/www.europesays.com\/lv\/wp-json\/wp\/v2\/media?parent=56887"}],"wp:term":[{"taxonomy":"category","embeddable":true,"href":"https:\/\/www.europesays.com\/lv\/wp-json\/wp\/v2\/categories?post=56887"},{"taxonomy":"post_tag","embeddable":true,"href":"https:\/\/www.europesays.com\/lv\/wp-json\/wp\/v2\/tags?post=56887"}],"curies":[{"name":"wp","href":"https:\/\/api.w.org\/{rel}","templated":true}]}}