{"id":56906,"date":"2025-11-23T18:18:08","date_gmt":"2025-11-23T18:18:08","guid":{"rendered":"https:\/\/www.europesays.com\/lv\/56906\/"},"modified":"2025-11-23T18:18:08","modified_gmt":"2025-11-23T18:18:08","slug":"latvijas-u18-volejbolisti-atlases-sacensibas-daugavpili-nosledz-ar-igaunu-parspesanu-volejbols-sportacentrs-com","status":"publish","type":"post","link":"https:\/\/www.europesays.com\/lv\/56906\/","title":{"rendered":"Latvijas U18 volejbolisti atlases sacens\u012bbas Daugavpil\u012b nosl\u0113dz ar igau\u0146u p\u0101rsp\u0113\u0161anu \u2013 Volejbols \u2013 Sportacentrs.com"},"content":{"rendered":"<p>Sav\u0101s apak\u0161grup\u0101s vien\u012bgi kauk\u0101zie\u0161us uzveiku\u0161o baltie\u0161u duel\u012b latvie\u0161iem piecreiz vair\u0101k (10-2) eisu. \u010cetras no \u0161\u012bm neuztvertaj\u0101m serv\u0113m Tomasam Silavam, kuram kopum\u0101 21 punkts. 15 punktus guva Aksels Marks D\u017eeri\u0146\u0161, bet asto\u0146i Ernestam Pastaram.<\/p>\n<p>Zieme\u013cnieku rind\u0101s vado\u0161\u0101 loma Markam Normanam Somem.<\/p>\n<p>C\u012b\u0146\u0101 par pirmo vietu un tie\u0161o ce\u013caz\u012bmi uz fin\u0101lturn\u012bru Polijas pusaud\u017ei ar 3-0 (25:13, 25:16, 25:11) sak\u0101va ukrai\u0146us. Savuk\u0101rt sp\u0113l\u0113 par piekto vietu Azerbaid\u017e\u0101nas volejbola jaun\u0101 mai\u0146a ar 3-0 (25:15, 25:14, 25:19) izr\u0101d\u012bj\u0101s p\u0101r\u0101ka p\u0101r gruz\u012bniem.<\/p>\n<p>Atlases otr\u0101s k\u0101rtas turn\u012bri notiks 2026. gada pavasar\u012b, bet fin\u0101lturn\u012brs no 2026. gada 7. l\u012bdz 18. j\u016blijam norisin\u0101sies It\u0101lijas pils\u0113t\u0101s Porto Sand\u017eord\u017eo un Sanbenedeto del Tronto.<\/p>\n<p>Latvijas U18 meite\u0146u izlase EEVZA turn\u012br\u0101, kas vienlaic\u012bgi notiek Gruzijas pils\u0113t\u0101 Telavi, nepiedal\u0101s, jo k\u0101 fin\u0101lturn\u012bra r\u012bkot\u0101ja kop\u0101 ar Lietuvu jau ir nodro\u0161in\u0101jusi taj\u0101 dal\u012bbu.<\/p>\n<p>Latvijas U18 volejbola valstsvien\u012bbas sast\u0101vs<\/p>\n<p>Kristers Navenickis, Ernests Pastars, Ren\u0101rs Lasmanis, Artis Andrejevs, Kristers Elksnis, Ernests Grudinskis, Aksels Marks D\u017eeri\u0146\u0161, Olivers Pope, Tomass Silavs, M\u0101rti\u0146\u0161 Skudra, P\u0113teris Auni\u0146\u0161, Em\u012bls Rudz\u012btis, Niks Ame\u013ckovi\u010ds, Nikita Liv\u010da.<\/p>\n<p>Sacens\u012bbu vietne:<br \/><a target=\"_blank\" href=\"https:\/\/www.cev.eu\/national-team\/age-group-championships\/u18m-2026\/zonal-1st-round\/#eevza\" rel=\"nofollow noopener\">https:\/\/www.cev.eu\/national-team\/ag&#8230;<\/a><\/p>\n","protected":false},"excerpt":{"rendered":"Sav\u0101s apak\u0161grup\u0101s vien\u012bgi kauk\u0101zie\u0161us uzveiku\u0161o baltie\u0161u duel\u012b latvie\u0161iem piecreiz vair\u0101k (10-2) eisu. \u010cetras no \u0161\u012bm neuztvertaj\u0101m serv\u0113m Tomasam&hellip;\n","protected":false},"author":2,"featured_media":56907,"comment_status":"","ping_status":"","sticky":false,"template":"","format":"standard","meta":{"footnotes":""},"categories":[5],"tags":[23,28,29,32,33,22,30,31,35,39,38,36,37,34,40,20,26,27,24,25,1208,21],"class_list":{"0":"post-56906","1":"post","2":"type-post","3":"status-publish","4":"format-standard","5":"has-post-thumbnail","7":"category-aktualitates","8":"tag-aktualitates","9":"tag-breaking-news","10":"tag-breakingnews","11":"tag-featured-news","12":"tag-featurednews","13":"tag-headlines","14":"tag-latest-news","15":"tag-latestnews","16":"tag-latvia","17":"tag-latvian","18":"tag-latviesu","19":"tag-latviesu-valoda","20":"tag-latviesuvaloda","21":"tag-latvija","22":"tag-lv","23":"tag-news","24":"tag-popularakas-zinas","25":"tag-popularakaszinas","26":"tag-top-stories","27":"tag-topstories","28":"tag-volejbols","29":"tag-zinas"},"share_on_mastodon":{"url":"https:\/\/pubeurope.com\/@lv\/115600392362882930","error":""},"_links":{"self":[{"href":"https:\/\/www.europesays.com\/lv\/wp-json\/wp\/v2\/posts\/56906","targetHints":{"allow":["GET"]}}],"collection":[{"href":"https:\/\/www.europesays.com\/lv\/wp-json\/wp\/v2\/posts"}],"about":[{"href":"https:\/\/www.europesays.com\/lv\/wp-json\/wp\/v2\/types\/post"}],"author":[{"embeddable":true,"href":"https:\/\/www.europesays.com\/lv\/wp-json\/wp\/v2\/users\/2"}],"replies":[{"embeddable":true,"href":"https:\/\/www.europesays.com\/lv\/wp-json\/wp\/v2\/comments?post=56906"}],"version-history":[{"count":0,"href":"https:\/\/www.europesays.com\/lv\/wp-json\/wp\/v2\/posts\/56906\/revisions"}],"wp:featuredmedia":[{"embeddable":true,"href":"https:\/\/www.europesays.com\/lv\/wp-json\/wp\/v2\/media\/56907"}],"wp:attachment":[{"href":"https:\/\/www.europesays.com\/lv\/wp-json\/wp\/v2\/media?parent=56906"}],"wp:term":[{"taxonomy":"category","embeddable":true,"href":"https:\/\/www.europesays.com\/lv\/wp-json\/wp\/v2\/categories?post=56906"},{"taxonomy":"post_tag","embeddable":true,"href":"https:\/\/www.europesays.com\/lv\/wp-json\/wp\/v2\/tags?post=56906"}],"curies":[{"name":"wp","href":"https:\/\/api.w.org\/{rel}","templated":true}]}}