{"id":56912,"date":"2025-11-23T18:23:18","date_gmt":"2025-11-23T18:23:18","guid":{"rendered":"https:\/\/www.europesays.com\/lv\/56912\/"},"modified":"2025-11-23T18:23:18","modified_gmt":"2025-11-23T18:23:18","slug":"silina-piedalisies-latvijas-nacionalaja-svetcelojuma-uz-vatikanu-un-tiksies-ar-pavestu","status":"publish","type":"post","link":"https:\/\/www.europesays.com\/lv\/56912\/","title":{"rendered":"Sili\u0146a piedal\u012bsies Latvijas Nacion\u0101laj\u0101 sv\u0113tce\u013cojum\u0101 uz Vatik\u0101nu un tiksies ar p\u0101vestu"},"content":{"rendered":"<p>Viz\u012btes laik\u0101 Ministru prezidentei paredz\u0113ta priv\u0101ta audience pie Vi\u0146a Sv\u0113t\u012bbas p\u0101vesta Leona XIV, tik\u0161an\u0101s ar Sv\u0113t\u0101 Kr\u0113sla Valsts sekret\u0101ru kardin\u0101lu Pjetro Parolinu, k\u0101 ar\u012b dal\u012bba kop\u012bg\u0101 audienc\u0113 ar Latvijas deleg\u0101ciju un sv\u0113tce\u013cniekiem.<\/p>\n<p>Valsts kanceleja inform\u0113, ka \u0161\u012b viz\u012bte un Nacion\u0101lais sv\u0113tce\u013cojums notiek Latvijas un Sv\u0113t\u0101 Kr\u0113sla diplom\u0101tisko attiec\u012bbu simtgades kontekst\u0101, k\u0101 ar\u012b laik\u0101, kad Romas kato\u013cu bazn\u012bca vis\u0101 pasaul\u0113 atz\u012bm\u0113 jubilejas gadu &#8220;Cer\u012bbas sv\u0113tce\u013cnieki&#8221;. T\u0101pat \u0161ogad ir pag\u0101ju\u0161i tie\u0161i 100 gadi kop\u0161 pirm\u0101 sv\u0113tce\u013cojuma b\u012bskapu vad\u012bb\u0101 no Latvijas k\u0101 neatkar\u012bgas valsts.<\/p>\n<p>P\u0113c Valsts kancelejas paust\u0101, Latviju un Sv\u0113to Kr\u0113slu vieno cie\u0161as un v\u0113sturiski noz\u012bm\u012bgas attiec\u012bbas, kuras nerima ar\u012b okup\u0101cijas laik\u0101. Sv\u0113tais Kr\u0113sls vienm\u0113r ir atbalst\u012bjis Latvijas valstiskuma nep\u0101rtraukt\u012bbas principu, un abu pu\u0161u sadarb\u012bbu raksturo cie\u0146pilns, cie\u0161s dialogs. Sv\u0113tais Kr\u0113sls atzin\u012bgi v\u0113rt\u0113 ekumenisma trad\u012bcijas un ekumenisko solidarit\u0101ti Latvij\u0101.<\/p>\n<p>Viz\u012btes m\u0113r\u0137is ir turpin\u0101t uztur\u0113t akt\u012bvu dialogu ar Sv\u0113to Kr\u0113slu, stiprin\u0101t divpus\u0113j\u0101s attiec\u012bbas, apliecin\u0101t Latvijas ap\u0146em\u0161anos kop\u012bgi atbalst\u012bt Ukrainu un iest\u0101ties par mieru, dro\u0161\u012bbu un starptautisko ties\u012bbu iev\u0113ro\u0161anu.<\/p>\n","protected":false},"excerpt":{"rendered":"Viz\u012btes laik\u0101 Ministru prezidentei paredz\u0113ta priv\u0101ta audience pie Vi\u0146a Sv\u0113t\u012bbas p\u0101vesta Leona XIV, tik\u0161an\u0101s ar Sv\u0113t\u0101 Kr\u0113sla Valsts&hellip;\n","protected":false},"author":2,"featured_media":56913,"comment_status":"","ping_status":"","sticky":false,"template":"","format":"standard","meta":{"footnotes":""},"categories":[12],"tags":[23,28,29,1249,32,33,22,30,31,35,39,38,36,37,34,40,20,26,27,24,25,14324,21],"class_list":{"0":"post-56912","1":"post","2":"type-post","3":"status-publish","4":"format-standard","5":"has-post-thumbnail","7":"category-latvija","8":"tag-aktualitates","9":"tag-breaking-news","10":"tag-breakingnews","11":"tag-evika-silina","12":"tag-featured-news","13":"tag-featurednews","14":"tag-headlines","15":"tag-latest-news","16":"tag-latestnews","17":"tag-latvia","18":"tag-latvian","19":"tag-latviesu","20":"tag-latviesu-valoda","21":"tag-latviesuvaloda","22":"tag-latvija","23":"tag-lv","24":"tag-news","25":"tag-popularakas-zinas","26":"tag-popularakaszinas","27":"tag-top-stories","28":"tag-topstories","29":"tag-vatikans","30":"tag-zinas"},"share_on_mastodon":{"url":"https:\/\/pubeurope.com\/@lv\/115600412078566303","error":""},"_links":{"self":[{"href":"https:\/\/www.europesays.com\/lv\/wp-json\/wp\/v2\/posts\/56912","targetHints":{"allow":["GET"]}}],"collection":[{"href":"https:\/\/www.europesays.com\/lv\/wp-json\/wp\/v2\/posts"}],"about":[{"href":"https:\/\/www.europesays.com\/lv\/wp-json\/wp\/v2\/types\/post"}],"author":[{"embeddable":true,"href":"https:\/\/www.europesays.com\/lv\/wp-json\/wp\/v2\/users\/2"}],"replies":[{"embeddable":true,"href":"https:\/\/www.europesays.com\/lv\/wp-json\/wp\/v2\/comments?post=56912"}],"version-history":[{"count":0,"href":"https:\/\/www.europesays.com\/lv\/wp-json\/wp\/v2\/posts\/56912\/revisions"}],"wp:featuredmedia":[{"embeddable":true,"href":"https:\/\/www.europesays.com\/lv\/wp-json\/wp\/v2\/media\/56913"}],"wp:attachment":[{"href":"https:\/\/www.europesays.com\/lv\/wp-json\/wp\/v2\/media?parent=56912"}],"wp:term":[{"taxonomy":"category","embeddable":true,"href":"https:\/\/www.europesays.com\/lv\/wp-json\/wp\/v2\/categories?post=56912"},{"taxonomy":"post_tag","embeddable":true,"href":"https:\/\/www.europesays.com\/lv\/wp-json\/wp\/v2\/tags?post=56912"}],"curies":[{"name":"wp","href":"https:\/\/api.w.org\/{rel}","templated":true}]}}