{"id":56917,"date":"2025-11-23T18:28:09","date_gmt":"2025-11-23T18:28:09","guid":{"rendered":"https:\/\/www.europesays.com\/lv\/56917\/"},"modified":"2025-11-23T18:28:09","modified_gmt":"2025-11-23T18:28:09","slug":"noskaties-%e2%9f%a9-tiesa-nelauj-nobloket-latvija-arestetus-piednestras-oligarhu-80-miljonus-eiro","status":"publish","type":"post","link":"https:\/\/www.europesays.com\/lv\/56917\/","title":{"rendered":"NOSKATIES \u27e9 Tiesa ne\u013cauj noblo\u0137\u0113t Latvij\u0101 arest\u0113tus Pied\u0146estras oligarhu 80 miljonus eiro"},"content":{"rendered":"<p>Svens Kristjansons, Valsts policijas Ekonomisko noziegumu apkaro\u0161anas p\u0101rvaldes priek\u0161nieks<\/p>\n<p>P\u0113c vair\u0101ku gadu intens\u012bvas izmekl\u0113\u0161anas, veicot t\u0101s izmekl\u0113\u0161anas darb\u012bbas, kuras mums objekt\u012bvi ir iesp\u0113jams izdar\u012bt \u0161eit Latvij\u0101, s\u016btot ar\u012b tiesisk\u0101s pal\u012bdz\u012bbas l\u016bgumus uz cit\u0101m valst\u012bm, m\u0113s bij\u0101m sav\u0101ku\u0161i t\u0101du pier\u0101d\u012bjumu kopumu, t\u0101du pier\u0101d\u012bjumu daudzumu, kas, m\u016bsupr\u0101t, vedin\u0101ja dom\u0101t, ka \u0161ie te arest\u0113tie l\u012bdzek\u013ci ir noziedz\u012bgas izcelsmes.<\/p>\n<p>Uzzin\u0101t, k\u0101 tie\u0161i nauda ieg\u016bta, proti, k\u0101ds ir bijis predikat\u012bvais noziegums, Latvijas izmekl\u0113t\u0101jiem neizdev\u0101s. Ar\u012b Moldova izmekl\u0113t noziegumus okup\u0113taj\u0101 teritorij\u0101 nesp\u0113j. Ta\u010du likumsargiem nebija \u0161aubu, ka t\u0101 tika atmazg\u0101ta &#8211; tas pats par sevi jau ir noziegums. Uz to nor\u0101da netie\u0161i pier\u0101d\u012bjumi &#8211; nauda tiek p\u0101rskait\u012bta starp \u010daulas uz\u0146\u0113mumiem of\u0161oru valst\u012bs, komp\u0101nijas vada nomin\u0101li, nevis re\u0101lie direktori, l\u012bdzek\u013ci laisti cauri garai firmu \u0137\u0113dei un daudzo dar\u012bjumu deta\u013c\u0101s nor\u0101d\u012bts, ka tie ir aizdevumi.<\/p>\n<p>Svens Kristjansons, Valsts policijas Ekonomisko noziegumu apkaro\u0161anas p\u0101rvaldes priek\u0161nieks<\/p>\n<p>Dar\u012bjumi, ko m\u0113s redz\u0113j\u0101m, bija tranz\u012bta rakstura, aizdevuma rakstura, kas noz\u012bm\u0113 to, ka \u013coti daudz \u0161aj\u0101 izmekl\u0113\u0161an\u0101 iesaist\u012bt\u0101s komp\u0101nijas viena otrai \u0161os te l\u012bdzek\u013cus aizdod, turpu \u0161urpu p\u0101rskaita, j\u0101, ar\u012b p\u0113rk preces un pakalpojumus, un t\u0101 ar\u012b ir viena no t\u0101m gr\u016bt\u012bb\u0101m, respekt\u012bvi, p\u0113c k\u0101da noteikta laika jau apg\u0101zt \u0161os te apgalvojumus, ka \u0161\u0101di dar\u012bjumi faktiski nav notiku\u0161i.<\/p>\n<p>Roberts Milbergs, R\u012bgas tiesas apgabala prokurat\u016bras prokurors<\/p>\n<p>&#8220;Tika ieg\u016bta virkne ar Finan\u0161u izl\u016bko\u0161anas dienesta izstr\u0101d\u0101taj\u0101m tipolo\u0123ij\u0101m, kas ir netie\u0161ie pier\u0101d\u012bjumi, \u010daulu esam\u012bba, nomin\u0101lie direktori, pagarin\u0101tas finan\u0161u pl\u016bsma starp of\u0161oriem. T\u0101pat ar\u012b neskaidra \u0161\u012b te finansi\u0101l\u0101 pamatojums finansi\u0101lais p\u0101rskait\u012bjumiem, k\u0101 ar\u012b daudz citas paz\u012bmes.&#8221;<\/p>\n","protected":false},"excerpt":{"rendered":"Svens Kristjansons, Valsts policijas Ekonomisko noziegumu apkaro\u0161anas p\u0101rvaldes priek\u0161nieks P\u0113c vair\u0101ku gadu intens\u012bvas izmekl\u0113\u0161anas, veicot t\u0101s izmekl\u0113\u0161anas darb\u012bbas,&hellip;\n","protected":false},"author":2,"featured_media":56918,"comment_status":"","ping_status":"","sticky":false,"template":"","format":"standard","meta":{"footnotes":""},"categories":[14],"tags":[668,15366,15362,23,57,28,29,15364,32,33,22,30,31,35,39,38,36,37,34,40,15365,3577,20,15363,26,27,375,24,25,54,55,56,21,58],"class_list":{"0":"post-56917","1":"post","2":"type-post","3":"status-publish","4":"format-standard","5":"has-post-thumbnail","7":"category-zinas-no-arvalstim","8":"tag-neka-personiga","9":"tag-ablv-bank","10":"tag-ablv-banka","11":"tag-aktualitates","12":"tag-arvalstim","13":"tag-breaking-news","14":"tag-breakingnews","15":"tag-ekonomisko-noziegumu-apkarosana","16":"tag-featured-news","17":"tag-featurednews","18":"tag-headlines","19":"tag-latest-news","20":"tag-latestnews","21":"tag-latvia","22":"tag-latvian","23":"tag-latviesu","24":"tag-latviesu-valoda","25":"tag-latviesuvaloda","26":"tag-latvija","27":"tag-lv","28":"tag-moneyval","29":"tag-naudas-atmazgasana","30":"tag-news","31":"tag-piednestra","32":"tag-popularakas-zinas","33":"tag-popularakaszinas","34":"tag-tiesa","35":"tag-top-stories","36":"tag-topstories","37":"tag-world","38":"tag-world-news","39":"tag-worldnews","40":"tag-zinas","41":"tag-zinas-no-arvalstim"},"share_on_mastodon":{"url":"","error":"Validation failed: Text character limit of 500 exceeded"},"_links":{"self":[{"href":"https:\/\/www.europesays.com\/lv\/wp-json\/wp\/v2\/posts\/56917","targetHints":{"allow":["GET"]}}],"collection":[{"href":"https:\/\/www.europesays.com\/lv\/wp-json\/wp\/v2\/posts"}],"about":[{"href":"https:\/\/www.europesays.com\/lv\/wp-json\/wp\/v2\/types\/post"}],"author":[{"embeddable":true,"href":"https:\/\/www.europesays.com\/lv\/wp-json\/wp\/v2\/users\/2"}],"replies":[{"embeddable":true,"href":"https:\/\/www.europesays.com\/lv\/wp-json\/wp\/v2\/comments?post=56917"}],"version-history":[{"count":0,"href":"https:\/\/www.europesays.com\/lv\/wp-json\/wp\/v2\/posts\/56917\/revisions"}],"wp:featuredmedia":[{"embeddable":true,"href":"https:\/\/www.europesays.com\/lv\/wp-json\/wp\/v2\/media\/56918"}],"wp:attachment":[{"href":"https:\/\/www.europesays.com\/lv\/wp-json\/wp\/v2\/media?parent=56917"}],"wp:term":[{"taxonomy":"category","embeddable":true,"href":"https:\/\/www.europesays.com\/lv\/wp-json\/wp\/v2\/categories?post=56917"},{"taxonomy":"post_tag","embeddable":true,"href":"https:\/\/www.europesays.com\/lv\/wp-json\/wp\/v2\/tags?post=56917"}],"curies":[{"name":"wp","href":"https:\/\/api.w.org\/{rel}","templated":true}]}}