{"id":56919,"date":"2025-11-23T18:29:25","date_gmt":"2025-11-23T18:29:25","guid":{"rendered":"https:\/\/www.europesays.com\/lv\/56919\/"},"modified":"2025-11-23T18:29:25","modified_gmt":"2025-11-23T18:29:25","slug":"progresivie-nosauc-tris-partijas-ar-kuram-negrasas-sadarboties-potenciali-jaunaja-saeima-2","status":"publish","type":"post","link":"https:\/\/www.europesays.com\/lv\/56919\/","title":{"rendered":"&#8220;Progres\u012bvie&#8221; nosauc tr\u012bs partijas, ar kur\u0101m negras\u0101s sadarboties potenci\u0101li jaunaj\u0101 Saeim\u0101"},"content":{"rendered":"<p>Politisk\u0101s partijas &#8220;Progres\u012bvie&#8221; p\u0101rst\u0101vji kongres\u0101 sestdien nor\u0101d\u012bja uz nepiecie\u0161am\u012bbu partijai att\u012bst\u012bties ar\u012b \u0101rpus R\u012bgas, b\u016bt kl\u0101teso\u0161iem, ieklaus\u012bties iedz\u012bvot\u0101jos un mazin\u0101t radikaliz\u0113\u0161anos.<\/p>\n<p>Pas\u0101kum\u0101 tika izcelti politisk\u0101 sp\u0113ka pan\u0101kumi, ka partija p\u0101rst\u0101v\u0113ta visos l\u012bme\u0146os &#8211; pa\u0161vald\u012bb\u0101s, Saeim\u0101, vald\u012bb\u0101 un Eiropas Parlament\u0101. Partijas l\u012bderi sav\u0101s uzrun\u0101s uzsv\u0113ra eiropeisku, modernu, caursp\u012bd\u012bgu un god\u012bgu politiku, k\u0101 ar\u012b atbalstu pilsoniskajai sabiedr\u012bbai, demokr\u0101tijai un cilv\u0113kties\u012bb\u0101m.<\/p>\n<p>&#8220;Progres\u012bvo&#8221; valdes loceklis, Eiropas Parlamenta deput\u0101ts M\u0101rti\u0146\u0161 Sta\u0137is izc\u0113la pan\u0101kto aizsardz\u012bbas jom\u0101: v\u0113sturiski liel\u0101ko aizsardz\u012bbas bud\u017eetu &#8211; vair\u0101k nek\u0101 divi miljardi eiro, aizsardz\u012bbas industrijas izveidi, dronu att\u012bst\u012bbu, sievie\u0161u iesaisti bru\u0146otajos sp\u0113kos, sabiedr\u012bbas notur\u012bbas kult\u016bras stiprin\u0101\u0161anu.<\/p>\n<p>&#8220;Visai sabiedr\u012bbai j\u0101b\u016bt gatavai jebk\u0101d\u0101m kr\u012bz\u0113m vismaz t\u0101d\u0101 pa\u0161\u0101 l\u012bmen\u012b, k\u0101 tas ir Somij\u0101. Nav j\u0101baid\u0101s par to st\u0101st\u012bt, r\u0101d\u012bt un m\u0101c\u012bt &#8211; tas sabiedr\u012bbu nevis nobied\u0113s, bet tie\u0161i otr\u0101di &#8211; gatav\u012bbas kult\u016bra sabiedr\u012bbai dod pa\u0161apzi\u0146u,&#8221; pauda politi\u0137is.<\/p>\n<p>Politi\u0137is ar\u012b piemin\u0113ja Eiropas Savien\u012bbas aizsardz\u012bbas politikas att\u012bst\u012b\u0161anu. Vi\u0146\u0161 nor\u0101d\u012bja, ka Eiropas valstis var\u0113s aizsardz\u012bb\u0101 ieguld\u012bt vair\u0101k nek\u0101 150 miljardus eiro, no kuriem Latvija var\u0113s pretend\u0113t uz 5,68 miljardiem eiro. Vienlaikus Sta\u0137is k\u0101 &#8220;piln\u012bgi nepie\u0146emamu&#8221; v\u0113rt\u0113ja Finan\u0161u ministrijas v\u0113stuli, &#8220;kur\u0101 nav redzama skaidra ap\u0146em\u0161an\u0101s pretend\u0113t uz visu \u0161o summu&#8221;.<\/p>\n<p>&#8220;&#8221;Progres\u012bvajiem&#8221; \u0161eit j\u0101saka savs v\u0101rds: m\u016bsu kaimi\u0146i pieteiksies visai naudai, Latvija nedr\u012bkst palikt vien\u012bg\u0101 mal\u0101 st\u0101v\u0113t\u0101ja,&#8221; uzsv\u0113ra Sta\u0137is.<\/p>\n<p>Politi\u0137is pauda, ka Latvijas sabiedr\u012bba atbalsta modernu, eiropeisku un god\u012bgu pieeju politikai. Vienlaikus Latvij\u0101, p\u0113c vi\u0146a sac\u012bt\u0101, ir &#8220;trampistu&#8221; partijas, kuru politika &#8220;ved katastrofas virzien\u0101&#8221;, iestagn\u0113ju\u0161as partijas un partijas, &#8220;kas t\u0101 m\u0113t\u0101jas no viena gr\u0101vja otr\u0101, ka ir pat gr\u016bti izsekot&#8221;.<\/p>\n<p>&#8220;Latvijas jaunie\u0161u v\u0113rt\u012bbu kompass skaidri r\u0101da Eiropas virzien\u0101, un vi\u0146iem nevajag ne m\u016bsu mazos \u0137eizari\u0146us, ne ba\u0137kas, ne orb\u0101nus, ne korupciju, populismu un taml\u012bdz\u012bgi,&#8221; sprieda Sta\u0137is.<\/p>\n<p>Vi\u0146\u0161, l\u012bdz\u012bgi k\u0101 citi run\u0101t\u0101ji, atsauc\u0101s uz protesta akciju Doma laukum\u0101 pret Latvijas izst\u0101\u0161anos no t\u0101 d\u0113v\u0113t\u0101s Stambulas konvencijas, uzsverot, ka t\u0101 apliecina akt\u012bvu eiropeiski noska\u0146otu sabiedr\u012bbu, \u012bpa\u0161i jaunie\u0161u vid\u016b.<\/p>\n<p>Ropa\u017eu novada pa\u0161vald\u012bbas priek\u0161s\u0113d\u0113t\u0101ja Signe Gr\u016bbe (P) sprieda, ka Latvija nav tikai Saeimas nams, vald\u012bbas m\u0101ja vai R\u012bgas dome, un Latvijas iedz\u012bvot\u0101ji v\u0113las tikt sadzird\u0113ti. To nevar aizmirst, ja politiskais sp\u0113ks v\u0113las main\u012bt politisko kult\u016bru.<\/p>\n<p>Vi\u0146a nor\u0101d\u012bja, ka \u0161obr\u012bd &#8220;ir \u013coti viegli radikaliz\u0113ties, bet \u013coti gr\u016bti sarun\u0101ties&#8221;. Soci\u0101lie t\u012bkli, sabiedr\u012bbas nogurums un neuztic\u0113\u0161an\u0101s veicinot situ\u0101ciju, kur\u0101 cilv\u0113ki dom\u0101 kategorij\u0101s &#8220;pareizie&#8221; un &#8220;nepareizie&#8221;. P\u0113c politi\u0137es sac\u012bt\u0101, radikaliz\u0101cija nerodas pati no sevis, bet ir sekas tam, ka cilv\u0113ki nej\u016btas uzklaus\u012bti. Lai mazin\u0101tu sabiedr\u012bbas polariz\u0101ciju, esot svar\u012bgi nodro\u0161in\u0101t dialogu, skaidrot l\u0113mumus un run\u0101t ar kopien\u0101m ar\u012b \u0101rpus v\u0113l\u0113\u0161anu cikla.<\/p>\n<p>Vi\u0146a nor\u0101d\u012bja, ka uztic\u012bbu sabiedr\u012bb\u0101 var veicin\u0101t caursp\u012bd\u012bga p\u0101rvald\u012bba un god\u012bgi l\u0113mumi, t\u0101d\u0113j\u0101di radot vidi, kur cilv\u0113ki nevis saasin\u0101tu viedok\u013cus, bet sarun\u0101tos un justos l\u012bdzdal\u012bgi politiskajos procesos.<\/p>\n<p> &#8220;Progres\u012bvie&#8221; negras\u0101s pamest vald\u012bbu<\/p>\n<p>T\u0101pat &#8220;Progres\u012bvie&#8221; nepl\u0101no izst\u0101ties no \u0161\u012bs vald\u012bbas, \u0161\u0101du nost\u0101ju a\u0123ent\u016brai LETA pauda partijas l\u012bdzpriek\u0161s\u0113d\u0113t\u0101js, &#8220;Progres\u012bvo&#8221; Saeimas frakcijas vad\u012bt\u0101js Andris \u0160uvajevs.<\/p>\n<p>&#8220;M\u0113s neredzam tam pamatu. Za\u013co un zemnieku savien\u012bba divus m\u0113ne\u0161us ir \u0161\u016bpojusi koal\u012bciju un cen\u0161as rad\u012bt iespaidu, ka to dar\u0101m m\u0113s, bet sabiedr\u012bba nav mu\u013c\u0137e &#8211; t\u0101 redz, kas paties\u012bb\u0101 notiek,&#8221; vi\u0146\u0161 sac\u012bja.<\/p>\n<p>Pa\u0161laik politisk\u0101 sp\u0113ka priorit\u0101te esot valsts bud\u017eeta pie\u0146em\u0161ana, kas gaid\u0101ma p\u0113c div\u0101m ned\u0113\u013c\u0101m. Par politisko situ\u0101ciju p\u0113c bud\u017eeta pie\u0146em\u0161anas gan v\u0113l esot p\u0101ragri spriest.<\/p>\n<p>&#8220;Iz\u0161\u0137iro\u0161a loma b\u016bs &#8220;Jaunajai vienot\u012bbai&#8221; un vi\u0146u redz\u0113jumam, k\u0101 kop\u0101 str\u0101d\u0101t,&#8221; nor\u0101d\u012bja \u0160uvajevs.<\/p>\n<p>Politi\u0137is atsauc\u0101s uz \u0122ener\u0101lprokurat\u016br\u0101 s\u0101kto p\u0101rbaudi saist\u012bb\u0101 ar atbalsta pie\u0161\u0137ir\u0161anu kokr\u016bpniekiem. Kad b\u016bs skaidrs, vai papildu atbalsts bija likum\u012bgs, var\u0113s run\u0101t par politisko atbild\u012bbu, vi\u0146\u0161 nor\u0101d\u012bja.<\/p>\n<p>&#8220;Politi\u0137i no t\u0101 nevar izvair\u012bties,&#8221; uzsv\u0113ra \u0160uvajevs, piebilstot, ka pat opoz\u012bcija Saeim\u0101 \u0161ai t\u0113mai nav piev\u0113rsusi pien\u0101c\u012bgu uzman\u012bbu.<\/p>\n<p>Notieko\u0161ajam Zemkop\u012bbas ministrij\u0101 tika piev\u0113rsta uzman\u012bba ar\u012b &#8220;Progres\u012bvo&#8221; kongres\u0101 sestdien. Uzrun\u0101jot partijas biedrus, \u0160uvajevs pauda, ka skand\u0101ls ministrij\u0101 liecina, ka 90. gadu politika nekur nav pazudusi &#8211; joproj\u0101m dz\u012bvojam valst\u012b, kur ietekm\u012bgi miljon\u0101ri sp\u0113j izk\u0101rtot sev politiski labv\u0113l\u012bgus l\u0113mumus. Rezult\u0101t\u0101 cie\u0161 sabiedr\u012bbas labkl\u0101j\u012bba.<\/p>\n<p>N\u0101kamaj\u0101 politiskaj\u0101 cikl\u0101 &#8220;Progres\u012bvie&#8221; fokus\u0113sies uz ilgtsp\u0113j\u012bgas ekonomikas att\u012bst\u012bbu un dz\u012bves d\u0101rdz\u012bbas probl\u0113mu risin\u0101\u0161anu. V\u0113l viena partijas priorit\u0101te ir politika bez \u0161aur\u0101m interes\u0113m un korupcijas.<\/p>\n<p>Iev\u0113l\u0113\u0161anas Saeim\u0101 gad\u012bjum\u0101 &#8220;Progres\u012bvie&#8221; nesadarbosies ar Ain\u0101ra \u0160lesera p\u0101rst\u0101v\u0113to politisko sp\u0113ku &#8220;Latvija pirmaj\u0101 viet\u0101&#8221;, k\u0101 ar\u012b partij\u0101m &#8220;Stabilit\u0101tei&#8221; un &#8220;Suver\u0113n\u0101 vara&#8221;, apliecin\u0101ja \u0160uvajevs.<\/p>\n<p>K\u0101 v\u0113st\u012bts, &#8220;Progres\u012bvie&#8221; \u0161odien kongres\u0101 tiekas ar uz\u0146\u0113m\u0113jiem un apsprie\u017e priorit\u0101tes Saeimas v\u0113l\u0113\u0161anu gadam, a\u0123ent\u016bru LETA inform\u0113ja partij\u0101.<\/p>\n<p>K\u0101 nor\u0101da partij\u0101, aizvad\u012btais gads &#8220;Progres\u012bvajiem&#8221; ir bijis &#8220;v\u0113l viens izr\u0101viena gads ar \u013coti veiksm\u012bgu startu pa\u0161vald\u012bbu v\u0113l\u0113\u0161an\u0101s, ieg\u016bstot v\u0113sturiski liel\u0101ko p\u0101rst\u0101vniec\u012bbu&#8221;. &#8220;Progres\u012bvie&#8221; vada tr\u012bs pa\u0161vald\u012bbas &#8211; R\u012bgas, Ropa\u017eu un Smiltenes. Partija patlaban ir p\u0101rst\u0101v\u0113ta visos politisk\u0101s p\u0101rst\u0101vniec\u012bbas l\u012bme\u0146os &#8211; pa\u0161vald\u012bb\u0101s, Saeim\u0101, vald\u012bb\u0101 un Eiropas Parlament\u0101.<\/p>\n<p>Jau zi\u0146ots, ka partija &#8220;Progres\u012bvie&#8221; iepriek\u0161 nor\u0101d\u012bja, ka ir j\u0101izv\u0113rt\u0113, vai ZM pras\u012btais atbalsta meh\u0101nisms kokr\u016bpniekiem bija izdev\u012bg\u0101kais sabiedr\u012bbai, prasot ZM sniegt skaidrojumus.<\/p>\n<p>P\u0113c tam, kad iesp\u0113jamas probl\u0113mas \u0161aj\u0101 atbalst\u0101 izgaismoja mediji, bet koal\u012bcijas partneri l\u016bdza ZM skaidrojumus, zemkop\u012bbas ministrs Armands Krauze (ZZS) v\u0113rs\u0101s \u0123ener\u0101lprokurat\u016br\u0101 ar l\u016bgumu veikt p\u0101rbaudi.<\/p>\n<p>\u0122ener\u0101lprokurat\u016br\u0101 s\u0101kta p\u0101rbaude, lai izv\u0113rt\u0113tu, vai amatpersonas, lemjot par atbalstu kokr\u016bpniekiem, ir r\u012bkoju\u0161\u0101s atbilsto\u0161i likuma pras\u012bb\u0101m.<\/p>\n<p>\u0160uvajevs: &#8220;Skand\u0101ls ZM liecina, ka 90. gadu politika nekur nav pazudusi&#8221;<\/p>\n<p>Skand\u0101ls Zemkop\u012bbas ministrij\u0101 liecina, ka 90. gadu politika nekur nav pazudusi &#8211; joproj\u0101m dz\u012bvojam valst\u012b, kur ietekm\u012bgi miljon\u0101ri sp\u0113j izk\u0101rtot sev politiski labv\u0113l\u012bgus l\u0113mumus, partijas &#8220;Progres\u012bvie&#8221; kongres\u0101 sestdien pauda partijas l\u012bdzpriek\u0161s\u0113d\u0113t\u0101js Andris \u0160uvajevs.<\/p>\n<p>Rezult\u0101t\u0101 vair\u0101kk\u0101rt cie\u0161 sabiedr\u012bbas labkl\u0101j\u012bba, &#8220;ne tikai sniedzot neat\u013cautu un nevajadz\u012bgu atbalstu labi pelno\u0161iem uz\u0146\u0113mumiem, bet ar\u012b neieg\u016bstot pilnu v\u0113rt\u012bbu no Latvijas d\u0101rg\u0101k\u0101 dabas resursa, m\u016bsu me\u017eiem&#8221;, sprieda politi\u0137is.<\/p>\n<p>\u0160uvajeva ieskat\u0101, &#8220;Progres\u012bvajiem&#8221; ir j\u0101uzvar 15. Saeimas v\u0113l\u0113\u0161an\u0101s n\u0101kamaj\u0101 ruden\u012b, lai aizst\u0101v\u0113tu sabiedr\u012bbu &#8220;no \u0161aur\u0101m interes\u0113m, kas m\u016bsu valsti tur g\u016bst\u0101 un ne\u013cauj tai att\u012bst\u012bties&#8221;, k\u0101 ar\u012b veidotu iek\u013caujo\u0161u, eiropeisku Latviju.<\/p>\n<p>\u0160uvajevs sav\u0101 uzrun\u0101 nor\u0101d\u012bja uz b\u016btisk\u0101m p\u0101rmai\u0146\u0101m sabiedr\u012bb\u0101 un politik\u0101, tostarp uzsverot sabiedr\u012bbas sp\u0113ju aizsarg\u0101t sevi no meliem, manipul\u0101cij\u0101m, dezinform\u0101cijas un demokr\u0101tijas apdraud\u0113jumiem, \u012bpa\u0161i no ar &#8220;Kremlim draudz\u012bgiem politi\u0137iem&#8221; un partijas &#8220;Latvija pirmaj\u0101 viet\u0101&#8221; l\u012bdera Ain\u0101ra \u0160lesera (LPV) aktivit\u0101t\u0113m.<\/p>\n<p>Politi\u0137is uzsv\u0113ra, ka priek\u0161\u0101 ir daudz darba, \u012bpa\u0161i veidojot dialogu ar uz\u0146\u0113m\u0113jiem, lai ekonomikas att\u012bst\u012bbas v\u012bzija b\u016btu saprotama un pie\u0146emama da\u017e\u0101diem sabiedr\u012bbas sl\u0101\u0146iem. Vi\u0146\u0161 akcent\u0113ja nepiecie\u0161am\u012bbu risin\u0101t dz\u012bves d\u0101rdz\u012bbas jaut\u0101jumus un nodro\u0161in\u0101t soci\u0101lo atbalstu \u012bpa\u0161i neaizsarg\u0101tiem iedz\u012bvot\u0101jiem.<\/p>\n<p>\u0160uvajevs pauda gandar\u012bjumu par politisk\u0101 sp\u0113ka sasniegumiem, vienlaikus atg\u0101dinot, ka nedr\u012bkst apst\u0101ties un nepiecie\u0161ama politika, kas balst\u012bta savstarp\u0113j\u0101 cie\u0146\u0101, emp\u0101tij\u0101 un r\u016bp\u0113s par vidi, kur\u0101 dz\u012bvojam.<\/p>\n<p>&#8220;Progres\u012bvajiem&#8221; j\u0101izveido dialogs ar uz\u0146\u0113m\u0113jiem gan R\u012bg\u0101, gan cit\u0101s Latvijas pils\u0113t\u0101s un re\u0123ionos, lai politiskais sp\u0113ks savu v\u012bziju par ekonomikas att\u012bst\u012bbu pied\u0101v\u0101tu pla\u0161\u0101kai sabiedr\u012bbai, uzskata politi\u0137is, uzsverot mazo un vid\u0113jo uz\u0146\u0113mumu, jaunuz\u0146\u0113mumu, biolo\u0123isko lauksaimnieku noz\u012bmi. Vi\u0146\u0161 atzina, ka &#8220;sabiedr\u012bba izsl\u0101pusi p\u0113c taust\u0101mas pozit\u012bvas v\u012bzijas par valsts ekonomisko n\u0101kotni&#8221;, bet l\u012bdz \u0161im nav san\u0101cis &#8220;uzrakst\u012bt p\u0101rliecino\u0161u att\u012bst\u012bbas st\u0101stu, ko saprastu ikviens&#8221;.<\/p>\n<p>T\u0101pat nepiecie\u0161ams risin\u0101t ak\u016bto dz\u012bves d\u0101rdz\u012bbas probl\u0113mu, pret\u0113j\u0101 gad\u012bjum\u0101 iedz\u012bvot\u0101ji nesp\u0113s ilgsto\u0161i &#8220;aizsarg\u0101t sevi no politi\u0137u populisma&#8221; un pretoties dezinform\u0101cijai.<\/p>\n<p>&#8220;Ekonomika neatt\u012bst\u0101s, ja noz\u012bm\u012bga sabiedr\u012bbas da\u013ca nemit\u012bgi uztraucas par r\u012btdienu,&#8221; uzsv\u0113ra \u0160uvajevs.<\/p>\n<p>K\u0101 v\u0113st\u012bts, &#8220;Progres\u012bvie&#8221; \u0161odien kongres\u0101 tiekas ar uz\u0146\u0113m\u0113jiem un apsprie\u017e priorit\u0101tes Saeimas v\u0113l\u0113\u0161anu gadam, a\u0123ent\u016bru LETA inform\u0113ja partij\u0101.<\/p>\n<p>K\u0101 nor\u0101da partij\u0101, aizvad\u012btais gads &#8220;Progres\u012bvajiem&#8221; ir bijis &#8220;v\u0113l viens izr\u0101viena gads ar \u013coti veiksm\u012bgu startu pa\u0161vald\u012bbu v\u0113l\u0113\u0161an\u0101s, ieg\u016bstot v\u0113sturiski liel\u0101ko p\u0101rst\u0101vniec\u012bbu&#8221;. &#8220;Progres\u012bvie&#8221; vada tr\u012bs pa\u0161vald\u012bbas &#8211; R\u012bgas, Ropa\u017eu un Smiltenes. Partija patlaban ir p\u0101rst\u0101v\u0113ta visos politisk\u0101s p\u0101rst\u0101vniec\u012bbas l\u012bme\u0146os &#8211; pa\u0161vald\u012bb\u0101s, Saeim\u0101, vald\u012bb\u0101 un Eiropas Parlament\u0101.<\/p>\n","protected":false},"excerpt":{"rendered":"Politisk\u0101s partijas &#8220;Progres\u012bvie&#8221; p\u0101rst\u0101vji kongres\u0101 sestdien nor\u0101d\u012bja uz nepiecie\u0161am\u012bbu partijai att\u012bst\u012bties ar\u012b \u0101rpus R\u012bgas, b\u016bt kl\u0101teso\u0161iem, ieklaus\u012bties iedz\u012bvot\u0101jos&hellip;\n","protected":false},"author":2,"featured_media":56390,"comment_status":"","ping_status":"","sticky":false,"template":"","format":"standard","meta":{"footnotes":""},"categories":[12],"tags":[129,1209,23,28,29,32,33,22,30,31,35,39,38,36,37,34,40,20,26,27,1210,1211,24,25,21],"class_list":{"0":"post-56919","1":"post","2":"type-post","3":"status-publish","4":"format-standard","5":"has-post-thumbnail","7":"category-latvija","8":"tag-__typenameadvicekeyword","9":"tag-id824","10":"tag-aktualitates","11":"tag-breaking-news","12":"tag-breakingnews","13":"tag-featured-news","14":"tag-featurednews","15":"tag-headlines","16":"tag-latest-news","17":"tag-latestnews","18":"tag-latvia","19":"tag-latvian","20":"tag-latviesu","21":"tag-latviesu-valoda","22":"tag-latviesuvaloda","23":"tag-latvija","24":"tag-lv","25":"tag-news","26":"tag-popularakas-zinas","27":"tag-popularakaszinas","28":"tag-slugpolitika","29":"tag-titlepolitika","30":"tag-top-stories","31":"tag-topstories","32":"tag-zinas"},"share_on_mastodon":{"url":"https:\/\/pubeurope.com\/@lv\/115600435786012417","error":""},"_links":{"self":[{"href":"https:\/\/www.europesays.com\/lv\/wp-json\/wp\/v2\/posts\/56919","targetHints":{"allow":["GET"]}}],"collection":[{"href":"https:\/\/www.europesays.com\/lv\/wp-json\/wp\/v2\/posts"}],"about":[{"href":"https:\/\/www.europesays.com\/lv\/wp-json\/wp\/v2\/types\/post"}],"author":[{"embeddable":true,"href":"https:\/\/www.europesays.com\/lv\/wp-json\/wp\/v2\/users\/2"}],"replies":[{"embeddable":true,"href":"https:\/\/www.europesays.com\/lv\/wp-json\/wp\/v2\/comments?post=56919"}],"version-history":[{"count":0,"href":"https:\/\/www.europesays.com\/lv\/wp-json\/wp\/v2\/posts\/56919\/revisions"}],"wp:featuredmedia":[{"embeddable":true,"href":"https:\/\/www.europesays.com\/lv\/wp-json\/wp\/v2\/media\/56390"}],"wp:attachment":[{"href":"https:\/\/www.europesays.com\/lv\/wp-json\/wp\/v2\/media?parent=56919"}],"wp:term":[{"taxonomy":"category","embeddable":true,"href":"https:\/\/www.europesays.com\/lv\/wp-json\/wp\/v2\/categories?post=56919"},{"taxonomy":"post_tag","embeddable":true,"href":"https:\/\/www.europesays.com\/lv\/wp-json\/wp\/v2\/tags?post=56919"}],"curies":[{"name":"wp","href":"https:\/\/api.w.org\/{rel}","templated":true}]}}