{"id":56957,"date":"2025-11-23T19:22:24","date_gmt":"2025-11-23T19:22:24","guid":{"rendered":"https:\/\/www.europesays.com\/lv\/56957\/"},"modified":"2025-11-23T19:22:24","modified_gmt":"2025-11-23T19:22:24","slug":"noskaties-%e2%9f%a9-neraugoties-uz-zzs-sansoliem-budzetu-cer-pienemt","status":"publish","type":"post","link":"https:\/\/www.europesays.com\/lv\/56957\/","title":{"rendered":"NOSKATIES \u27e9 Neraugoties uz ZZS \u201cs\u0101nso\u013ciem\u201d, bud\u017eetu cer pie\u0146emt"},"content":{"rendered":"<p>Jaut\u0101jumu par iesp\u0113jamu Ventspils ostas kred\u012btu dz\u0113\u0161anu ZZS nesaistot ar bud\u017eeta pie\u0146em\u0161anu. \u201cEs teiktu t\u0101 &#8211; tas nav bud\u017eeta jaut\u0101jums, attiec\u012bb\u0101 uz kaut k\u0101du par\u0101du norakst\u012b\u0161anu, bet tur ir darbs satiksmes ministram, jo par\u0101d\u0101 ir valsts kapit\u0101lsabiedr\u012bba, kas ministram ir j\u0101risina,\u201d sac\u012bja Augulis.<\/p>\n<p>\u201cT\u012bri politiski gan \u201cProgres\u012bvo\u201d priorit\u0101tes uz otro las\u012bjumu, gan ZZS, gan Jaun\u0101s Vienot\u012bbas priorit\u0101tes, manupr\u0101t, visas liel\u0101 m\u0113r\u0101 ir \u0146emtas v\u0113r\u0101 un atrisin\u0101tas,\u201d uzskata \u0160uvajevs.<\/p>\n<p>Tiesa, ZZS turpina run\u0101t vien\u0101 bals\u012b ar Saeimas opoz\u012bcijas partij\u0101m, ka taup\u012bbas pas\u0101kumi bud\u017eet\u0101 nav biju\u0161i pietiekami. Finan\u0161u ministrs Arvils A\u0161eradens (JV) gan tam \u012bsti nepiekr\u012bt: \u201cTikko m\u0113s \u0137eramies kl\u0101t tiem pakalpojumiem, ko sa\u0146em iedz\u012bvot\u0101ji, t\u0101 reakcijas ir \u013coti skarbas, t\u0101 ka es gribu teikt, ka 270 miljonu eiro samazin\u0101jums, tas ir, manupr\u0101t, cien\u012bjams. Tas jaut\u0101jums, k\u0101 ies t\u0101l\u0101k, to var diskut\u0113t.\u201d<\/p>\n<p>Kop\u0113jie valsts bud\u017eeta izdevumi n\u0101kamgad gan nesamazin\u0101sies, bet pieaugs &#8211; l\u012bdz gandr\u012bz 18 miljardiem eiro. L\u012bdz ar tiem augs ar\u012b valsts par\u0101ds &#8211; tuv\u0101ko gadu laik\u0101 tas no pa\u0161reiz\u0113jiem 48,9% pret IKP p\u0101rsniegs 55,2%. No Eiropas Savien\u012bbas dal\u012bbvalst\u012bm Latvija ierindojama starp valst\u012bm ar zem\u0101ko par\u0101du, bet t\u0101 pieauguma temps gan \u0161ogad bijis otrs strauj\u0101kais.<\/p>\n<p>Saeimas opoz\u012bcijas partijas daudz kritiz\u0113 vald\u012bbu par pieaugo\u0161o par\u0101du un t\u0101 apkalpo\u0161anas izmaks\u0101m, kas padara Latviju viegl\u0101k ievainojamu potenci\u0101l\u0101s kr\u012bz\u0113s. Ar\u012b Fisk\u0101l\u0101s discipl\u012bnas padome atz\u012bm\u0113jusi, ka, sast\u0101dot bud\u017eetu, izv\u0113l\u0113ts vienk\u0101r\u0161\u0101kais ce\u013c\u0161 \u2013 papildu finans\u0113jums aizsardz\u012bbai atrasts uz valsts par\u0101da pieauguma r\u0113\u0137ina, nevis samazinot bud\u017eeta izdevumus.<\/p>\n<p>\u201cBud\u017eets un tie fisk\u0101lie r\u0101d\u012bt\u0101ji \u2013 gan defic\u012bts, gan par\u0101ds &#8211; \u0161obr\u012bd atbilst gan nacion\u0101liem nosac\u012bjumiem, gan ES pras\u012bb\u0101m. M\u0113s nevaram teikt, ka kaut kas nav izpild\u012bts pareizi, bet, par ilgtermi\u0146u run\u0101jot, par trim gadiem uz priek\u0161u, mums oblig\u0101ti ir j\u0101atrod veids k\u0101d\u0101 veid\u0101 m\u0113s varam tie\u0161\u0101m taup\u012bg\u0101k izmantot valsts naudu,\u201d saka padomes priek\u0161s\u0113d\u0113t\u0101ja Inna \u0160teinbuka.<\/p>\n<p>Gal\u012bgais balsojums Saeim\u0101 par n\u0101kam\u0101 gada bud\u017eetu paredz\u0113ts p\u0113c ned\u0113\u013cas, bet vald\u012bbas t\u0101l\u0101kam darbam b\u016btiska b\u016bs pirmdien gaid\u0101m\u0101 koal\u012bcijas partiju sadarb\u012bbas san\u0101ksme, kur\u0101 paredz\u0113ts run\u0101t par re\u0123ion\u0101lajiem p\u0101rvad\u0101jumiem.<\/p>\n","protected":false},"excerpt":{"rendered":"Jaut\u0101jumu par iesp\u0113jamu Ventspils ostas kred\u012btu dz\u0113\u0161anu ZZS nesaistot ar bud\u017eeta pie\u0146em\u0161anu. \u201cEs teiktu t\u0101 &#8211; tas nav&hellip;\n","protected":false},"author":2,"featured_media":54039,"comment_status":"","ping_status":"","sticky":false,"template":"","format":"standard","meta":{"footnotes":""},"categories":[12],"tags":[23,28,29,685,32,33,22,30,31,35,39,38,36,37,34,40,20,26,27,141,24,25,331,21,666],"class_list":{"0":"post-56957","1":"post","2":"type-post","3":"status-publish","4":"format-standard","5":"has-post-thumbnail","7":"category-latvija","8":"tag-aktualitates","9":"tag-breaking-news","10":"tag-breakingnews","11":"tag-de-facto","12":"tag-featured-news","13":"tag-featurednews","14":"tag-headlines","15":"tag-latest-news","16":"tag-latestnews","17":"tag-latvia","18":"tag-latvian","19":"tag-latviesu","20":"tag-latviesu-valoda","21":"tag-latviesuvaloda","22":"tag-latvija","23":"tag-lv","24":"tag-news","25":"tag-popularakas-zinas","26":"tag-popularakaszinas","27":"tag-saeima","28":"tag-top-stories","29":"tag-topstories","30":"tag-valsts-budzets","31":"tag-zinas","32":"tag-zzs"},"share_on_mastodon":{"url":"https:\/\/pubeurope.com\/@lv\/115600644106798169","error":""},"_links":{"self":[{"href":"https:\/\/www.europesays.com\/lv\/wp-json\/wp\/v2\/posts\/56957","targetHints":{"allow":["GET"]}}],"collection":[{"href":"https:\/\/www.europesays.com\/lv\/wp-json\/wp\/v2\/posts"}],"about":[{"href":"https:\/\/www.europesays.com\/lv\/wp-json\/wp\/v2\/types\/post"}],"author":[{"embeddable":true,"href":"https:\/\/www.europesays.com\/lv\/wp-json\/wp\/v2\/users\/2"}],"replies":[{"embeddable":true,"href":"https:\/\/www.europesays.com\/lv\/wp-json\/wp\/v2\/comments?post=56957"}],"version-history":[{"count":0,"href":"https:\/\/www.europesays.com\/lv\/wp-json\/wp\/v2\/posts\/56957\/revisions"}],"wp:featuredmedia":[{"embeddable":true,"href":"https:\/\/www.europesays.com\/lv\/wp-json\/wp\/v2\/media\/54039"}],"wp:attachment":[{"href":"https:\/\/www.europesays.com\/lv\/wp-json\/wp\/v2\/media?parent=56957"}],"wp:term":[{"taxonomy":"category","embeddable":true,"href":"https:\/\/www.europesays.com\/lv\/wp-json\/wp\/v2\/categories?post=56957"},{"taxonomy":"post_tag","embeddable":true,"href":"https:\/\/www.europesays.com\/lv\/wp-json\/wp\/v2\/tags?post=56957"}],"curies":[{"name":"wp","href":"https:\/\/api.w.org\/{rel}","templated":true}]}}