{"id":56958,"date":"2025-11-23T19:28:11","date_gmt":"2025-11-23T19:28:11","guid":{"rendered":"https:\/\/www.europesays.com\/lv\/56958\/"},"modified":"2025-11-23T19:28:11","modified_gmt":"2025-11-23T19:28:11","slug":"noskaties-%e2%9f%a9-bibliotekas-joprojam-iegadajas-krievija-izdotas-gramatas","status":"publish","type":"post","link":"https:\/\/www.europesays.com\/lv\/56958\/","title":{"rendered":"NOSKATIES \u27e9 Bibliot\u0113kas joproj\u0101m ieg\u0101d\u0101jas Krievij\u0101 izdotas gr\u0101matas"},"content":{"rendered":"<p>Gr\u0101matn\u012bcas \u201cIntelektu\u0101l\u0101 gr\u0101mata\u201d \u012bpa\u0161nieks Rihards J\u0113rums raid\u012bjumam \u201cde facto\u201d st\u0101sta, ka k\u0101dreiz gr\u0101matas krievu valod\u0101 izdotas Ukrain\u0101, bet kopum\u0101 alternat\u012bvu Krievij\u0101 druk\u0101tajam esot maz. \u201cK\u0101dreiz izdeva Ukraina. Vi\u0146i tagad neizdod praktiski neko, iz\u0146emot \u013coti, \u013coti mazu b\u0113rnu gr\u0101matas, burtiski divgad\u012bgiem, tr\u012bsgad\u012bgajiem. Kaut kas t\u0101ds tur ir piln\u012bgi ciet. Tas viss. Un tad ir emigrantu izdevumi. Tas noz\u012bm\u0113 &#8211; tie ir \u013coti disidenti. Un v\u0113l ir t\u0101di autori, kas vienk\u0101r\u0161i ir aizliegti Krievij\u0101. Bet t\u0101du ir sal\u012bdzino\u0161i maz. No lielajiem autoriem tur j\u0101piemin Aku\u0146ins [Boriss Aku\u0146ins], ko vi\u0146i tagad druk\u0101 R\u012bg\u0101. Un tad vi\u0146\u0161 ir, j\u0101, bet princip\u0101 tas ar\u012b viss,\u201d st\u0101sta J\u0113rums.<\/p>\n<p>Kult\u016bras ministre Agnese L\u0101ce par bibliotek\u0101ru iniciat\u012bvu nepirkt Krievij\u0101 druk\u0101t\u0101s gr\u0101matas neko nezin\u0101ja, ta\u010du sol\u012bja ar to iepaz\u012bties.<\/p>\n<p>\u201cTe t\u0101 problem\u0101tika ir taj\u0101, ka ir \u013coti uzman\u012bgi j\u0101b\u016bt ar to, ka, ja m\u0113s k\u0101du likumu tagad pasak\u0101m &#8211; j\u016bs nedr\u012bkstat kategoriski kaut ko dar\u012bt, t\u0101 vienm\u0113r b\u016bs milz\u012bga \u0113tiska dilemma un sevi\u0161\u0137i bibliot\u0113ku jom\u0101. Jo bibliot\u0113kas pasaul\u0113 ir pieredz\u0113ju\u0161as to, ko noz\u012bm\u0113 aizliegtie gr\u0101matu saraksti, gr\u0101matu dedzin\u0101\u0161anas, m\u0113s pa\u0161i okup\u0101cijas laik\u0101 &#8211; t\u0101tad bibliot\u0113ka jau ir bijis tas varas rupors, un to m\u0113s noteikti negribam. Un taj\u0101 pa\u0161\u0101 laik\u0101, j\u0101, no otras puses, vajadz\u012bba nosarg\u0101t m\u016bsu valstiskumu. Tas \u0101rk\u0101rt\u012bgi ir b\u016btiski. T\u0101tad es teiktu, ka nozarei ir j\u0101run\u0101 \u0161\u012bm lielaj\u0101m iest\u0101d\u0113m k\u0101 Kult\u016bras ministrija, Nacion\u0101l\u0101 bibliot\u0113ka, es uzskatu \u2013 ir j\u0101pau\u017e skaidr\u0101ka nost\u0101ja\u201d saka \u012av\u0101ne.<\/p>\n<p>Statistika liecina, ka p\u0113rn Latvij\u0101 no Krievijas import\u0113tas gr\u0101matas un iespieddarbi vair\u0101k nek\u0101 asto\u0146u miljonu eiro v\u0113rt\u012bb\u0101. Bet politi\u0137u iecere uzlikt augst\u0101ku PVN krieviski druk\u0101tajam v\u0101rdam gan noz\u012bm\u0113, ka \u0161os izdevumus \u0161\u0137iros tikai p\u0113c valodas, nevis p\u0113c t\u0101, vai tie n\u0101k no Krievijas.<\/p>\n","protected":false},"excerpt":{"rendered":"Gr\u0101matn\u012bcas \u201cIntelektu\u0101l\u0101 gr\u0101mata\u201d \u012bpa\u0161nieks Rihards J\u0113rums raid\u012bjumam \u201cde facto\u201d st\u0101sta, ka k\u0101dreiz gr\u0101matas krievu valod\u0101 izdotas Ukrain\u0101, bet&hellip;\n","protected":false},"author":2,"featured_media":56959,"comment_status":"","ping_status":"","sticky":false,"template":"","format":"standard","meta":{"footnotes":""},"categories":[12],"tags":[23,6953,28,29,685,32,33,22,1571,30,31,35,39,38,36,37,34,40,20,26,27,2550,24,25,21],"class_list":{"0":"post-56958","1":"post","2":"type-post","3":"status-publish","4":"format-standard","5":"has-post-thumbnail","7":"category-latvija","8":"tag-aktualitates","9":"tag-bibliotekas","10":"tag-breaking-news","11":"tag-breakingnews","12":"tag-de-facto","13":"tag-featured-news","14":"tag-featurednews","15":"tag-headlines","16":"tag-hibridkars","17":"tag-latest-news","18":"tag-latestnews","19":"tag-latvia","20":"tag-latvian","21":"tag-latviesu","22":"tag-latviesu-valoda","23":"tag-latviesuvaloda","24":"tag-latvija","25":"tag-lv","26":"tag-news","27":"tag-popularakas-zinas","28":"tag-popularakaszinas","29":"tag-propaganda","30":"tag-top-stories","31":"tag-topstories","32":"tag-zinas"},"share_on_mastodon":{"url":"https:\/\/pubeurope.com\/@lv\/115600667652713269","error":""},"_links":{"self":[{"href":"https:\/\/www.europesays.com\/lv\/wp-json\/wp\/v2\/posts\/56958","targetHints":{"allow":["GET"]}}],"collection":[{"href":"https:\/\/www.europesays.com\/lv\/wp-json\/wp\/v2\/posts"}],"about":[{"href":"https:\/\/www.europesays.com\/lv\/wp-json\/wp\/v2\/types\/post"}],"author":[{"embeddable":true,"href":"https:\/\/www.europesays.com\/lv\/wp-json\/wp\/v2\/users\/2"}],"replies":[{"embeddable":true,"href":"https:\/\/www.europesays.com\/lv\/wp-json\/wp\/v2\/comments?post=56958"}],"version-history":[{"count":0,"href":"https:\/\/www.europesays.com\/lv\/wp-json\/wp\/v2\/posts\/56958\/revisions"}],"wp:featuredmedia":[{"embeddable":true,"href":"https:\/\/www.europesays.com\/lv\/wp-json\/wp\/v2\/media\/56959"}],"wp:attachment":[{"href":"https:\/\/www.europesays.com\/lv\/wp-json\/wp\/v2\/media?parent=56958"}],"wp:term":[{"taxonomy":"category","embeddable":true,"href":"https:\/\/www.europesays.com\/lv\/wp-json\/wp\/v2\/categories?post=56958"},{"taxonomy":"post_tag","embeddable":true,"href":"https:\/\/www.europesays.com\/lv\/wp-json\/wp\/v2\/tags?post=56958"}],"curies":[{"name":"wp","href":"https:\/\/api.w.org\/{rel}","templated":true}]}}