{"id":57018,"date":"2025-11-23T21:53:08","date_gmt":"2025-11-23T21:53:08","guid":{"rendered":"https:\/\/www.europesays.com\/lv\/57018\/"},"modified":"2025-11-23T21:53:08","modified_gmt":"2025-11-23T21:53:08","slug":"finansu-trukums-un-darbinieku-atlugumu-vilnis-lente-lv","status":"publish","type":"post","link":"https:\/\/www.europesays.com\/lv\/57018\/","title":{"rendered":"finan\u0161u tr\u016bkums un darbinieku atl\u016bgumu vilnis\u00a0\u2014\u00a0Lente.lv"},"content":{"rendered":"<p>Saruna par Latvijas Nacion\u0101l\u0101 m\u0101kslas muzeja izaicin\u0101jumiem<\/p>\n<p>Latvijas Nacion\u0101l\u0101 m\u0101kslas muzeja (LNMM) direktore M\u0101ra L\u0101ce intervij\u0101 Latvijas Radio 3 &#8220;Klasika&#8221; atzinusi, ka pa\u0161reiz\u0113j\u0101 finan\u0161u un \u0123eopolitisk\u0101 situ\u0101cija rada nemieru, radot jaunus uzdevumus un pras\u012bbas ar\u012b muzejiem. \u0160ie izaicin\u0101jumi ietver dro\u0161\u012bbas jaut\u0101jumus, dokumentu izstr\u0101di un riska situ\u0101ciju izv\u0113rt\u0113\u0161anu, kas liek justies neomul\u012bgi. T\u0101d\u0113\u013c nav viegli run\u0101t par vieglu laiku muzeja darb\u012bb\u0101.<\/p>\n<p>Muzeja past\u0101v\u0113\u0161ana un finans\u0113juma dilemma<\/p>\n<p>M\u0101ra L\u0101ce uzsver, ka LNMM pilda valsts dele\u0123\u0113to funkciju kr\u0101jumu saglab\u0101\u0161an\u0101, ta\u010du ar pie\u0161\u0137irto finans\u0113jumu ir &#8220;praktiski neiesp\u0113jami past\u0101v\u0113t&#8221;. Vi\u0146a nor\u0101da, ka finans\u0113juma samazin\u0101jums var\u0113tu b\u016bt iesp\u0113jams tikai l\u012bdz &#8220;kaut k\u0101dai sapr\u0101t\u012bgai robe\u017eai&#8221;. Direktore ironiski piebilst, ka muzejs labpr\u0101t pie\u0146emtu &#8220;nulles bud\u017eetu&#8221; un veiktu t\u0101 izv\u0113rt\u0113\u0161anu, ta\u010du &#8220;to neviens negrib dar\u012bt&#8221;. Tas liktu skaidri pier\u0101d\u012bt, ka ar eso\u0161o finans\u0113jumu muzejs nesp\u0113j past\u0101v\u0113t, kas ir skumji, \u012bpa\u0161i, nerun\u0101jot par algu sada\u013cu, kas ir &#8220;stipri zem vid\u0113j\u0101 atalgojuma valst\u012b&#8221;.<\/p>\n<p>Darbinieku aizpl\u016b\u0161ana un t\u0101s sekas<\/p>\n<p>Kritisk\u0101 situ\u0101cija ar atalgojumu noved pie darbinieku masveida aizie\u0161anas. M\u0101ra L\u0101ce atkl\u0101j, ka &#8220;nepaiet neviena ned\u0113\u013ca bez atl\u016bguma&#8221;. Vi\u0146a uzsver, ka tas ir sign\u0101ls par neizturamo finansi\u0101lo spiedienu, kas draud iedrag\u0101t vienu no valsts noz\u012bm\u012bg\u0101kaj\u0101m kult\u016bras instit\u016bcij\u0101m. \u0160\u012b &#8220;klus\u0101 aizpl\u016b\u0161ana&#8221; ne tikai at\u0146em muzejam v\u0113rt\u012bgu un pieredz\u0113ju\u0161u person\u0101lu, bet ar\u012b apdraud nacion\u0101l\u0101 kult\u016bras mantojuma saglab\u0101\u0161anu un att\u012bst\u012bbu, jo katrs speci\u0101lists l\u012bdzi pa\u0146em gadiem uzkr\u0101t\u0101s zin\u0101\u0161anas un pieredzi, kas bie\u017ei vien ir unik\u0101la un neaizst\u0101jama.<\/p>\n<p>Muzeja \u0113ka un t\u0101s nep\u0101rtraukt\u0101s vajadz\u012bbas<\/p>\n<p>Pa\u0161ai muzeja \u0113kai nepiecie\u0161ama nep\u0101rtraukta uzman\u012bba un r\u016bpes. Lai gan restaur\u0101cijas projekti un rekonstrukcijas ir pl\u0101notas un \u012bstenotas, piem\u0113ram, muzeja \u0113kas rekonstrukcijas b\u016bvprojekta izstr\u0101de un finans\u0113juma piesaiste no Eiropas Savien\u012bbas fondiem, ir radu\u0161ies kav\u0113jumi un neskaidr\u012bbas, kas apdraud projektu gaitu. Piem\u0113ram, Lietuvas arhitektu birojs ir kav\u0113jis tehnisk\u0101 projekta pabeig\u0161anu, k\u0101 rezult\u0101t\u0101 var tikt apdraud\u0113ts Eiropas Savien\u012bbas fondu l\u012bdzfinans\u0113jums.<\/p>\n<p>Aktualit\u0101tes un n\u0101kotnes perspekt\u012bvas<\/p>\n<p>Neskatoties uz izaicin\u0101jumiem, muzejs turpina savu darb\u012bbu, pied\u0101v\u0101jot da\u017e\u0101dus pas\u0101kumus un izst\u0101des. Aktu\u0101li ir ar\u012b jaut\u0101jumi par laikmet\u012bg\u0101s m\u0101kslas muzeja izveidi, kas tiek rosin\u0101ts k\u0101 Latvijas Nacion\u0101l\u0101 m\u0101kslas muzeja strukt\u016brvien\u012bba, lai veidotu, iepirktu un p\u0113t\u012btu laikmet\u012bg\u0101s m\u0101kslas kr\u0101jumu. \u0160is solis tiek sperts, lai nov\u0113rstu sadrumstalot\u012bbu un nostiprin\u0101tu sabiedr\u012bbas p\u0101rliec\u012bbu par laikmet\u012bg\u0101s m\u0101kslas noz\u012bmi.<\/p>\n","protected":false},"excerpt":{"rendered":"Saruna par Latvijas Nacion\u0101l\u0101 m\u0101kslas muzeja izaicin\u0101jumiem Latvijas Nacion\u0101l\u0101 m\u0101kslas muzeja (LNMM) direktore M\u0101ra L\u0101ce intervij\u0101 Latvijas Radio&hellip;\n","protected":false},"author":2,"featured_media":57019,"comment_status":"","ping_status":"","sticky":false,"template":"","format":"standard","meta":{"footnotes":""},"categories":[5],"tags":[23,28,29,15396,32,33,22,6628,30,31,35,39,38,36,37,34,159,40,15394,15395,20,26,27,24,25,21],"class_list":{"0":"post-57018","1":"post","2":"type-post","3":"status-publish","4":"format-standard","5":"has-post-thumbnail","7":"category-aktualitates","8":"tag-aktualitates","9":"tag-breaking-news","10":"tag-breakingnews","11":"tag-drosibas-jautajumi","12":"tag-featured-news","13":"tag-featurednews","14":"tag-headlines","15":"tag-kulturas-nozare","16":"tag-latest-news","17":"tag-latestnews","18":"tag-latvia","19":"tag-latvian","20":"tag-latviesu","21":"tag-latviesu-valoda","22":"tag-latviesuvaloda","23":"tag-latvija","24":"tag-latvijas-nacionalais-makslas-muzejs","25":"tag-lv","26":"tag-mara-lace","27":"tag-muzeju-finansejums","28":"tag-news","29":"tag-popularakas-zinas","30":"tag-popularakaszinas","31":"tag-top-stories","32":"tag-topstories","33":"tag-zinas"},"share_on_mastodon":{"url":"https:\/\/pubeurope.com\/@lv\/115601237774660158","error":""},"_links":{"self":[{"href":"https:\/\/www.europesays.com\/lv\/wp-json\/wp\/v2\/posts\/57018","targetHints":{"allow":["GET"]}}],"collection":[{"href":"https:\/\/www.europesays.com\/lv\/wp-json\/wp\/v2\/posts"}],"about":[{"href":"https:\/\/www.europesays.com\/lv\/wp-json\/wp\/v2\/types\/post"}],"author":[{"embeddable":true,"href":"https:\/\/www.europesays.com\/lv\/wp-json\/wp\/v2\/users\/2"}],"replies":[{"embeddable":true,"href":"https:\/\/www.europesays.com\/lv\/wp-json\/wp\/v2\/comments?post=57018"}],"version-history":[{"count":0,"href":"https:\/\/www.europesays.com\/lv\/wp-json\/wp\/v2\/posts\/57018\/revisions"}],"wp:featuredmedia":[{"embeddable":true,"href":"https:\/\/www.europesays.com\/lv\/wp-json\/wp\/v2\/media\/57019"}],"wp:attachment":[{"href":"https:\/\/www.europesays.com\/lv\/wp-json\/wp\/v2\/media?parent=57018"}],"wp:term":[{"taxonomy":"category","embeddable":true,"href":"https:\/\/www.europesays.com\/lv\/wp-json\/wp\/v2\/categories?post=57018"},{"taxonomy":"post_tag","embeddable":true,"href":"https:\/\/www.europesays.com\/lv\/wp-json\/wp\/v2\/tags?post=57018"}],"curies":[{"name":"wp","href":"https:\/\/api.w.org\/{rel}","templated":true}]}}