{"id":57030,"date":"2025-11-23T22:11:13","date_gmt":"2025-11-23T22:11:13","guid":{"rendered":"https:\/\/www.europesays.com\/lv\/57030\/"},"modified":"2025-11-23T22:11:13","modified_gmt":"2025-11-23T22:11:13","slug":"olimpiskaja-trase-labakais-no-latvijas-cetriniekiem-17-vieta-ziemas-sports-sportacentrs-com","status":"publish","type":"post","link":"https:\/\/www.europesays.com\/lv\/57030\/","title":{"rendered":"Olimpiskaj\u0101 tras\u0113 lab\u0101kais no Latvijas \u010detriniekiem 17. viet\u0101 \u2013 Ziemas sports \u2013 Sportacentrs.com"},"content":{"rendered":"<p>P\u0113c pirm\u0101 brauciena augst\u0101k atrad\u0101s debitanta Ren\u0101ra Granti\u0146a pilot\u0113tais \u010detrinieks ar st\u016bm\u0113jiem D\u0101vi Kaufmani, Lauri Kaufmani un Edgari Nemmi \u2013 vi\u0146i ie\u0146\u0113ma 14. vietu, kam\u0113r J\u0113kabs Kalenda kop\u0101 ar Edgaru Unguru, Mat\u012bsu Mikni un Mairi K\u013cavu ierindoj\u0101s 17. viet\u0101, 0,13 sekundes aiz tautie\u0161iem.<\/p>\n<p>Granti\u0146am otraj\u0101 braucien\u0101 slikt\u0101kais rezult\u0101ts starp 20 ekip\u0101\u017e\u0101m, kas kvalific\u0113j\u0101s (par 0,13 sekund\u0113m slikt\u0101ks nek\u0101 otrais l\u0113n\u0101kais laiks), kam\u0113r Kalendam v\u0113lreiz 17. laiks, ar\u012b kopv\u0113rt\u0113jum\u0101 ierindojoties 17. viet\u0101. Granti\u0146\u0161 sacens\u012bbas nosl\u0113dza 20. poz\u012bcij\u0101, 0,16 sekundes aiz Kalendas \u010detrinieka.<\/p>\n<p>Uzvaru izc\u012bn\u012bja Johanness Lohners, kur\u0161 bija lab\u0101kais abos braucienos un apsteidza tautieti Fran\u010desko Fr\u012bdrihu par 0,22 sekund\u0113m. P\u0113c pirm\u0101 brauciena tre\u0161ais bija v\u0101cietis \u0100dams Amm\u016brs, tom\u0113r otrais pieg\u0101jiens bija tik nesekm\u012bgs, ka lika atk\u0101pties l\u012bdz piektajai vietai. T\u0101d\u0113j\u0101di goda pjedest\u0101la tre\u0161ais pak\u0101piens Dienvidkorejas pilotam Jinsu Kimam. Vi\u0146\u0161 Pasaules kaus\u0101 pirmo reizi tika pie godalgas \u010detriniekos.<\/p>\n<p>Pasaules kausa sezona n\u0101kamaj\u0101 ned\u0113\u013c\u0101 turpin\u0101sies Insbrukas tras\u0113 Austrij\u0101. Olimpisko sp\u0113\u013cu sacens\u012bbas bobslej\u0101 notiks no 15. l\u012bdz 22. febru\u0101rim.<\/p>\n<p>Sestdien divniekos uzvar\u0113ja Lohners, otrais bija Fr\u012bdrihs, bet Amm\u016brs ieguva bronzu. Kalenda ie\u0146\u0113ma 13. vietu, bet Granti\u0146a divnieks nekvalific\u0113j\u0101s otrajam braucienam un sacens\u012bbas nosl\u0113dza 23. viet\u0101.<\/p>\n<p>Kort\u012bna d&#8217;Ampeco, \u010detrinieki<\/p>\n<tr>VPilotsValstsLaiks<\/tr>\n<tr class=\"even\">\n<td>1.<\/td>\n<td>Lohners<\/td>\n<td>V\u0101cija<\/td>\n<td class=\"ralign\">1:49.73<\/td>\n<\/tr>\n<tr class=\"odd\">\n<td>2.<\/td>\n<td>Fr\u012bdrihs<\/td>\n<td>V\u0101cija<\/td>\n<td class=\"ralign\">+0.22<\/td>\n<\/tr>\n<tr class=\"even\">\n<td>3.<\/td>\n<td>Kims<\/td>\n<td>Dienvidkoreja<\/td>\n<td class=\"ralign\">+0.61<\/td>\n<\/tr>\n<tr class=\"odd\">\n<td>4.<\/td>\n<td>Treihls<\/td>\n<td>Austrija<\/td>\n<td class=\"ralign\">+0.62<\/td>\n<\/tr>\n<tr class=\"even\">\n<td>5.<\/td>\n<td>Amm\u016brs<\/td>\n<td>V\u0101cija<\/td>\n<td class=\"ralign\">+0.65<\/td>\n<\/tr>\n<tr class=\"odd\">\n<td>6.<\/td>\n<td>Hols<\/td>\n<td>Lielbrit\u0101nija<\/td>\n<td class=\"ralign\">+1.01<\/td>\n<\/tr>\n<tr class=\"even\">\n<td\/>\n<td\/>\n<td\/>\n<td class=\"ralign\"\/><\/tr>\n<tr class=\"odd\">\n<td\/>\n<td\/>\n<td\/>\n<td class=\"ralign\"\/><\/tr>\n<tr class=\"even\">\n<td>17.<\/td>\n<td>Kalenda<\/td>\n<td>Latvija<\/td>\n<td class=\"ralign\">+1.62<\/td>\n<\/tr>\n<tr class=\"odd\">\n<td\/>\n<td\/>\n<td\/>\n<td class=\"ralign\"\/><\/tr>\n<tr class=\"even\">\n<td\/>\n<td\/>\n<td\/>\n<td class=\"ralign\"\/><\/tr>\n<tr class=\"odd\">\n<td>20.<\/td>\n<td>Granti\u0146\u0161<\/td>\n<td>Latvija<\/td>\n<td class=\"ralign\">+1.78<\/td>\n<\/tr>\n<p>Piedal\u012bj\u0101s 31 ekip\u0101\u017ea<\/p>\n","protected":false},"excerpt":{"rendered":"P\u0113c pirm\u0101 brauciena augst\u0101k atrad\u0101s debitanta Ren\u0101ra Granti\u0146a pilot\u0113tais \u010detrinieks ar st\u016bm\u0113jiem D\u0101vi Kaufmani, Lauri Kaufmani un Edgari&hellip;\n","protected":false},"author":2,"featured_media":57031,"comment_status":"","ping_status":"","sticky":false,"template":"","format":"standard","meta":{"footnotes":""},"categories":[5],"tags":[23,28,29,32,33,22,30,31,35,39,38,36,37,34,40,20,26,27,24,25,620,21],"class_list":{"0":"post-57030","1":"post","2":"type-post","3":"status-publish","4":"format-standard","5":"has-post-thumbnail","7":"category-aktualitates","8":"tag-aktualitates","9":"tag-breaking-news","10":"tag-breakingnews","11":"tag-featured-news","12":"tag-featurednews","13":"tag-headlines","14":"tag-latest-news","15":"tag-latestnews","16":"tag-latvia","17":"tag-latvian","18":"tag-latviesu","19":"tag-latviesu-valoda","20":"tag-latviesuvaloda","21":"tag-latvija","22":"tag-lv","23":"tag-news","24":"tag-popularakas-zinas","25":"tag-popularakaszinas","26":"tag-top-stories","27":"tag-topstories","28":"tag-ziemas-sports","29":"tag-zinas"},"share_on_mastodon":{"url":"https:\/\/pubeurope.com\/@lv\/115601308811355537","error":""},"_links":{"self":[{"href":"https:\/\/www.europesays.com\/lv\/wp-json\/wp\/v2\/posts\/57030","targetHints":{"allow":["GET"]}}],"collection":[{"href":"https:\/\/www.europesays.com\/lv\/wp-json\/wp\/v2\/posts"}],"about":[{"href":"https:\/\/www.europesays.com\/lv\/wp-json\/wp\/v2\/types\/post"}],"author":[{"embeddable":true,"href":"https:\/\/www.europesays.com\/lv\/wp-json\/wp\/v2\/users\/2"}],"replies":[{"embeddable":true,"href":"https:\/\/www.europesays.com\/lv\/wp-json\/wp\/v2\/comments?post=57030"}],"version-history":[{"count":0,"href":"https:\/\/www.europesays.com\/lv\/wp-json\/wp\/v2\/posts\/57030\/revisions"}],"wp:featuredmedia":[{"embeddable":true,"href":"https:\/\/www.europesays.com\/lv\/wp-json\/wp\/v2\/media\/57031"}],"wp:attachment":[{"href":"https:\/\/www.europesays.com\/lv\/wp-json\/wp\/v2\/media?parent=57030"}],"wp:term":[{"taxonomy":"category","embeddable":true,"href":"https:\/\/www.europesays.com\/lv\/wp-json\/wp\/v2\/categories?post=57030"},{"taxonomy":"post_tag","embeddable":true,"href":"https:\/\/www.europesays.com\/lv\/wp-json\/wp\/v2\/tags?post=57030"}],"curies":[{"name":"wp","href":"https:\/\/api.w.org\/{rel}","templated":true}]}}