{"id":57040,"date":"2025-11-23T22:23:12","date_gmt":"2025-11-23T22:23:12","guid":{"rendered":"https:\/\/www.europesays.com\/lv\/57040\/"},"modified":"2025-11-23T22:23:12","modified_gmt":"2025-11-23T22:23:12","slug":"noskaties-%e2%9f%a9-graudina-un-samoilova-ar-latvijas-faniem-australija-svin-triumfu-pasaules-cempionata","status":"publish","type":"post","link":"https:\/\/www.europesays.com\/lv\/57040\/","title":{"rendered":"NOSKATIES \u27e9 Graudi\u0146a un Samoilova ar Latvijas faniem Austr\u0101lij\u0101 svin triumfu pasaules \u010dempion\u0101t\u0101"},"content":{"rendered":"<p>Graudi\u0146a un Samoilova, kuras turn\u012br\u0101 bija izs\u0113tas ar piekto numuru, fin\u0101l\u0101 ar rezult\u0101tu 2-1 (21:15, 15:21, 15:11) p\u0101rsp\u0113ja amerik\u0101nietes Ter\u012bni Bra\u0161eri un Kristenu Nasu, kuras turn\u012br\u0101 start\u0113ja ar tre\u0161o numuru.<\/p>\n<p>Latvijai l\u012bdz \u0161im nebija godalgu pasaules \u010dempion\u0101t\u0101 pludmales volejbol\u0101 pieaugu\u0161ajiem. L\u012bdz \u0161im vistuv\u0101k bija M\u0101rti\u0146\u0161 P\u013cavi\u0146\u0161\/J\u0101nis \u0160m\u0113di\u0146\u0161, kuri 2011. gad\u0101 sasniedza pusfin\u0101lu, bet beig\u0101s ieguva ceturto vietu.<\/p>\n<p>Graudi\u0146a un Samoilova l\u012bdz\u0161in\u0113jos tr\u012bs startos pasaules \u010dempion\u0101tos 2019. gad\u0101 Hamburg\u0101, 2022. gad\u0101 Rom\u0101 un 2023. gad\u0101 Meksikas pils\u0113t\u0101 Tlaskal\u0101 ieguva dev\u012bto vietu.<\/p>\n<p>2019. un 2022. gad\u0101 Latvijas duets izc\u012bn\u012bja Eiropas \u010dempion\u0101ta zelta meda\u013cas, savuk\u0101rt 2021. gada Tokijas un 2024. gada Par\u012bzes olimpiskaj\u0101s sp\u0113l\u0113s Graudi\u0146a\/Samoilova izc\u012bn\u012bja attiec\u012bgi ceturto un piekto vietu.<\/p>\n<p>Pasaules rang\u0101, kas apkopots 17. novembr\u012b, Graudi\u0146a\/Samoilova ar 12 ieskaites turn\u012briem ierindojas dal\u012bt\u0101 ceturtaj\u0101 viet\u0101, bet Bra\u0161ere\/Nasa ar septi\u0146iem turn\u012briem atrodas sestaj\u0101 poz\u012bcij\u0101.<\/p>\n<p>Pasaules \u010dempione Graudi\u0146a atgriez\u012bsies m\u0101j\u0101s otrdien, 25. novembr\u012b, plkst. 14.55 ar reisu BT792 no Dubaijas, bet Samoilova dosies peln\u012bt\u0101 atp\u016bt\u0101 un Latvij\u0101 atgriez\u012bsies vien decembra beig\u0101s.<\/p>\n","protected":false},"excerpt":{"rendered":"Graudi\u0146a un Samoilova, kuras turn\u012br\u0101 bija izs\u0113tas ar piekto numuru, fin\u0101l\u0101 ar rezult\u0101tu 2-1 (21:15, 15:21, 15:11) p\u0101rsp\u0113ja&hellip;\n","protected":false},"author":2,"featured_media":57041,"comment_status":"","ping_status":"","sticky":false,"template":"","format":"standard","meta":{"footnotes":""},"categories":[5],"tags":[23,566,28,29,32,33,22,30,31,35,39,38,36,37,34,40,20,564,26,27,565,24,25,21],"class_list":{"0":"post-57040","1":"post","2":"type-post","3":"status-publish","4":"format-standard","5":"has-post-thumbnail","7":"category-aktualitates","8":"tag-aktualitates","9":"tag-anastasija-samoilova","10":"tag-breaking-news","11":"tag-breakingnews","12":"tag-featured-news","13":"tag-featurednews","14":"tag-headlines","15":"tag-latest-news","16":"tag-latestnews","17":"tag-latvia","18":"tag-latvian","19":"tag-latviesu","20":"tag-latviesu-valoda","21":"tag-latviesuvaloda","22":"tag-latvija","23":"tag-lv","24":"tag-news","25":"tag-pludmales-volejbols","26":"tag-popularakas-zinas","27":"tag-popularakaszinas","28":"tag-tina-graudina","29":"tag-top-stories","30":"tag-topstories","31":"tag-zinas"},"share_on_mastodon":{"url":"https:\/\/pubeurope.com\/@lv\/115601355873759189","error":""},"_links":{"self":[{"href":"https:\/\/www.europesays.com\/lv\/wp-json\/wp\/v2\/posts\/57040","targetHints":{"allow":["GET"]}}],"collection":[{"href":"https:\/\/www.europesays.com\/lv\/wp-json\/wp\/v2\/posts"}],"about":[{"href":"https:\/\/www.europesays.com\/lv\/wp-json\/wp\/v2\/types\/post"}],"author":[{"embeddable":true,"href":"https:\/\/www.europesays.com\/lv\/wp-json\/wp\/v2\/users\/2"}],"replies":[{"embeddable":true,"href":"https:\/\/www.europesays.com\/lv\/wp-json\/wp\/v2\/comments?post=57040"}],"version-history":[{"count":0,"href":"https:\/\/www.europesays.com\/lv\/wp-json\/wp\/v2\/posts\/57040\/revisions"}],"wp:featuredmedia":[{"embeddable":true,"href":"https:\/\/www.europesays.com\/lv\/wp-json\/wp\/v2\/media\/57041"}],"wp:attachment":[{"href":"https:\/\/www.europesays.com\/lv\/wp-json\/wp\/v2\/media?parent=57040"}],"wp:term":[{"taxonomy":"category","embeddable":true,"href":"https:\/\/www.europesays.com\/lv\/wp-json\/wp\/v2\/categories?post=57040"},{"taxonomy":"post_tag","embeddable":true,"href":"https:\/\/www.europesays.com\/lv\/wp-json\/wp\/v2\/tags?post=57040"}],"curies":[{"name":"wp","href":"https:\/\/api.w.org\/{rel}","templated":true}]}}