{"id":57042,"date":"2025-11-23T22:24:19","date_gmt":"2025-11-23T22:24:19","guid":{"rendered":"https:\/\/www.europesays.com\/lv\/57042\/"},"modified":"2025-11-23T22:24:19","modified_gmt":"2025-11-23T22:24:19","slug":"eksanprovansas-festivals-sanem-prestizo-birgitas-nilsones-balvu-par-inovativu-ieguldijumu-opermuzika-lente-lv","status":"publish","type":"post","link":"https:\/\/www.europesays.com\/lv\/57042\/","title":{"rendered":"\u0112ksanprovansas festiv\u0101ls sa\u0146em presti\u017eo Birgitas Nilsones balvu par inovat\u012bvu ieguld\u012bjumu operm\u016bzik\u0101\u00a0\u2014\u00a0Lente.lv"},"content":{"rendered":"<p>\u0112ksanprovansas festiv\u0101ls sa\u0146em presti\u017eo Birgitas Nilsones balvu<\/p>\n<p>\u0112ksanprovansas festiv\u0101ls, kas ir viens no noz\u012bm\u012bg\u0101kajiem opernamas notikumiem pasaul\u0113, ir sa\u0146\u0113mis Birgitas Nilsones balvu \u2013 pasaul\u0113 ietekm\u012bg\u0101ko un finansi\u0101li v\u0113rt\u012bg\u0101ko balvu klasisk\u0101s m\u016bzikas jom\u0101. \u0160\u012b godalga, ko pie\u0161\u0137ir reizi trijos gados, ir apliecin\u0101jums festiv\u0101la izcilajiem m\u0101kslinieciskajiem sasniegumiem un inovat\u012bvajai pieejai operas m\u0101kslas att\u012bst\u012bb\u0101. Birgitas Nilsones balva ir iedibin\u0101ta le\u0123end\u0101r\u0101s zviedru operas d\u012bvas Birgitas Nilsones (1918\u20132005) testament\u0101, un t\u0101s v\u0113rt\u012bba ir viens miljons ASV dol\u0101ru. \u0160\u012b ir pirm\u0101 reize, kad balva tiek pie\u0161\u0137irta festiv\u0101lam, nevis individu\u0101lam m\u0101ksliniekam. Ceremonija notika 2025. gada 21. oktobr\u012b Stokholmas koncertz\u0101l\u0113, ko vad\u012bja Zviedrijas karalis K\u0101rlis XVI Gustavs. Festiv\u0101la v\u0101rd\u0101 balvu pie\u0146\u0113ma \u0112ksanprovansas m\u0113re Sofija \u017dos\u0113na un festiv\u0101la valdes priek\u0161s\u0113d\u0113t\u0101js Pols Ermel\u0113ns. \u0160is notikums ir ne tikai liels pagodin\u0101jums festiv\u0101lam, bet ar\u012b apliecin\u0101jums t\u0101 ilgajai un bag\u0101tajai v\u0113sturei, kas aizs\u0101k\u0101s 1948. gad\u0101. \u0112ksanprovansas festiv\u0101ls vienm\u0113r ir bijis operm\u016bzikas trad\u012bciju kop\u0113js un inovat\u012bvu ideju lolot\u0101js, radot laikmet\u012bgus \u0161edevrus un veicinot jaunu talantu atkl\u0101\u0161anu. Tas apliecina, ka kolekt\u012bvais rado\u0161ais gars var sasniegt neiedom\u0101jamas virsotnes, pulc\u0113jot talant\u012bg\u0101kos m\u0101ksliniekus un profesion\u0101\u013cus.<\/p>\n<p>M\u016bsdienu operas uzplaukums un \u0112ksanprovansas festiv\u0101la noz\u012bme<\/p>\n<p>\u0112ksanprovansas festiv\u0101ls izce\u013cas ar savu drosmi eksperiment\u0113t un veicin\u0101t jaunu operu rad\u012b\u0161anu, bie\u017ei vien piev\u0113r\u0161oties m\u016bsdienu komponistu darbiem. \u012apa\u0161i tiek uzsv\u0113rts somu komponistes Kaijas S\u0101riaho operas &#8220;Nevain\u012bba&#8221; pasaules pirmizr\u0101de, kas notika festiv\u0101l\u0101 2021. gad\u0101. \u0160\u012b opera ir k\u013cuvusi par m\u016bsdienu klasiku un tiek iestud\u0113ta te\u0101tros vis\u0101 pasaul\u0113, apliecinot festiv\u0101la sp\u0113ju identific\u0113t un atbalst\u012bt n\u0101kotnes meistardarbus. V\u0113l viens noz\u012bm\u012bgs notikums bija britu komponista D\u017eord\u017ea Bend\u017eamina operas &#8220;Uzrakst\u012bts uz \u0101das&#8221; pirmatska\u0146ojums \u0112ksanprovans\u0101 2012. gad\u0101, ko papildin\u0101ja vi\u0146a jaun\u0101kais darbs &#8220;Iedom\u0101jies t\u0101du dienu k\u0101 \u0161\u012b&#8221;, kas pirmatska\u0146ots 2023. gad\u0101. \u0160ie darbi ir apliecin\u0101jums festiv\u0101la nep\u0101rtrauktaj\u0101m inov\u0101cij\u0101m un centieniem papildin\u0101t operas repertu\u0101ru ar m\u016bsdienu komponistu ska\u0146darbiem. Festiv\u0101la m\u0101kslinieciskie vad\u012bt\u0101ji, piem\u0113ram, Bern\u0101rs Fokruls un Pj\u0113rs Audi, ir biju\u0161i neat\u0146emama sast\u0101vda\u013ca \u0161aj\u0101 pan\u0101kumu st\u0101st\u0101, katrs ar savu pla\u0161o redz\u0113jumu un rado\u0161o ener\u0123iju. Pj\u0113rs Audi, kur\u0161 vad\u012bja festiv\u0101lu kop\u0161 2019. gada, diem\u017e\u0113l pirms \u0161\u012b godpiln\u0101 apbalvojuma pazi\u0146o\u0161anas p\u0101ragri dev\u0101s m\u016b\u017e\u012bb\u0101, atst\u0101jot dzi\u013cas skumjas, bet ar\u012b sp\u0113c\u012bgu m\u0101ksliniecisko mantojumu. Vi\u0146a aizrau\u0161an\u0101s un cent\u012bba bija iedvesma daudziem, un vi\u0146\u0161 bija lepns par \u0161o atzin\u012bbu, ko sa\u0146\u0113ma visu festiv\u0101la darbinieku v\u0101rd\u0101. Kaija S\u0101riaho, kuras opera &#8220;Nevain\u012bba&#8221; sa\u0146\u0113musi \u012bpa\u0161u atzin\u012bbu, ir viena no noz\u012bm\u012bg\u0101kaj\u0101m m\u016bsdienu komponist\u0113m, un vi\u0146as rad\u012btais darbs ir kalpojis k\u0101 paraugs citiem m\u0101ksliniekiem, apliecinot operas k\u0101 dz\u012bva un att\u012bst\u012bga m\u0101kslas veida sp\u0113ku.<\/p>\n<p>Birgitas Nilsones mantojums un balvas v\u0113sture<\/p>\n<p>Birgita Nilsone, zviedru dramatisk\u0101 sopr\u0101na le\u0123enda, kura balss skan\u0113jusi pasaules noz\u012bm\u012bg\u0101kaj\u0101s opernam\u0101s un kuras interpret\u0101cijas Riharda V\u0101gnera un Riharda \u0160trausa darbos joproj\u0101m tiek uzskat\u012btas par etalonu, nodibin\u0101ja savu fondu, lai atbalst\u012btu n\u0101kamos m\u016bzikas talantus. Vi\u0146a pati izv\u0113l\u0113j\u0101s pirmo balvas sa\u0146\u0113m\u0113ju 2009. gad\u0101 \u2013 sp\u0101\u0146u tenoru Plasido Domingo. Kop\u0161 t\u0101 laika balvu ir sa\u0146\u0113mu\u0161i t\u0101di izcili m\u0101kslinieki k\u0101 it\u0101\u013cu diri\u0123ents Rikardo Muti (2011), V\u012bnes filharmonijas or\u0137estris (2014), zviedru sopr\u0101ns N\u012bna Stemme (2018) un amerik\u0101\u0146u \u010dellists Jojo Ma (2022). \u0160ie laure\u0101ti p\u0101rst\u0101v pla\u0161u m\u016bzikas pasaules spektru, apliecinot Birgitas Nilsones v\u012bziju par da\u017e\u0101du \u017eanru un rado\u0161o izpausmju atbalst\u012b\u0161anu. Birgitas Nilsones fonds turpina vi\u0146as misiju, pie\u0161\u0137irot balvas, kas atz\u012bst un iedvesmo m\u016bzikas profesion\u0101\u013cus vis\u0101 pasaul\u0113. Fonds ar\u012b katru gadu Zviedrij\u0101 pasniedz stipendijas jaunajiem zviedru vok\u0101listiem, k\u0101 ar\u012b r\u012bko meistarklases, veicinot jauno paaud\u017eu izaugsmi un att\u012bst\u012bbu operas m\u0101ksl\u0101. \u0160\u012bs iniciat\u012bvas ir svar\u012bgs Birgitas Nilsones devums m\u016bzikas mantojuma saglab\u0101\u0161an\u0101 un t\u0101l\u0101k att\u012bst\u012bb\u0101, nodro\u0161inot, ka vi\u0146as v\u0101rds un vi\u0146as aizst\u0101v\u0113t\u0101s v\u0113rt\u012bbas turpin\u0101s iedvesmot n\u0101kam\u0101s paaudzes.<\/p>\n<p>\u0112ksanprovansas festiv\u0101la publika un n\u0101kotnes v\u012bzija<\/p>\n<p>\u0112ksanprovansas festiv\u0101la publika ir \u012bpa\u0161a \u2013 t\u0101 ir pla\u0161a, starptautiska un kaisl\u012bga m\u0101kslas baud\u012bt\u0101ju kopiena, kas nav snobisks, bet gan neform\u0101ls un bie\u017ei vien jauns. \u0160\u012b publika akt\u012bvi iesaist\u0101s m\u0101kslas baud\u012bjum\u0101, radot unik\u0101lu un iedvesmojo\u0161u atmosf\u0113ru. Festiv\u0101la sp\u0113ja \u012bstenot savu v\u012bziju ir iesp\u0113jama pateicoties pils\u0113tas, sponsoru un Francijas valsts atbalstam, kas nodro\u0161ina stabilu pamatu t\u0101 att\u012bst\u012bbai. Festiv\u0101ls ir ne tikai platforma izcil\u0101m m\u0101kslas izpausm\u0113m, bet ar\u012b vieta, kur veidojas jaunas rado\u0161\u0101s siner\u0123ijas un tiek stiprin\u0101ta saikne starp m\u0101ksliniekiem un skat\u012bt\u0101jiem. Ar savu stingro ap\u0146em\u0161anos jaunradei, it \u012bpa\u0161i p\u0113d\u0113j\u0101s div\u0101s desmitgad\u0113s, \u0112ksanprovansas festiv\u0101ls ir nodro\u0161in\u0101jis svar\u012bgus pagrieziena punktus m\u016bsdienu operm\u016bzikas v\u0113stur\u0113, saglab\u0101jis un att\u012bst\u012bjis \u0161o m\u0101kslas formu, pievienojot tai noz\u012bm\u012bgu noda\u013cu m\u016bzikas v\u0113stur\u0113. T\u0101 ir nep\u0101rtraukta att\u012bst\u012bba, kas balst\u0101s uz 75 gadu ilgu pieredzi un nep\u0101rtrauktu cent\u012bbu nodro\u0161in\u0101t augst\u0101k\u0101s kvalit\u0101tes m\u0101ksliniecisko pieredzi. Birgitas Nilsones balvas pie\u0161\u0137ir\u0161ana ir ne tikai atzin\u012bba par sasniegumiem, bet ar\u012b sp\u0113c\u012bgs atbalsts festiv\u0101la turpm\u0101kajai darb\u012bbai, \u012bpa\u0161i laik\u0101, kad daudzas kult\u016bras organiz\u0101cijas saskaras ar finansi\u0101liem izaicin\u0101jumiem. \u0160is apbalvojums \u013caus festiv\u0101lam turpin\u0101t savu misiju, veicinot operas k\u0101 dz\u012bva un main\u012bga m\u0101kslas veida att\u012bst\u012bbu, kas vienm\u0113r b\u016bs saist\u012bta ar m\u016bsu laiku.<\/p>\n","protected":false},"excerpt":{"rendered":"\u0112ksanprovansas festiv\u0101ls sa\u0146em presti\u017eo Birgitas Nilsones balvu \u0112ksanprovansas festiv\u0101ls, kas ir viens no noz\u012bm\u012bg\u0101kajiem opernamas notikumiem pasaul\u0113, ir&hellip;\n","protected":false},"author":2,"featured_media":57043,"comment_status":"","ping_status":"","sticky":false,"template":"","format":"standard","meta":{"footnotes":""},"categories":[19],"tags":[15398,15397,89,90,15400,35,39,38,36,37,34,40,15399,2638],"class_list":{"0":"post-57042","1":"post","2":"type-post","3":"status-publish","4":"format-standard","5":"has-post-thumbnail","7":"category-izklaide","8":"tag-birgitas-nilsones-balva","9":"tag-eksanprovansas-festivals","10":"tag-entertainment","11":"tag-izklaide","12":"tag-kaija-sariaho","13":"tag-latvia","14":"tag-latvian","15":"tag-latviesu","16":"tag-latviesu-valoda","17":"tag-latviesuvaloda","18":"tag-latvija","19":"tag-lv","20":"tag-musdienu-opera","21":"tag-opera"},"share_on_mastodon":{"url":"https:\/\/pubeurope.com\/@lv\/115601359675308558","error":""},"_links":{"self":[{"href":"https:\/\/www.europesays.com\/lv\/wp-json\/wp\/v2\/posts\/57042","targetHints":{"allow":["GET"]}}],"collection":[{"href":"https:\/\/www.europesays.com\/lv\/wp-json\/wp\/v2\/posts"}],"about":[{"href":"https:\/\/www.europesays.com\/lv\/wp-json\/wp\/v2\/types\/post"}],"author":[{"embeddable":true,"href":"https:\/\/www.europesays.com\/lv\/wp-json\/wp\/v2\/users\/2"}],"replies":[{"embeddable":true,"href":"https:\/\/www.europesays.com\/lv\/wp-json\/wp\/v2\/comments?post=57042"}],"version-history":[{"count":0,"href":"https:\/\/www.europesays.com\/lv\/wp-json\/wp\/v2\/posts\/57042\/revisions"}],"wp:featuredmedia":[{"embeddable":true,"href":"https:\/\/www.europesays.com\/lv\/wp-json\/wp\/v2\/media\/57043"}],"wp:attachment":[{"href":"https:\/\/www.europesays.com\/lv\/wp-json\/wp\/v2\/media?parent=57042"}],"wp:term":[{"taxonomy":"category","embeddable":true,"href":"https:\/\/www.europesays.com\/lv\/wp-json\/wp\/v2\/categories?post=57042"},{"taxonomy":"post_tag","embeddable":true,"href":"https:\/\/www.europesays.com\/lv\/wp-json\/wp\/v2\/tags?post=57042"}],"curies":[{"name":"wp","href":"https:\/\/api.w.org\/{rel}","templated":true}]}}