{"id":57045,"date":"2025-11-23T22:29:08","date_gmt":"2025-11-23T22:29:08","guid":{"rendered":"https:\/\/www.europesays.com\/lv\/57045\/"},"modified":"2025-11-23T22:29:08","modified_gmt":"2025-11-23T22:29:08","slug":"uz-p85-sosejas-pilniba-bloketa-satiksme-pec-traktora-un-vieglas-automasinas-avarijas-lente-lv","status":"publish","type":"post","link":"https:\/\/www.europesays.com\/lv\/57045\/","title":{"rendered":"uz P85 \u0161osejas piln\u012bb\u0101 blo\u0137\u0113ta satiksme p\u0113c traktora un viegl\u0101s automa\u0161\u012bnas av\u0101rijas\u00a0\u2014\u00a0Lente.lv"},"content":{"rendered":"<p>Smaga av\u0101rija uz P85 \u0161osejas pie Tomes: satiksme piln\u012bb\u0101 blo\u0137\u0113ta<\/p>\n<p>\u0160\u012b vakara dr\u016bmaj\u0101 stund\u0101 uz valsts noz\u012bmes ce\u013ca P85, kas savieno R\u012bgas HES ar Jaunjelgavu, pie Tomes notikusi k\u0101rt\u0113j\u0101 satiksmes negad\u012bjums, kas pras\u012bjis smagas sekas. Sp\u0113c\u012bg\u0101 sadursm\u0113 iesaist\u012bts traktors un vieglais automobilis, izraisot piln\u012bgu satiksmes paral\u012bzi attiec\u012bgaj\u0101 ce\u013ca posm\u0101.<\/p>\n<p>Negad\u012bjuma deta\u013cas un seku nopietn\u012bba<\/p>\n<p>Pirmie zi\u0146ojumi liecina, ka sadursme bijusi \u013coti sp\u0113c\u012bga, abiem transportl\u012bdzek\u013ciem g\u016bstot iev\u0113rojamus boj\u0101jumus. Inform\u0101cija par cietu\u0161ajiem v\u0113l tiek preciz\u0113ta, ta\u010du negad\u012bjuma nopietn\u012bba neliek \u0161aub\u012bt par to, ka gl\u0101b\u0161anas un policijas dienestiem b\u016bs daudz dar\u0101m\u0101.<\/p>\n<p>Notikuma viet\u0101 steidz\u0101s neatliekam\u0101s medic\u012bnisk\u0101s pal\u012bdz\u012bbas brig\u0101des, ugunsdz\u0113s\u0113ji gl\u0101b\u0113ji un Valsts policijas darbinieki, lai sniegtu pal\u012bdz\u012bbu cietu\u0161ajiem un nodro\u0161in\u0101tu dro\u0161\u012bbu uz ce\u013ca. Aculiecinieku st\u0101st\u012btais liecina par dramatisku ainu, kur\u0101 saliekts met\u0101ls un izb\u0113gu\u0161i \u0161\u0137idrumi no boj\u0101taj\u0101m ma\u0161\u012bn\u0101m rad\u012bju\u0161i traumatisku skatu.<\/p>\n<p>Satiksmes kav\u0113k\u013ci un apbrauk\u0161anas mar\u0161ruti<\/p>\n<p>Pa\u0161laik satiksme uz min\u0113t\u0101 ce\u013ca posma ir piln\u012bb\u0101 aptur\u0113ta abos virzienos. Autovad\u012bt\u0101jiem, kas pl\u0101noju\u0161i izmantot \u0161o mar\u0161rutu, tiek stingri ieteikts mekl\u0113t alternat\u012bvus ce\u013cus, lai izvair\u012btos no ilgsto\u0161as gaid\u012b\u0161anas. Policija str\u0101d\u0101 pie situ\u0101cijas risin\u0101\u0161anas un tikl\u012bdz b\u016bs iesp\u0113jams, atjaunos satiksmes pl\u016bsmu. Tom\u0113r j\u0101apzin\u0101s, ka negad\u012bjuma seku likvid\u0113\u0161ana var aiz\u0146emt vair\u0101kas stundas.<\/p>\n<p>\u0160is notikums atkal atg\u0101dina par ce\u013cu satiksmes dro\u0161\u012bbas noz\u012bmi un nepiecie\u0161am\u012bbu b\u016bt \u012bpa\u0161i uzman\u012bgiem uz ce\u013ca, \u012bpa\u0161i apdz\u012bvot\u0101s viet\u0101s un neizbraucamos ce\u013ca posmos. \u0100trums, neuzman\u012bba vai apst\u0101k\u013cu nepiem\u0113rota brauk\u0161anas agresivit\u0101te \u2013 k\u0101ds no \u0161iem faktoriem, visticam\u0101k, ir izrais\u012bjis \u0161o tra\u0123\u0113diju.<\/p>\n","protected":false},"excerpt":{"rendered":"Smaga av\u0101rija uz P85 \u0161osejas pie Tomes: satiksme piln\u012bb\u0101 blo\u0137\u0113ta \u0160\u012b vakara dr\u016bmaj\u0101 stund\u0101 uz valsts noz\u012bmes ce\u013ca&hellip;\n","protected":false},"author":2,"featured_media":57046,"comment_status":"","ping_status":"","sticky":false,"template":"","format":"standard","meta":{"footnotes":""},"categories":[5],"tags":[23,28,29,32,33,22,30,31,35,39,38,36,37,34,40,20,15402,26,27,15405,15401,15403,24,25,15404,21],"class_list":{"0":"post-57045","1":"post","2":"type-post","3":"status-publish","4":"format-standard","5":"has-post-thumbnail","7":"category-aktualitates","8":"tag-aktualitates","9":"tag-breaking-news","10":"tag-breakingnews","11":"tag-featured-news","12":"tag-featurednews","13":"tag-headlines","14":"tag-latest-news","15":"tag-latestnews","16":"tag-latvia","17":"tag-latvian","18":"tag-latviesu","19":"tag-latviesu-valoda","20":"tag-latviesuvaloda","21":"tag-latvija","22":"tag-lv","23":"tag-news","24":"tag-p85-soseja","25":"tag-popularakas-zinas","26":"tag-popularakaszinas","27":"tag-satiksmes-blokesana","28":"tag-satiksmes-negadijums","29":"tag-tome","30":"tag-top-stories","31":"tag-topstories","32":"tag-traktora-sadursme","33":"tag-zinas"},"share_on_mastodon":{"url":"https:\/\/pubeurope.com\/@lv\/115601379501285552","error":""},"_links":{"self":[{"href":"https:\/\/www.europesays.com\/lv\/wp-json\/wp\/v2\/posts\/57045","targetHints":{"allow":["GET"]}}],"collection":[{"href":"https:\/\/www.europesays.com\/lv\/wp-json\/wp\/v2\/posts"}],"about":[{"href":"https:\/\/www.europesays.com\/lv\/wp-json\/wp\/v2\/types\/post"}],"author":[{"embeddable":true,"href":"https:\/\/www.europesays.com\/lv\/wp-json\/wp\/v2\/users\/2"}],"replies":[{"embeddable":true,"href":"https:\/\/www.europesays.com\/lv\/wp-json\/wp\/v2\/comments?post=57045"}],"version-history":[{"count":0,"href":"https:\/\/www.europesays.com\/lv\/wp-json\/wp\/v2\/posts\/57045\/revisions"}],"wp:featuredmedia":[{"embeddable":true,"href":"https:\/\/www.europesays.com\/lv\/wp-json\/wp\/v2\/media\/57046"}],"wp:attachment":[{"href":"https:\/\/www.europesays.com\/lv\/wp-json\/wp\/v2\/media?parent=57045"}],"wp:term":[{"taxonomy":"category","embeddable":true,"href":"https:\/\/www.europesays.com\/lv\/wp-json\/wp\/v2\/categories?post=57045"},{"taxonomy":"post_tag","embeddable":true,"href":"https:\/\/www.europesays.com\/lv\/wp-json\/wp\/v2\/tags?post=57045"}],"curies":[{"name":"wp","href":"https:\/\/api.w.org\/{rel}","templated":true}]}}