{"id":57056,"date":"2025-11-23T22:46:10","date_gmt":"2025-11-23T22:46:10","guid":{"rendered":"https:\/\/www.europesays.com\/lv\/57056\/"},"modified":"2025-11-23T22:46:10","modified_gmt":"2025-11-23T22:46:10","slug":"noskaties-%e2%9f%a9-mums-nav-tiesibu-apzagt-tos-kas-ir-palikusi-pern-latvija-samaksajusi-29-milj-eiro-par-arvalstis-dzivojoso-arstesanu","status":"publish","type":"post","link":"https:\/\/www.europesays.com\/lv\/57056\/","title":{"rendered":"NOSKATIES \u27e9 \u201cMums nav ties\u012bbu apzagt tos, kas ir paliku\u0161i\u201d; P\u0113rn Latvija samaks\u0101jusi 2,9 milj. eiro par \u0101rvalst\u012bs dz\u012bvojo\u0161o \u0101rst\u0113\u0161anu"},"content":{"rendered":"<p>\u0160obr\u012bd \u0101rstniec\u012bbas iest\u0101d\u0113m nav pien\u0101kuma skat\u012bties, vai vi\u0146u pacients ir deklar\u0113ts Latvij\u0101 vai \u0101rzem\u0113s. Ta\u010du inform\u0101cija par to, cik \u0101rvalst\u012bs deklar\u0113tie Latvijas valstspieder\u012bgie \u0101rst\u0113jas uz valsts r\u0113\u0137ina, ir pieejama Nacion\u0101lajam Vesel\u012bbas dienestam. P\u0113rn Latvij\u0101 \u0101rst\u0113j\u0101s 17,7 t\u016bksto\u0161i \u0101rzem\u0113s deklar\u0113to Latvijas valstspieder\u012bgo, kas valstij izmaks\u0101ja 2,9 miljonus eiro.<\/p>\n<p>\u0160\u012b nauda var\u0113tu aiziet stacion\u0101rajiem un ambulatorajiem pakalpojumiem, kur \u0161obr\u012bd ir rinda, min\u0113j\u0101 Vesel\u012bbas ministrijas valsts sekret\u0101ra vietnieks finan\u0161u jaut\u0101jumos Boriss K\u0146igins. \u201cVienk\u0101r\u0161i tagad rind\u0101 st\u0101v\u0113ja 10 cilv\u0113ki, un starp vi\u0146iem bija viens, kur\u0161 atbraucis no, nezinu, \u012arijas. Bet mums visu laiku j\u0101atceras, ka aiz tiem 10 tur v\u0113l ir 2, 5, v\u0113l 10, kas st\u0101v rind\u0101 \u0101rpus pieejam\u0101 finans\u0113juma,\u201d sac\u012bja B. K\u0146igins.<\/p>\n<p>Vienlaikus vesel\u012bbas ministrs Hosams Abu Meri (JV) atzina, ka \u0161ie da\u017ei miljoni eiro nesp\u0113tu stabiliz\u0113t vesel\u012bbas apr\u016bpes finans\u0113\u0161anas modeli. \u201cTas ir tikai s\u0101kums,\u201d sac\u012bja ministrs.<\/p>\n<p>Lai \u0101rsti var\u0113tu saprast, kam k\u0101di pakalpojumi pien\u0101kas, proti, sist\u0113mu sal\u0101go\u0161anai, paredz\u0113ts pusgada p\u0101rejas posms. \u201cPa\u0161reiz notiek kop\u012bgs darbs, jo tur ir j\u0101p\u0101rsl\u0113dzas no vienas sist\u0113mas uz otru, lai m\u0113s var\u0113tu identific\u0113t to pietieko\u0161i \u0101tri. Ja cilv\u0113ks, teiksim, piesak\u0101s uz viz\u012bti ambulatoraj\u0101 da\u013c\u0101, mums jau vi\u0146am ir j\u0101pasaka uzreiz,\u201d min\u0113ja RAKUS valdes priek\u0161s\u0113d\u0113t\u0101js Haralds Plaudis.<\/p>\n<p>Kopum\u0101 p\u0113c Pilson\u012bbas un migr\u0101cijas lietu p\u0101rvaldes datiem, \u0161\u012b gada 1. j\u016blij\u0101 par dz\u012bvesvietu \u0101rzem\u0113s ir pazi\u0146oju\u0161i vair\u0101k nek\u0101 255 t\u016bksto\u0161i Latvijas valstspieder\u012bgo. Ta\u010du paliek jaut\u0101jums par to, k\u0101ds ir patiesais no Latvijas izbrauku\u0161o cilv\u0113ku skaits, kas, iesp\u0113jams, to nav uzr\u0101d\u012bju\u0161i.<\/p>\n","protected":false},"excerpt":{"rendered":"\u0160obr\u012bd \u0101rstniec\u012bbas iest\u0101d\u0113m nav pien\u0101kuma skat\u012bties, vai vi\u0146u pacients ir deklar\u0113ts Latvij\u0101 vai \u0101rzem\u0113s. Ta\u010du inform\u0101cija par to,&hellip;\n","protected":false},"author":2,"featured_media":57057,"comment_status":"","ping_status":"","sticky":false,"template":"","format":"standard","meta":{"footnotes":""},"categories":[12],"tags":[23,28,29,685,32,33,22,30,31,35,39,38,36,37,34,40,20,26,27,24,25,181,787,1454,21],"class_list":{"0":"post-57056","1":"post","2":"type-post","3":"status-publish","4":"format-standard","5":"has-post-thumbnail","7":"category-latvija","8":"tag-aktualitates","9":"tag-breaking-news","10":"tag-breakingnews","11":"tag-de-facto","12":"tag-featured-news","13":"tag-featurednews","14":"tag-headlines","15":"tag-latest-news","16":"tag-latestnews","17":"tag-latvia","18":"tag-latvian","19":"tag-latviesu","20":"tag-latviesu-valoda","21":"tag-latviesuvaloda","22":"tag-latvija","23":"tag-lv","24":"tag-news","25":"tag-popularakas-zinas","26":"tag-popularakaszinas","27":"tag-top-stories","28":"tag-topstories","29":"tag-veseliba","30":"tag-veselibas-aprupe","31":"tag-veselibas-ministrija","32":"tag-zinas"},"share_on_mastodon":{"url":"https:\/\/pubeurope.com\/@lv\/115601446331052197","error":""},"_links":{"self":[{"href":"https:\/\/www.europesays.com\/lv\/wp-json\/wp\/v2\/posts\/57056","targetHints":{"allow":["GET"]}}],"collection":[{"href":"https:\/\/www.europesays.com\/lv\/wp-json\/wp\/v2\/posts"}],"about":[{"href":"https:\/\/www.europesays.com\/lv\/wp-json\/wp\/v2\/types\/post"}],"author":[{"embeddable":true,"href":"https:\/\/www.europesays.com\/lv\/wp-json\/wp\/v2\/users\/2"}],"replies":[{"embeddable":true,"href":"https:\/\/www.europesays.com\/lv\/wp-json\/wp\/v2\/comments?post=57056"}],"version-history":[{"count":0,"href":"https:\/\/www.europesays.com\/lv\/wp-json\/wp\/v2\/posts\/57056\/revisions"}],"wp:featuredmedia":[{"embeddable":true,"href":"https:\/\/www.europesays.com\/lv\/wp-json\/wp\/v2\/media\/57057"}],"wp:attachment":[{"href":"https:\/\/www.europesays.com\/lv\/wp-json\/wp\/v2\/media?parent=57056"}],"wp:term":[{"taxonomy":"category","embeddable":true,"href":"https:\/\/www.europesays.com\/lv\/wp-json\/wp\/v2\/categories?post=57056"},{"taxonomy":"post_tag","embeddable":true,"href":"https:\/\/www.europesays.com\/lv\/wp-json\/wp\/v2\/tags?post=57056"}],"curies":[{"name":"wp","href":"https:\/\/api.w.org\/{rel}","templated":true}]}}