{"id":57058,"date":"2025-11-23T22:47:09","date_gmt":"2025-11-23T22:47:09","guid":{"rendered":"https:\/\/www.europesays.com\/lv\/57058\/"},"modified":"2025-11-23T22:47:09","modified_gmt":"2025-11-23T22:47:09","slug":"rubio-pazino-par-izmainam-asv-plana-attieciba-uz-kara-izbeigsanu-ukraina","status":"publish","type":"post","link":"https:\/\/www.europesays.com\/lv\/57058\/","title":{"rendered":"Rubio pazi\u0146o par izmai\u0146\u0101m ASV pl\u0101n\u0101 attiec\u012bb\u0101 uz kara izbeig\u0161anu Ukrain\u0101"},"content":{"rendered":"<p><a href=\"https:\/\/www.tvnet.lv\/term\/555410\/asv\" class=\"topicLink\" target=\"_blank\" rel=\"nofollow noopener\">ASV<\/a> valsts sekret\u0101rs <a href=\"https:\/\/www.tvnet.lv\/term\/556395\/marko-rubio\" class=\"topicLink\" target=\"_blank\" rel=\"nofollow noopener\">Marko Rubio<\/a> p\u0113c sarun\u0101m ar Ukrainu un t\u0101s Eiropas atbalst\u012bt\u0101jiem pazi\u0146oja par izmai\u0146\u0101m pl\u0101n\u0101, kas paredz\u0113ts, lai izbeigtu karu Ukrain\u0101. Kop\u012bg\u0101 preses konferenc\u0113 ar Ukrainas sarunu vad\u012bt\u0101ju Andriju Jermaku vi\u0146\u0161 teica, ka ir pan\u0101kts \u201c\u013coti labs darba rezult\u0101ts, kas balst\u0101s uz visu iesaist\u012bto pu\u0161u ieguld\u012bjumu.\u201d<\/p>\n<p>Jermaks run\u0101ja par \u201c\u013coti produkt\u012bvu\u201d pirmo tik\u0161anos, kur\u0101 pan\u0101kti labi rezult\u0101ti. M\u0113s virz\u0101mies uz taisn\u012bgu un ilgsto\u0161u mieru. Gal\u012bgos l\u0113mumus, p\u0113c vi\u0146a teikt\u0101, pie\u0146ems \u201cm\u016bsu prezidenti\u201d. Jermaks pateic\u0101s ASV un ASV prezidentam Donaldam Trampam, kur\u0161 iepriek\u0161 atk\u0101rtoti bija p\u0101rmetis Kijivai nepietiekamu pateic\u012bbu.<\/p>\n<p>Rubio teica, ka tagad ir j\u0101samazina domstarp\u012bbas ar Krieviju un j\u0101izstr\u0101d\u0101 risin\u0101jums, kas apmierin\u0101tu gan Ukrainu, gan ASV. Vi\u0146\u0161 pauda p\u0101rliec\u012bbu, ka Tramps galu gal\u0101 piekrit\u012bs jaunajam pl\u0101nam. Krievija uzbruka Ukrainai 2022. gada 24. febru\u0101r\u012b. Kop\u0161 t\u0101 laika valsts aizst\u0101vas ar Rietumu atbalst\u012bt\u0101ju, tostarp Eiropas Savien\u012bbas un Amerikas Savienoto Valstu, pal\u012bdz\u012bbu.<\/p>\n<p>ASV valsts sekret\u0101rs \u017den\u0113v\u0101 piedal\u012bj\u0101s valstu un vald\u012bbu vad\u012bt\u0101ju padomnieku l\u012bme\u0146a san\u0101ksm\u0113 \u2013 vi\u0146\u0161 vienlaikus ir ar\u012b Trampa nacion\u0101l\u0101s dro\u0161\u012bbas padomnieks. San\u0101ksm\u0113 par pl\u0101nu v\u0113l\u0113j\u0101s run\u0101t p\u0101rst\u0101vji no V\u0101cijas, Francijas, Lielbrit\u0101nijas, ES un Ukrainas. Eiropie\u0161u m\u0113r\u0137is ir nov\u0113rst, vi\u0146upr\u0101t, nepie\u0146emamas koncesijas Krievijai.<\/p>\n","protected":false},"excerpt":{"rendered":"ASV valsts sekret\u0101rs Marko Rubio p\u0113c sarun\u0101m ar Ukrainu un t\u0101s Eiropas atbalst\u012bt\u0101jiem pazi\u0146oja par izmai\u0146\u0101m pl\u0101n\u0101, kas&hellip;\n","protected":false},"author":2,"featured_media":57059,"comment_status":"","ping_status":"","sticky":false,"template":"","format":"standard","meta":{"footnotes":""},"categories":[5],"tags":[23,292,28,29,542,32,33,22,74,30,31,35,39,38,36,37,34,40,2093,20,26,27,24,25,276,21],"class_list":{"0":"post-57058","1":"post","2":"type-post","3":"status-publish","4":"format-standard","5":"has-post-thumbnail","7":"category-aktualitates","8":"tag-aktualitates","9":"tag-asv","10":"tag-breaking-news","11":"tag-breakingnews","12":"tag-donalds-tramps","13":"tag-featured-news","14":"tag-featurednews","15":"tag-headlines","16":"tag-krievijas-iebrukums-ukraina","17":"tag-latest-news","18":"tag-latestnews","19":"tag-latvia","20":"tag-latvian","21":"tag-latviesu","22":"tag-latviesu-valoda","23":"tag-latviesuvaloda","24":"tag-latvija","25":"tag-lv","26":"tag-marko-rubio","27":"tag-news","28":"tag-popularakas-zinas","29":"tag-popularakaszinas","30":"tag-top-stories","31":"tag-topstories","32":"tag-ukraina","33":"tag-zinas"},"share_on_mastodon":{"url":"https:\/\/pubeurope.com\/@lv\/115601450120006099","error":""},"_links":{"self":[{"href":"https:\/\/www.europesays.com\/lv\/wp-json\/wp\/v2\/posts\/57058","targetHints":{"allow":["GET"]}}],"collection":[{"href":"https:\/\/www.europesays.com\/lv\/wp-json\/wp\/v2\/posts"}],"about":[{"href":"https:\/\/www.europesays.com\/lv\/wp-json\/wp\/v2\/types\/post"}],"author":[{"embeddable":true,"href":"https:\/\/www.europesays.com\/lv\/wp-json\/wp\/v2\/users\/2"}],"replies":[{"embeddable":true,"href":"https:\/\/www.europesays.com\/lv\/wp-json\/wp\/v2\/comments?post=57058"}],"version-history":[{"count":0,"href":"https:\/\/www.europesays.com\/lv\/wp-json\/wp\/v2\/posts\/57058\/revisions"}],"wp:featuredmedia":[{"embeddable":true,"href":"https:\/\/www.europesays.com\/lv\/wp-json\/wp\/v2\/media\/57059"}],"wp:attachment":[{"href":"https:\/\/www.europesays.com\/lv\/wp-json\/wp\/v2\/media?parent=57058"}],"wp:term":[{"taxonomy":"category","embeddable":true,"href":"https:\/\/www.europesays.com\/lv\/wp-json\/wp\/v2\/categories?post=57058"},{"taxonomy":"post_tag","embeddable":true,"href":"https:\/\/www.europesays.com\/lv\/wp-json\/wp\/v2\/tags?post=57058"}],"curies":[{"name":"wp","href":"https:\/\/api.w.org\/{rel}","templated":true}]}}