{"id":57067,"date":"2025-11-24T00:17:15","date_gmt":"2025-11-24T00:17:15","guid":{"rendered":"https:\/\/www.europesays.com\/lv\/57067\/"},"modified":"2025-11-24T00:17:15","modified_gmt":"2025-11-24T00:17:15","slug":"latvijas-florbola-savieniba-lv-2025-2026-jaunumi-fbk-valmiera-ielaiz-septinus-tomer-parspej-irlavniekus","status":"publish","type":"post","link":"https:\/\/www.europesays.com\/lv\/57067\/","title":{"rendered":"Latvijas Florbola savien\u012bba \u00bb LV \u00bb 2025\/2026 \u00bb Jaunumi \u00bb &#8220;FBK Valmiera&#8221; ielai\u017e septi\u0146us, tom\u0113r p\u0101rsp\u0113j irlavniekus"},"content":{"rendered":"<p>&#8220;FBK Valmiera&#8221; ielai\u017e septi\u0146us, tom\u0113r p\u0101rsp\u0113j irlavniekus<\/p>\n<p><\/p>\n<p>\t\t\t\t\t<img decoding=\"async\" src=\"https:\/\/www.europesays.com\/lv\/wp-content\/uploads\/2025\/11\/martins_broks_2025_vv_valmiera.jpg\" class=\"news-title-image\" width=\"292.5\" alt=\"martins_broks_2025_vv_valmiera.jpg\" title=\"&quot;FBK Valmiera&quot; ielai\u017e septi\u0146us, tom\u0113r p\u0101rsp\u0113j irlavniekus\" \/><\/p>\n<p style=\"text-align: justify;\">Pirm\u0101 no div\u0101m \u0161ovakar paredz\u0113taj\u0101m ELVI florbola l\u012bgas v\u012brie\u0161iem sp\u0113l\u0113m notika Valmieras Olimpiskaj\u0101 centr\u0101, kur &#8220;FBK Valmiera&#8221; uz\u0146\u0113ma komandu &#8220;FK Irlava\/I.S.A.M.&#8221;. Otr\u0101s tre\u0161da\u013cas izska\u0146\u0101 vamierie\u0161i bija izvirz\u012bju\u0161ies vad\u012bb\u0101 ar 5:1, bet galarezult\u0101t\u0101 vi\u0146u uzvara nebija nemaz tik p\u0101rliecino\u0161a &#8211; <a href=\"https:\/\/www.floorball.lv\/lv\/2025\/proto\/52017-val-irl\" rel=\"nofollow noopener\" target=\"_blank\">9:7<\/a>. Pa 3 (1+2) rezultativit\u0101tes punktiem uzvar\u0113t\u0101ju lab\u0101 sakr\u0101ja K\u0101rlis Vi\u013cums un Ri\u010dards Egl\u012btis.<\/p>\n<p>\u00a0<\/p>\n<p style=\"text-align: justify;\">Valmier\u0101 notiku\u0161\u0101s sp\u0113les ievad\u0101 irlavnieks Ri\u010dards Rieksti\u0146\u0161 realiz\u0113ja soda metienu, atkl\u0101jot rezult\u0101tu &#8211; 1:0. L\u012bdz pirm\u0101 perioda beig\u0101m ar v\u0101rtu guvumu izc\u0113l\u0101s tr\u012bs valmierie\u0161i &#8211; pa golam iemeta Ralfs Mat\u012bss Balodis un Art\u016brs Bergs, bet M\u0101rti\u0146\u0161 Broks pat divas reizes p\u0101rsp\u0113ja viesu v\u0101rtsargu &#8211; 4:1. Divas min\u016btes pirms otr\u0101s tre\u0161da\u013cas beig\u0101m laukuma saimnieki atrad\u0101s vad\u012bb\u0101 ar 5:1, bet l\u012bdz p\u0101rtraukumam vi\u0146u pretinieki pasp\u0113ja atg\u016bt vienus v\u0101rtus &#8211; 2:5. Sp\u0113les izska\u0146\u0101 &#8220;FK Irlava\/I.S.A.M.&#8221; pat divas reizes samazin\u0101ja m\u0101jinieku p\u0101rsvaru l\u012bdz minimumam (6:7 un 7:8). Septi\u0146as sekundes pirms pamatlaika beig\u0101m ar v\u0101rtu guvumu izc\u0113l\u0101s valmierietis K\u0101rlis Vi\u013cums, nodro\u0161inot &#8220;FBK Valmiera&#8221; uzvaru ar 9:7.<\/p>\n<p>\u00a0<\/p>\n<p>Foto: J\u0101nis L\u0101rmanis<\/p>\n<p><\/p>\n<tr>\n<td style=\"text-align:center;\"><a href=\"https:\/\/www.floorball.lv\/out.php?id=229&amp;url=http%3A%2F%2Felvi.lv\" target=\"_blank\" title=\"ELVI\" rel=\"nofollow noopener\"><br \/>\n\t\t\t\t\t<img loading=\"lazy\" decoding=\"async\" class=\"banner_news_bottom\" src=\"https:\/\/www.europesays.com\/lv\/wp-content\/uploads\/2025\/11\/1537294665.jpg\" width=\"233\" height=\"66\" alt=\"ELVI\" \/><br \/>\n\t\t\t\t<\/a><\/td>\n<td style=\"text-align:center;\"><a href=\"https:\/\/www.floorball.lv\/out.php?id=334&amp;url=http%3A%2F%2Flino.lv\" target=\"_blank\" title=\"OXDOG\" rel=\"nofollow noopener\"><br \/>\n\t\t\t\t\t<img loading=\"lazy\" decoding=\"async\" class=\"banner_news_bottom\" src=\"https:\/\/www.europesays.com\/lv\/wp-content\/uploads\/2025\/09\/1531398467.jpg\" width=\"233\" height=\"66\" alt=\"OXDOG\" \/><br \/>\n\t\t\t\t<\/a><\/td>\n<\/tr>\n","protected":false},"excerpt":{"rendered":"&#8220;FBK Valmiera&#8221; ielai\u017e septi\u0146us, tom\u0113r p\u0101rsp\u0113j irlavniekus Pirm\u0101 no div\u0101m \u0161ovakar paredz\u0113taj\u0101m ELVI florbola l\u012bgas v\u012brie\u0161iem sp\u0113l\u0113m notika&hellip;\n","protected":false},"author":2,"featured_media":57068,"comment_status":"","ping_status":"","sticky":false,"template":"","format":"standard","meta":{"footnotes":""},"categories":[5],"tags":[405,23,15185,28,29,15406,32,33,22,15205,30,31,35,39,38,36,37,34,40,20,15407,26,27,485,24,25,10104,15408,21],"class_list":{"0":"post-57067","1":"post","2":"type-post","3":"status-publish","4":"format-standard","5":"has-post-thumbnail","7":"category-aktualitates","8":"tag-405","9":"tag-aktualitates","10":"tag-beigam","11":"tag-breaking-news","12":"tag-breakingnews","13":"tag-divas","14":"tag-featured-news","15":"tag-featurednews","16":"tag-headlines","17":"tag-karlis","18":"tag-latest-news","19":"tag-latestnews","20":"tag-latvia","21":"tag-latvian","22":"tag-latviesu","23":"tag-latviesu-valoda","24":"tag-latviesuvaloda","25":"tag-latvija","26":"tag-lv","27":"tag-news","28":"tag-pirma","29":"tag-popularakas-zinas","30":"tag-popularakaszinas","31":"tag-ricards","32":"tag-top-stories","33":"tag-topstories","34":"tag-vadiba","35":"tag-vilums","36":"tag-zinas"},"share_on_mastodon":{"url":"https:\/\/pubeurope.com\/@lv\/115601804088109597","error":""},"_links":{"self":[{"href":"https:\/\/www.europesays.com\/lv\/wp-json\/wp\/v2\/posts\/57067","targetHints":{"allow":["GET"]}}],"collection":[{"href":"https:\/\/www.europesays.com\/lv\/wp-json\/wp\/v2\/posts"}],"about":[{"href":"https:\/\/www.europesays.com\/lv\/wp-json\/wp\/v2\/types\/post"}],"author":[{"embeddable":true,"href":"https:\/\/www.europesays.com\/lv\/wp-json\/wp\/v2\/users\/2"}],"replies":[{"embeddable":true,"href":"https:\/\/www.europesays.com\/lv\/wp-json\/wp\/v2\/comments?post=57067"}],"version-history":[{"count":0,"href":"https:\/\/www.europesays.com\/lv\/wp-json\/wp\/v2\/posts\/57067\/revisions"}],"wp:featuredmedia":[{"embeddable":true,"href":"https:\/\/www.europesays.com\/lv\/wp-json\/wp\/v2\/media\/57068"}],"wp:attachment":[{"href":"https:\/\/www.europesays.com\/lv\/wp-json\/wp\/v2\/media?parent=57067"}],"wp:term":[{"taxonomy":"category","embeddable":true,"href":"https:\/\/www.europesays.com\/lv\/wp-json\/wp\/v2\/categories?post=57067"},{"taxonomy":"post_tag","embeddable":true,"href":"https:\/\/www.europesays.com\/lv\/wp-json\/wp\/v2\/tags?post=57067"}],"curies":[{"name":"wp","href":"https:\/\/api.w.org\/{rel}","templated":true}]}}