{"id":57069,"date":"2025-11-24T00:23:12","date_gmt":"2025-11-24T00:23:12","guid":{"rendered":"https:\/\/www.europesays.com\/lv\/57069\/"},"modified":"2025-11-24T00:23:12","modified_gmt":"2025-11-24T00:23:12","slug":"adazu-poligona-sausanas-nodarbibas-laika-ievainots-nbs-karavirs-sakta-izmeklesana-lente-lv","status":"publish","type":"post","link":"https:\/\/www.europesays.com\/lv\/57069\/","title":{"rendered":"\u0100da\u017eu poligon\u0101 \u0161au\u0161anas nodarb\u012bbas laik\u0101 ievainots NBS karav\u012brs; s\u0101kta izmekl\u0113\u0161ana\u00a0\u2014\u00a0Lente.lv"},"content":{"rendered":"<p>Negad\u012bjums \u0100da\u017eu poligon\u0101<\/p>\n<p>Piektdien, 21. novembr\u012b, \u0100da\u017eu milit\u0101raj\u0101 poligon\u0101 kaujas \u0161au\u0161anas nodarb\u012bbu laik\u0101 noticis nepat\u012bkams incidents, kura rezult\u0101t\u0101 ievainojumus guvis k\u0101ds Nacion\u0101lo bru\u0146oto sp\u0113ku (NBS) profesion\u0101l\u0101 dienesta karav\u012brs.<\/p>\n<p>Par notiku\u0161o tika inform\u0113ts NBS Apvienotais \u0161t\u0101bs. Saska\u0146\u0101 ar s\u0101kotn\u0113jo inform\u0101ciju, karav\u012bram sniegta neatliekam\u0101 medic\u012bnisk\u0101 pal\u012bdz\u012bba un vi\u0146\u0161 hospitaliz\u0113ts. Vi\u0146a vesel\u012bbas st\u0101voklis tiek raksturots k\u0101 stabils. Lai noskaidrotu negad\u012bjuma prec\u012bzos apst\u0101k\u013cus, ir uzs\u0101kta dienesta izmekl\u0113\u0161ana, k\u0101 ar\u012b Milit\u0101raj\u0101 policij\u0101 ierosin\u0101ts krimin\u0101lprocess.<\/p>\n<p>Dro\u0161\u012bba milit\u0101raj\u0101s m\u0101c\u012bb\u0101s<\/p>\n<p>\u0160\u0101di incidenti, lai ar\u012b reti, atg\u0101dina par stingro dro\u0161\u012bbas pas\u0101kumu noz\u012bmi milit\u0101ro apm\u0101c\u012bbu laik\u0101. \u0100da\u017eu poligons ir viena no liel\u0101kaj\u0101m milit\u0101raj\u0101m b\u0101z\u0113m Baltij\u0101, kur\u0101 regul\u0101ri notiek gan Latvijas, gan NATO sabiedroto valstu karav\u012bru treni\u0146i, ieskaitot kaujas \u0161au\u0161anu un citas augsta riska aktivit\u0101tes . Lai gan milit\u0101ro m\u0101c\u012bbu komplekso raksturs ir nepiecie\u0161ams, lai uztur\u0113tu augstu profesion\u0101lo standartu bru\u0146otajos sp\u0113kos, katrs \u0161\u0101ds gad\u012bjums prasa r\u016bp\u012bgu izmekl\u0113\u0161anu un prevent\u012bvu pas\u0101kumu anal\u012bzi.<\/p>\n<p>NBS uzsver, ka dro\u0161\u012bbas noteikumi milit\u0101r\u0101 poligona teritorij\u0101 ir \u013coti stingri, un jebk\u0101da atra\u0161an\u0101s taj\u0101 bez saska\u0146o\u0161anas ir aizliegta un var b\u016bt b\u012bstama dz\u012bv\u012bbai . Milit\u0101raj\u0101s m\u0101c\u012bb\u0101s tiek nodro\u0161in\u0101ta medi\u0137u kl\u0101tb\u016btne, lai sniegtu pal\u012bdz\u012bbu nekav\u0113joties, ja rodas k\u0101da \u0137ibel\u0113 .<\/p>\n<p>Izmekl\u0113\u0161ana un juridisk\u0101s sekas<\/p>\n<p>Notiku\u0161\u0101 negad\u012bjuma izmekl\u0113\u0161ana ir absol\u016bta priorit\u0101te. Dienesta izmekl\u0113\u0161ana pal\u012bdz\u0113s noskaidrot, vai \u0161au\u0161anas nodarb\u012bbas tika veiktas saska\u0146\u0101 ar vis\u0101m dro\u0161\u012bbas proced\u016br\u0101m un vai nav notiku\u0161i k\u0101di p\u0101rk\u0101pumi. Paral\u0113li tam milit\u0101r\u0101 policija ir uzs\u0101kusi krimin\u0101lprocesu, lai izv\u0113rt\u0113tu iesp\u0113jamos tiesiskos aspektus un atbild\u012bbu.<\/p>\n<p>Lai gan karav\u012bra st\u0101voklis ir stabils, \u0161\u0101ds incidents var rad\u012bt nopietnas sekas gan fizisk\u0101, gan psiholo\u0123isk\u0101 zi\u0146\u0101. NBS nodro\u0161ina karav\u012briem nepiecie\u0161amo medic\u012bnisko apr\u016bpi un atbalstu, lai veicin\u0101tu \u0101tru atvese\u013co\u0161anos.<\/p>\n<p>\u0100da\u017eu poligons \u2013 svar\u012bgs dro\u0161\u012bbas elements<\/p>\n<p>\u0100da\u017eu milit\u0101rais poligons, kas izvietots \u0100da\u017eu un Saulkrastu novadu teritorij\u0101 aptuveni 13 335 hekt\u0101ru plat\u012bb\u0101, ir viens no noz\u012bm\u012bg\u0101kajiem milit\u0101rajiem objektiem Latvij\u0101 un Baltijas valst\u012bs. T\u0101 izveide aizs\u0101k\u0101s 1927. gad\u0101, un kop\u0161 t\u0101 laika tas ir moderniz\u0113ts un att\u012bst\u012bts, lai atbilstu m\u016bsdienu milit\u0101ro vajadz\u012bbu pras\u012bb\u0101m . Poligons tiek izmantots kaujas \u0161au\u0161anas un taktiskaj\u0101m m\u0101c\u012bb\u0101m, k\u0101 ar\u012b taj\u0101 izvietoti Latvijas Nacion\u0101lie bru\u0146otie sp\u0113ki un NATO dal\u012bbvalstu milit\u0101rpersonas . Neskatoties uz \u0161o negad\u012bjumu, poligona darb\u012bba turpin\u0101sies, nodro\u0161inot karav\u012bru un zemessargu apm\u0101c\u012bbu.<\/p>\n","protected":false},"excerpt":{"rendered":"Negad\u012bjums \u0100da\u017eu poligon\u0101 Piektdien, 21. novembr\u012b, \u0100da\u017eu milit\u0101raj\u0101 poligon\u0101 kaujas \u0161au\u0161anas nodarb\u012bbu laik\u0101 noticis nepat\u012bkams incidents, kura rezult\u0101t\u0101&hellip;\n","protected":false},"author":2,"featured_media":57070,"comment_status":"","ping_status":"","sticky":false,"template":"","format":"standard","meta":{"footnotes":""},"categories":[5],"tags":[15409,23,28,29,15412,32,33,22,15411,30,31,35,39,38,36,37,34,40,576,15410,20,26,27,24,25,21],"class_list":{"0":"post-57069","1":"post","2":"type-post","3":"status-publish","4":"format-standard","5":"has-post-thumbnail","7":"category-aktualitates","8":"tag-adazu-poligons","9":"tag-aktualitates","10":"tag-breaking-news","11":"tag-breakingnews","12":"tag-drosibas-negadijums","13":"tag-featured-news","14":"tag-featurednews","15":"tag-headlines","16":"tag-ievainots","17":"tag-latest-news","18":"tag-latestnews","19":"tag-latvia","20":"tag-latvian","21":"tag-latviesu","22":"tag-latviesu-valoda","23":"tag-latviesuvaloda","24":"tag-latvija","25":"tag-lv","26":"tag-militaras-macibas","27":"tag-nbs-karavirs","28":"tag-news","29":"tag-popularakas-zinas","30":"tag-popularakaszinas","31":"tag-top-stories","32":"tag-topstories","33":"tag-zinas"},"share_on_mastodon":{"url":"https:\/\/pubeurope.com\/@lv\/115601827689079565","error":""},"_links":{"self":[{"href":"https:\/\/www.europesays.com\/lv\/wp-json\/wp\/v2\/posts\/57069","targetHints":{"allow":["GET"]}}],"collection":[{"href":"https:\/\/www.europesays.com\/lv\/wp-json\/wp\/v2\/posts"}],"about":[{"href":"https:\/\/www.europesays.com\/lv\/wp-json\/wp\/v2\/types\/post"}],"author":[{"embeddable":true,"href":"https:\/\/www.europesays.com\/lv\/wp-json\/wp\/v2\/users\/2"}],"replies":[{"embeddable":true,"href":"https:\/\/www.europesays.com\/lv\/wp-json\/wp\/v2\/comments?post=57069"}],"version-history":[{"count":0,"href":"https:\/\/www.europesays.com\/lv\/wp-json\/wp\/v2\/posts\/57069\/revisions"}],"wp:featuredmedia":[{"embeddable":true,"href":"https:\/\/www.europesays.com\/lv\/wp-json\/wp\/v2\/media\/57070"}],"wp:attachment":[{"href":"https:\/\/www.europesays.com\/lv\/wp-json\/wp\/v2\/media?parent=57069"}],"wp:term":[{"taxonomy":"category","embeddable":true,"href":"https:\/\/www.europesays.com\/lv\/wp-json\/wp\/v2\/categories?post=57069"},{"taxonomy":"post_tag","embeddable":true,"href":"https:\/\/www.europesays.com\/lv\/wp-json\/wp\/v2\/tags?post=57069"}],"curies":[{"name":"wp","href":"https:\/\/api.w.org\/{rel}","templated":true}]}}