{"id":57073,"date":"2025-11-24T01:48:06","date_gmt":"2025-11-24T01:48:06","guid":{"rendered":"https:\/\/www.europesays.com\/lv\/57073\/"},"modified":"2025-11-24T01:48:06","modified_gmt":"2025-11-24T01:48:06","slug":"muziku-aprindas-lielas-seras-tragiski-agra-nave-miris-grupas-credo-bundzinieka-dels-lente-lv","status":"publish","type":"post","link":"https:\/\/www.europesays.com\/lv\/57073\/","title":{"rendered":"M\u016bzi\u0137u aprind\u0101s lielas s\u0113ras; tra\u0123iski agr\u0101 n\u0101v\u0113 miris grupas &#8220;Credo&#8221; bundzinieka d\u0113ls\u00a0\u2014\u00a0Lente.lv"},"content":{"rendered":"<p>M\u016bzikas pasauli satricin\u0101jusi tra\u0123iska v\u0113sts<\/p>\n<p>M\u016bzi\u0137u aprind\u0101s valda dzi\u013cas skumjas, jo m\u016b\u017e\u012bb\u0101 ir aizsaukts jauns cilv\u0113ks. Zi\u0146u par tra\u0123isko aizie\u0161anu dal\u012bjies grupas &#8220;Credo&#8221; ilggad\u0113jais bundzinieks Guntars Bre\u010ds, v\u0113stot par sava d\u0113la Daniela n\u0101vi 35 gadu vecum\u0101. \u0160\u012b nep\u0101rprotami ir milz\u012bga tra\u0123\u0113dija, kas satriekusi ne tikai tuviniekus, bet ar\u012b daudzus kol\u0113\u0123us un m\u016bzikas cien\u012bt\u0101jus.<\/p>\n<p>Nenoticama zaud\u0113juma s\u0101pes<\/p>\n<p>Dz\u012bve br\u012b\u017eiem m\u0113dz sag\u0101d\u0101t neaptveramus triecienus, un \u0161oreiz t\u0101 sk\u0101rusi Guntaru Bre\u010du, kur\u0161 zaud\u0113jis savu d\u0113lu Daniels. Zaud\u0113juma s\u0101pes ir nesal\u012bdzin\u0101mas, un m\u016bzi\u0137u kopiena izsaka visdzi\u013c\u0101ko l\u012bdzj\u016bt\u012bbu Guntaram un visai \u0123imenei \u0161aj\u0101 \u0101rk\u0101rt\u012bgi gr\u016btaj\u0101 laik\u0101. Lai gan Daniels nebija pla\u0161\u0101k paz\u012bstams sabiedr\u012bb\u0101, vi\u0146a aizie\u0161ana ir milz\u012bgs zaud\u0113jums savai \u0123imenei un tuvinieku lokam.<\/p>\n<p>Atskats uz Grupu &#8220;Credo&#8221;<\/p>\n<p>Grupas &#8220;Credo&#8221; v\u0101rds Latvijas m\u016bzikas v\u0113stur\u0113 ir \u013coti noz\u012bm\u012bgs. Vi\u0146u dziesmas ir skan\u0113ju\u0161as gadu desmitiem, sniedzot prieku un emocijas vair\u0101k\u0101m paaudz\u0113m. Guntara Bre\u010da devums grup\u0101 ir nenoliedzams, un vi\u0146a talants ir atst\u0101jis palieko\u0161u iespaidu uz Latvijas rokm\u016bziku. \u0160obr\u012bd, kad m\u016bzi\u0137is saskaras ar \u0161\u0101du person\u012bgu tra\u0123\u0113diju, visa m\u016bzi\u0137u un rado\u0161\u0101s pasaules kopiena ir kop\u0101 ar vi\u0146u, pied\u0101v\u0101jot atbalstu un mor\u0101lu mierin\u0101jumu.<\/p>\n","protected":false},"excerpt":{"rendered":"M\u016bzikas pasauli satricin\u0101jusi tra\u0123iska v\u0113sts M\u016bzi\u0137u aprind\u0101s valda dzi\u013cas skumjas, jo m\u016b\u017e\u012bb\u0101 ir aizsaukts jauns cilv\u0113ks. Zi\u0146u par&hellip;\n","protected":false},"author":2,"featured_media":57074,"comment_status":"","ping_status":"","sticky":false,"template":"","format":"standard","meta":{"footnotes":""},"categories":[19],"tags":[15414,89,15413,90,35,39,38,36,37,34,355,40,15415,296],"class_list":{"0":"post-57073","1":"post","2":"type-post","3":"status-publish","4":"format-standard","5":"has-post-thumbnail","7":"category-izklaide","8":"tag-credo","9":"tag-entertainment","10":"tag-guntars-brecs","11":"tag-izklaide","12":"tag-latvia","13":"tag-latvian","14":"tag-latviesu","15":"tag-latviesu-valoda","16":"tag-latviesuvaloda","17":"tag-latvija","18":"tag-latvijas-muzika","19":"tag-lv","20":"tag-muzika-dels","21":"tag-nave"},"share_on_mastodon":{"url":"https:\/\/pubeurope.com\/@lv\/115602161845941315","error":""},"_links":{"self":[{"href":"https:\/\/www.europesays.com\/lv\/wp-json\/wp\/v2\/posts\/57073","targetHints":{"allow":["GET"]}}],"collection":[{"href":"https:\/\/www.europesays.com\/lv\/wp-json\/wp\/v2\/posts"}],"about":[{"href":"https:\/\/www.europesays.com\/lv\/wp-json\/wp\/v2\/types\/post"}],"author":[{"embeddable":true,"href":"https:\/\/www.europesays.com\/lv\/wp-json\/wp\/v2\/users\/2"}],"replies":[{"embeddable":true,"href":"https:\/\/www.europesays.com\/lv\/wp-json\/wp\/v2\/comments?post=57073"}],"version-history":[{"count":0,"href":"https:\/\/www.europesays.com\/lv\/wp-json\/wp\/v2\/posts\/57073\/revisions"}],"wp:featuredmedia":[{"embeddable":true,"href":"https:\/\/www.europesays.com\/lv\/wp-json\/wp\/v2\/media\/57074"}],"wp:attachment":[{"href":"https:\/\/www.europesays.com\/lv\/wp-json\/wp\/v2\/media?parent=57073"}],"wp:term":[{"taxonomy":"category","embeddable":true,"href":"https:\/\/www.europesays.com\/lv\/wp-json\/wp\/v2\/categories?post=57073"},{"taxonomy":"post_tag","embeddable":true,"href":"https:\/\/www.europesays.com\/lv\/wp-json\/wp\/v2\/tags?post=57073"}],"curies":[{"name":"wp","href":"https:\/\/api.w.org\/{rel}","templated":true}]}}