{"id":57075,"date":"2025-11-24T02:06:07","date_gmt":"2025-11-24T02:06:07","guid":{"rendered":"https:\/\/www.europesays.com\/lv\/57075\/"},"modified":"2025-11-24T02:06:07","modified_gmt":"2025-11-24T02:06:07","slug":"andris-erglis-aicina-novertet-mirkli-jaunaja-dziesma-solijums-lente-lv","status":"publish","type":"post","link":"https:\/\/www.europesays.com\/lv\/57075\/","title":{"rendered":"Andris \u0112rglis aicina nov\u0113rt\u0113t mirkli jaunaj\u0101 dziesm\u0101 \u00abSol\u012bjums\u00bb\u00a0\u2014\u00a0Lente.lv"},"content":{"rendered":"<p>M\u016bzi\u0137is Andris \u0112rglis turpina d\u0101v\u0101t saviem klaus\u012bt\u0101jiem jaunas muzik\u0101l\u0101s kr\u0101sas no sava rudens izska\u0146\u0101 gaid\u0101m\u0101 studijas albuma &#8220;St\u0101sts&#8221;. P\u0113c ilga, 14 gadu p\u0101rtraukuma, dzied\u0101t\u0101js atkal priec\u0113 ar ori\u0123in\u0101lm\u016bziku, nododot v\u0113rt\u0113jumam jauno, dzi\u013ci personisko dziesmu &#8220;Sol\u012bjums&#8221;. \u0160is singls, kas jau skan Latvijas radiostaciju \u0113ter\u0101 un ir pieejams vis\u0101s popul\u0101r\u0101kaj\u0101s m\u016bzikas platform\u0101s, kalpo ne tikai k\u0101 emocion\u0101ls priek\u0161v\u0113stnesis albumam, bet ar\u012b k\u0101 siltuma un p\u0101rdomu devums klaus\u012bt\u0101jiem.<\/p>\n<p>Dz\u012bves strauts un mirk\u013ca v\u0113rt\u012bba<\/p>\n<p>Dziesma &#8220;Sol\u012bjums&#8221; ir k\u0101 melodisks atskats uz dz\u012bves nep\u0101rtraukto pl\u016bdumu, sal\u012bdzinot to ar strauju, nebeidzamu strautu. T\u0101 aicina apst\u0101ties un apzin\u0101ties v\u0113rt\u012bbas, kas laika gait\u0101 k\u013c\u016bst arvien svar\u012bg\u0101kas. Ska\u0146darba pamat\u0101 ir ne tikai pieaugu\u0161\u0101 atzi\u0146a, bet ar\u012b b\u0113rn\u012bbas sap\u0146u atbalss \u2013 m\u012blest\u012bba, prieks un dz\u012bvo\u0161ana paties\u012bb\u0101. &#8220;M\u0113s visi skrienam, pl\u0101nojam, tiecamies, bet reiz\u0113m aizmirstam par sol\u012bjumiem, ko esam devu\u0161i pa\u0161i sev b\u0113rn\u012bb\u0101,&#8221; atz\u012bst \u0112rglis. \u0160\u012b dziesma ir k\u0101 maigs atg\u0101din\u0101jums ikvienam: &#8220;Tev pieder tikai \u0161is br\u012bdis, pat nepaman\u012bsi k\u0101 main\u012bjies gads.&#8221; \u0160ie v\u0101rdi, ko rad\u012bjis talant\u012bgais tekstu autors M\u0101rti\u0146\u0161 Kanters, mudina nov\u0113rt\u0113t katru mirkli, jo tie\u0161i no mirk\u013ciem veidojas visa m\u016bsu dz\u012bve.<\/p>\n<blockquote>\n<p>&#8220;Kad rad\u012bju melodiju \u0161ai dziesmai, man\u012b k\u0101du laiku jau dz\u012bvoja domas par dz\u012bvi, t\u0101s strauju rit\u0113jumu &#8211; dz\u012bve ir glu\u017ei k\u0101 strauts, kur\u0161 nekad nebeidzas un ir kust\u012bb\u0101.&#8221;<\/p>\n<\/blockquote>\n<p>\u0112rglis pats ir rad\u012bjis dziesmas melodiju, ko Kanters prasm\u012bgi iet\u0113rpis v\u0101rdos, radot dzi\u013ci personiskas p\u0101rdomas. \u0160\u012b metafora par nebeidzamo dz\u012bves strautu lieliski ilustr\u0113 m\u016bsu nemit\u012bgo virz\u012bbu uz priek\u0161u, vienlaikus mudinot apzin\u0101ties tagadnes noz\u012bm\u012bgumu.<\/p>\n<p>Rado\u0161\u0101 komanda un muzik\u0101lais skan\u0113jums<\/p>\n<p>Dziesma &#8220;Sol\u012bjums&#8221; ir muzik\u0101li ietur\u0113ta liriskas popdziesmas stil\u0101, radot mierpilnu un p\u0101rdom\u0101m rosino\u0161u noska\u0146u. Pie dziesmas tap\u0161anas studij\u0101 str\u0101d\u0101jis producents J\u0101nis \u010cubars, bet ska\u0146as apstr\u0101di veidojis J\u0101nis Kalve. \u0160\u012b rado\u0161\u0101 komanda ir nodro\u0161in\u0101jusi augstu muzik\u0101lo kvalit\u0101ti, radot ska\u0146darbu, kas organiski papildin\u0101s ikviena klaus\u012bt\u0101ja atska\u0146o\u0161anas sarakstus, \u012bpa\u0161i tiem, kuri m\u012bl aizdom\u0101ties par dz\u012bves g\u0101jumu un t\u0101s b\u016bt\u012bbu.<\/p>\n<p>Albums &#8220;St\u0101sts&#8221; un gaid\u0101mie koncerti<\/p>\n<p>Albums &#8220;St\u0101sts&#8221;, kura izn\u0101k\u0161ana paredz\u0113ta oktobra beig\u0101s, b\u016bs pirmais Andra \u0112rg\u013ca studijas albums p\u0113c 14 gadu pauzes. Taj\u0101 iek\u013cautas desmit dziesmas, ko kompon\u0113jis pats \u0112rglis sadarb\u012bb\u0101 ar talant\u012bgiem tekstu autoriem, tostarp M\u0101rti\u0146u Kanteru, Guntaru Ra\u010du un D\u0101vi Rietumu. Lai gan prec\u012bzs izn\u0101k\u0161anas datums v\u0113l tiks izzi\u0146ots, albuma prezent\u0101cijas koncerti jau pl\u0101noti, pied\u0101v\u0101jot klaus\u012bt\u0101jiem iesp\u0113ju kl\u0101tien\u0113 izbaud\u012bt gan jaun\u0101s kompoz\u012bcijas, gan iem\u012b\u013cotus hitus \u012bpa\u0161os aran\u017e\u0113jumos. \u0160is albums un t\u0101 koncerti sol\u0101s b\u016bt ne tikai muzik\u0101ls baud\u012bjums, bet ar\u012b dzi\u013c\u0161 un emocion\u0101ls ce\u013cojums klaus\u012bt\u0101ja dv\u0113sel\u0113.<\/p>\n","protected":false},"excerpt":{"rendered":"M\u016bzi\u0137is Andris \u0112rglis turpina d\u0101v\u0101t saviem klaus\u012bt\u0101jiem jaunas muzik\u0101l\u0101s kr\u0101sas no sava rudens izska\u0146\u0101 gaid\u0101m\u0101 studijas albuma &#8220;St\u0101sts&#8221;.&hellip;\n","protected":false},"author":2,"featured_media":57076,"comment_status":"","ping_status":"","sticky":false,"template":"","format":"standard","meta":{"footnotes":""},"categories":[19],"tags":[1013,89,90,2043,35,39,38,194,36,37,34,40,2041,2042],"class_list":{"0":"post-57075","1":"post","2":"type-post","3":"status-publish","4":"format-standard","5":"has-post-thumbnail","7":"category-izklaide","8":"tag-andris-erglis","9":"tag-entertainment","10":"tag-izklaide","11":"tag-jauna-dziesma","12":"tag-latvia","13":"tag-latvian","14":"tag-latviesu","15":"tag-latviesu-muzika","16":"tag-latviesu-valoda","17":"tag-latviesuvaloda","18":"tag-latvija","19":"tag-lv","20":"tag-solijums","21":"tag-stasts"},"share_on_mastodon":{"url":"https:\/\/pubeurope.com\/@lv\/115602232692349412","error":""},"_links":{"self":[{"href":"https:\/\/www.europesays.com\/lv\/wp-json\/wp\/v2\/posts\/57075","targetHints":{"allow":["GET"]}}],"collection":[{"href":"https:\/\/www.europesays.com\/lv\/wp-json\/wp\/v2\/posts"}],"about":[{"href":"https:\/\/www.europesays.com\/lv\/wp-json\/wp\/v2\/types\/post"}],"author":[{"embeddable":true,"href":"https:\/\/www.europesays.com\/lv\/wp-json\/wp\/v2\/users\/2"}],"replies":[{"embeddable":true,"href":"https:\/\/www.europesays.com\/lv\/wp-json\/wp\/v2\/comments?post=57075"}],"version-history":[{"count":0,"href":"https:\/\/www.europesays.com\/lv\/wp-json\/wp\/v2\/posts\/57075\/revisions"}],"wp:featuredmedia":[{"embeddable":true,"href":"https:\/\/www.europesays.com\/lv\/wp-json\/wp\/v2\/media\/57076"}],"wp:attachment":[{"href":"https:\/\/www.europesays.com\/lv\/wp-json\/wp\/v2\/media?parent=57075"}],"wp:term":[{"taxonomy":"category","embeddable":true,"href":"https:\/\/www.europesays.com\/lv\/wp-json\/wp\/v2\/categories?post=57075"},{"taxonomy":"post_tag","embeddable":true,"href":"https:\/\/www.europesays.com\/lv\/wp-json\/wp\/v2\/tags?post=57075"}],"curies":[{"name":"wp","href":"https:\/\/api.w.org\/{rel}","templated":true}]}}