{"id":57085,"date":"2025-11-24T02:45:11","date_gmt":"2025-11-24T02:45:11","guid":{"rendered":"https:\/\/www.europesays.com\/lv\/57085\/"},"modified":"2025-11-24T02:45:11","modified_gmt":"2025-11-24T02:45:11","slug":"erdogans-pirmdien-runas-ar-putinu-par-karu-ukraina","status":"publish","type":"post","link":"https:\/\/www.europesays.com\/lv\/57085\/","title":{"rendered":"Erdogans pirmdien run\u0101s ar Putinu par karu Ukrain\u0101"},"content":{"rendered":"<p>Turcijas prezidents Red\u017eeps Tajips Erdogans sv\u0113tdien pazi\u0146ojis, ka pirmdien run\u0101s ar Krievijas diktatoru Vladimiru Putinu.<\/p>\n<p>&#8220;R\u012bt man b\u016bs telefonsaruna ar Putinu,&#8221; preses konferenc\u0113 G20 samita laik\u0101 Dienvid\u0101frik\u0101 pav\u0113st\u012bja Erdogans, piebilstot, ka dar\u012bs visu, lai veicin\u0101tu vieno\u0161anos par Krievijas uzs\u0101kt\u0101 kara izbeig\u0161anu pret Ukrainu.<\/p>\n<p>&#8220;Miru\u0161i tik daudz cilv\u0113ku. Es p\u0101rrun\u0101\u0161u ar [Putinu], ko varam dar\u012bt, lai aptur\u0113tu \u0161\u012bs n\u0101ves. P\u0113c \u0161\u012bs sarunas, dom\u0101ju, man b\u016bs iesp\u0113ja izn\u0101kumu apspriest ar m\u016bsu Eiropas partneriem, [ASV prezidentu Donaldu] Trampu un citiem draugiem,&#8221; nor\u0101d\u012bja Turcijas prezidents.<\/p>\n<p>K\u0101 zi\u0146ots, tre\u0161dien vi\u0146\u0161 Ankar\u0101 tik\u0101s ar Ukrainas prezidentu Volodimiru Zelenski un aicin\u0101ja Kijivu un Maskavu ats\u0101kt Stambulas sarunas par kara izbeig\u0161anu.<\/p>\n<p><img decoding=\"async\" src=\"https:\/\/www.europesays.com\/lv\/wp-content\/uploads\/2025\/11\/329919997ed3290e4a4eabd625badd8f.jpg\" title=\"Red\u017eeps Tajips Erdogans. Foto: AP Photo\/Markus Schreiber\" alt=\"Red\u017eeps Tajips Erdogans. Foto: AP Photo\/Markus Schreiber\"\/><\/p>\n<p class=\"article-img-desc\">Red\u017eeps Tajips Erdogans. Foto: AP Photo\/Markus Schreiber<\/p>\n","protected":false},"excerpt":{"rendered":"Turcijas prezidents Red\u017eeps Tajips Erdogans sv\u0113tdien pazi\u0146ojis, ka pirmdien run\u0101s ar Krievijas diktatoru Vladimiru Putinu. &#8220;R\u012bt man b\u016bs&hellip;\n","protected":false},"author":2,"featured_media":57086,"comment_status":"","ping_status":"","sticky":false,"template":"","format":"standard","meta":{"footnotes":""},"categories":[14],"tags":[129,470,2334,6141,3204,23,57,28,29,32,33,22,30,31,35,39,38,36,37,34,40,20,26,27,471,2335,3205,6142,472,2336,3206,6143,24,25,54,55,56,21,58],"class_list":{"0":"post-57085","1":"post","2":"type-post","3":"status-publish","4":"format-standard","5":"has-post-thumbnail","7":"category-zinas-no-arvalstim","8":"tag-__typenameadvicekeyword","9":"tag-id532","10":"tag-id554","11":"tag-id556","12":"tag-id812","13":"tag-aktualitates","14":"tag-arvalstim","15":"tag-breaking-news","16":"tag-breakingnews","17":"tag-featured-news","18":"tag-featurednews","19":"tag-headlines","20":"tag-latest-news","21":"tag-latestnews","22":"tag-latvia","23":"tag-latvian","24":"tag-latviesu","25":"tag-latviesu-valoda","26":"tag-latviesuvaloda","27":"tag-latvija","28":"tag-lv","29":"tag-news","30":"tag-popularakas-zinas","31":"tag-popularakaszinas","32":"tag-slugkars-ukraina","33":"tag-slugkrievija","34":"tag-slugturcija","35":"tag-slugvladimirs-putins","36":"tag-titlekars-ukraina","37":"tag-titlekrievija","38":"tag-titleturcija","39":"tag-titlevladimirs-putins","40":"tag-top-stories","41":"tag-topstories","42":"tag-world","43":"tag-world-news","44":"tag-worldnews","45":"tag-zinas","46":"tag-zinas-no-arvalstim"},"share_on_mastodon":{"url":"","error":"Validation failed: Text character limit of 500 exceeded"},"_links":{"self":[{"href":"https:\/\/www.europesays.com\/lv\/wp-json\/wp\/v2\/posts\/57085","targetHints":{"allow":["GET"]}}],"collection":[{"href":"https:\/\/www.europesays.com\/lv\/wp-json\/wp\/v2\/posts"}],"about":[{"href":"https:\/\/www.europesays.com\/lv\/wp-json\/wp\/v2\/types\/post"}],"author":[{"embeddable":true,"href":"https:\/\/www.europesays.com\/lv\/wp-json\/wp\/v2\/users\/2"}],"replies":[{"embeddable":true,"href":"https:\/\/www.europesays.com\/lv\/wp-json\/wp\/v2\/comments?post=57085"}],"version-history":[{"count":0,"href":"https:\/\/www.europesays.com\/lv\/wp-json\/wp\/v2\/posts\/57085\/revisions"}],"wp:featuredmedia":[{"embeddable":true,"href":"https:\/\/www.europesays.com\/lv\/wp-json\/wp\/v2\/media\/57086"}],"wp:attachment":[{"href":"https:\/\/www.europesays.com\/lv\/wp-json\/wp\/v2\/media?parent=57085"}],"wp:term":[{"taxonomy":"category","embeddable":true,"href":"https:\/\/www.europesays.com\/lv\/wp-json\/wp\/v2\/categories?post=57085"},{"taxonomy":"post_tag","embeddable":true,"href":"https:\/\/www.europesays.com\/lv\/wp-json\/wp\/v2\/tags?post=57085"}],"curies":[{"name":"wp","href":"https:\/\/api.w.org\/{rel}","templated":true}]}}