{"id":57087,"date":"2025-11-24T03:06:09","date_gmt":"2025-11-24T03:06:09","guid":{"rendered":"https:\/\/www.europesays.com\/lv\/57087\/"},"modified":"2025-11-24T03:06:09","modified_gmt":"2025-11-24T03:06:09","slug":"prominences-pie-prezidenta-ellas-paliksana-latvija-un-eirovizijas-kandidatu-noskaidrosana-lente-lv","status":"publish","type":"post","link":"https:\/\/www.europesays.com\/lv\/57087\/","title":{"rendered":"Prominences pie prezidenta, Ellas palik\u0161ana Latvij\u0101 un Eirov\u012bzijas kandid\u0101tu noskaidro\u0161ana\u00a0\u2014\u00a0Lente.lv"},"content":{"rendered":"<p>Sp\u012bdo\u0161as person\u012bbas Valsts prezidenta pasp\u0101rn\u0113<\/p>\n<p>Pag\u0101ju\u0161\u0101 ned\u0113\u013ca pa\u0161m\u0101ju sabiedr\u012bbas d\u0101mu un kungu dz\u012bv\u0113 bijusi \u012bpa\u0161i notikumiem bag\u0101ta. R\u012bgas pil\u012b norisin\u0101j\u0101s svin\u012bga pie\u0146em\u0161ana pie Valsts prezidenta Edgara Rink\u0113vi\u010da, godinot Latvijas Republikas proklam\u0113\u0161anas 107. gadadienu. Pas\u0101kums pulc\u0113ja Latvijas sabiedr\u012bb\u0101 zin\u0101mas personas, kuras sp\u012bd\u0113ja sav\u0101 elegant\u0101kaj\u0101 t\u0113rp\u0101, piepildot svin\u012bgo atmosf\u0113ru ar savu kl\u0101tb\u016btni. Tas bija br\u012bdis, kad prominences demonstr\u0113ja savu izsmalcin\u0101to gaumi un cie\u0146u pret valsts sv\u0113tkiem, sapulc\u0113joties vienuviet, lai godin\u0101tu valsts dibin\u0101\u0161anas gadadienu. Prezidenta kancelejas publiskot\u0101 inform\u0101cija liecina, ka l\u012bdztekus da\u017e\u0101diem valsts sv\u0113tku pas\u0101kumiem, Valsts prezidents novembr\u012b akt\u012bvi piedal\u012bjies da\u017e\u0101d\u0101s tik\u0161an\u0101s un pie\u0146em\u0161an\u0101s, uzsverot nepiecie\u0161am\u012bbu cits citam b\u016bt vajadz\u012bgiem un stiprin\u0101t valsts v\u0113rt\u012bbas.<\/p>\n<p>Ella \u2013 uztic\u012bga dzimtenei<\/p>\n<p>Viena no ned\u0113\u013cas p\u0101rsteidzo\u0161\u0101kaj\u0101m zi\u0146\u0101m ir dzied\u0101t\u0101jas, d\u012bd\u017eejas un uz\u0146\u0113m\u0113jas El\u012bnas F\u016brmanes, jeb DJ Ellas, l\u0113mums nevis atgriezties ASV, bet palikt Latvij\u0101. Lai gan s\u0101kotn\u0113ji bija pl\u0101nots, ka Ella oktobra s\u0101kum\u0101 atgriez\u012bsies Losand\u017eelos\u0101, vi\u0146a kop\u0101 ar savu dz\u012bvesdraugu, finansistu Neitenu, nol\u0113ma palikt dzimten\u0113 uz ilg\u0101ku laiku. \u0160\u0101ds l\u0113mums pie\u0146emts, r\u016bp\u0113joties par \u0123imeni un tuviniekiem, k\u0101 ar\u012b \u0146emot v\u0113r\u0101, ka Neitenam Latvij\u0101 viss \u013coti pat\u012bk un vi\u0146\u0161 ir iem\u012bl\u0113jis m\u016bsu valsti. Ella ir izteikusies, ka, paliekot Latvij\u0101, vi\u0146a nopietni piev\u0113rs\u012bsies savai sirdslietai \u2013 m\u016bzikai, un turpin\u0101s darbu pie sava debijas albuma, kuru pl\u0101no izdot n\u0101kamgad. Tas ir priec\u012bgs pav\u0113rsiens, jo dzied\u0101t\u0101ja savu talantu jau ilgsto\u0161i att\u012bst\u012bjusi gan Latvij\u0101, gan aiz oke\u0101na, un tagad vi\u0146as dai\u013crade k\u013c\u016bs v\u0113l pieejam\u0101ka Latvijas klaus\u012bt\u0101jiem.<\/p>\n<p>Eirov\u012bzijas 2025 gaid\u0101s: Kandid\u0101ti un cer\u012bbas<\/p>\n<p>Nacion\u0101l\u0101s atlases \u201cSupernova\u201d pusfin\u0101lam izv\u0113l\u0113ti 20 dal\u012bbnieki, kuri sacent\u012bsies par iesp\u0113ju p\u0101rst\u0101v\u0113t Latviju starptautiskaj\u0101 Eirov\u012bzijas dziesmu konkurs\u0101 2025. gad\u0101. Konkursa uzvar\u0113t\u0101ju noteiks gan \u017e\u016brija, gan skat\u012bt\u0101ji, un vi\u0146\u0161 ieg\u016bs ties\u012bbas maij\u0101 doties uz B\u0101zeli, \u0160veici. Lai gan prec\u012bzs sast\u0101vs un dziesmas v\u0113l tiek tur\u0113tas nosl\u0113pum\u0101, tiek prognoz\u0113ts, ka atlas\u0113 piedal\u012bsies gan jau zin\u0101mi m\u0101kslinieki, gan jauni talanti. Atg\u0101din\u0101m, ka pag\u0101ju\u0161aj\u0101 gad\u0101 Latviju Eirov\u012bzij\u0101 p\u0101rst\u0101v\u0113ja grupa \u201cTautumeitas\u201d ar dziesmu \u201cBur man laimi\u201d, iek\u013c\u016bstot fin\u0101l\u0101 un ierindojoties 13. viet\u0101. Konkurss notiks B\u0101zel\u0113, \u0160veic\u0113, un \u0161ogad Latvija piedal\u012bsies konkursa 2. pusfin\u0101l\u0101, kas pl\u0101nots 15. maij\u0101. Interesanti, ka 2025. gad\u0101 Eirov\u012bzijas fin\u0101ls paredz\u0113ts 17. maij\u0101, bet kopum\u0101 pas\u0101kums notiks no 13. l\u012bdz 17. maijam. \u0160ogad Latvijas p\u0101rst\u0101vjiem b\u016bs iesp\u0113ja balsot gan sav\u0101 pusfin\u0101l\u0101, gan fin\u0101l\u0101, kas dod papildu iesp\u0113jas pan\u0101kumu g\u016b\u0161anai.<\/p>\n<p>Citas ned\u0113\u013cas aktualit\u0101tes<\/p>\n<p>\u0160\u012bs ned\u0113\u013cas \u0161ovbiznesa notikumu virpul\u012b min\u0113ts ar\u012b Valsts prezidenta Edgara Rink\u0113vi\u010da uzruna pie Br\u012bv\u012bbas pieminek\u013ca L\u0101\u010dpl\u0113\u0161a dien\u0101, kas vienm\u0113r ir emocion\u0101ls un patriotisks br\u012bdis. T\u0101pat aktualit\u0101\u0161u vid\u016b izskan\u0113jusi inform\u0101cija par da\u017e\u0101diem pas\u0101kumiem un TV jaunumiem, kas papildina pa\u0161m\u0101ju izklaides dz\u012bvi.<\/p>\n","protected":false},"excerpt":{"rendered":"Sp\u012bdo\u0161as person\u012bbas Valsts prezidenta pasp\u0101rn\u0113 Pag\u0101ju\u0161\u0101 ned\u0113\u013ca pa\u0161m\u0101ju sabiedr\u012bbas d\u0101mu un kungu dz\u012bv\u0113 bijusi \u012bpa\u0161i notikumiem bag\u0101ta. R\u012bgas&hellip;\n","protected":false},"author":2,"featured_media":57088,"comment_status":"","ping_status":"","sticky":false,"template":"","format":"standard","meta":{"footnotes":""},"categories":[19],"tags":[15422,2138,89,90,35,39,38,36,37,34,270,40,15423,9191],"class_list":{"0":"post-57087","1":"post","2":"type-post","3":"status-publish","4":"format-standard","5":"has-post-thumbnail","7":"category-izklaide","8":"tag-eirovizija-2025","9":"tag-ella","10":"tag-entertainment","11":"tag-izklaide","12":"tag-latvia","13":"tag-latvian","14":"tag-latviesu","15":"tag-latviesu-valoda","16":"tag-latviesuvaloda","17":"tag-latvija","18":"tag-latvijas-sovbizness","19":"tag-lv","20":"tag-prominences","21":"tag-valsts-prezidents"},"share_on_mastodon":{"url":"https:\/\/pubeurope.com\/@lv\/115602468580418075","error":""},"_links":{"self":[{"href":"https:\/\/www.europesays.com\/lv\/wp-json\/wp\/v2\/posts\/57087","targetHints":{"allow":["GET"]}}],"collection":[{"href":"https:\/\/www.europesays.com\/lv\/wp-json\/wp\/v2\/posts"}],"about":[{"href":"https:\/\/www.europesays.com\/lv\/wp-json\/wp\/v2\/types\/post"}],"author":[{"embeddable":true,"href":"https:\/\/www.europesays.com\/lv\/wp-json\/wp\/v2\/users\/2"}],"replies":[{"embeddable":true,"href":"https:\/\/www.europesays.com\/lv\/wp-json\/wp\/v2\/comments?post=57087"}],"version-history":[{"count":0,"href":"https:\/\/www.europesays.com\/lv\/wp-json\/wp\/v2\/posts\/57087\/revisions"}],"wp:featuredmedia":[{"embeddable":true,"href":"https:\/\/www.europesays.com\/lv\/wp-json\/wp\/v2\/media\/57088"}],"wp:attachment":[{"href":"https:\/\/www.europesays.com\/lv\/wp-json\/wp\/v2\/media?parent=57087"}],"wp:term":[{"taxonomy":"category","embeddable":true,"href":"https:\/\/www.europesays.com\/lv\/wp-json\/wp\/v2\/categories?post=57087"},{"taxonomy":"post_tag","embeddable":true,"href":"https:\/\/www.europesays.com\/lv\/wp-json\/wp\/v2\/tags?post=57087"}],"curies":[{"name":"wp","href":"https:\/\/api.w.org\/{rel}","templated":true}]}}