{"id":57097,"date":"2025-11-24T03:30:08","date_gmt":"2025-11-24T03:30:08","guid":{"rendered":"https:\/\/www.europesays.com\/lv\/57097\/"},"modified":"2025-11-24T03:30:08","modified_gmt":"2025-11-24T03:30:08","slug":"esmu-loti-pateiciga-mani-berni-seit-ir-drosiba-lente-lv","status":"publish","type":"post","link":"https:\/\/www.europesays.com\/lv\/57097\/","title":{"rendered":"\u201cEsmu \u013coti pateic\u012bga \u2013 mani b\u0113rni \u0161eit ir dro\u0161\u012bb\u0101\u201d\u00a0\u2014\u00a0Lente.lv"},"content":{"rendered":"<p>Ukrainas dzied\u0101t\u0101jas Svetlanas Lobodas emocion\u0101lais atkl\u0101jums: Latvija \u2013 mana dro\u0161\u012bbas osta<\/p>\n<p>Ukrainas superzvaigzne Svetlana Loboda, kura pasaules \u0161ovbiznes\u0101 paz\u012bstama ar skatuves v\u0101rdu LOBODA, nesen\u0101 intervij\u0101 atkl\u0101jusi, ka \u0161obr\u012bd par sav\u0101m m\u0101j\u0101m uzskata Latviju. \u0160\u012b valsts vi\u0146ai un vi\u0146as meit\u0101m k\u013cuvusi par patv\u0113rumu, kur\u0101 baud\u012bt dro\u0161\u012bbu un stabilit\u0101ti, \u012bpa\u0161i p\u0113c Krievijas pilna m\u0113roga iebrukuma Ukrain\u0101. Dzied\u0101t\u0101ja paudusi dzi\u013cu pateic\u012bbu Latvijai par sirsn\u012bgo uz\u0146em\u0161anu un iesp\u0113ju nodro\u0161in\u0101t savu b\u0113rnu dro\u0161\u012bbu.<\/p>\n<p>Dz\u012bves p\u0101rmai\u0146as kara \u0113n\u0101<\/p>\n<p>Svetlanas Lobodas dz\u012bve, t\u0101pat k\u0101 miljoniem citu ukrai\u0146u, piedz\u012bvojusi radik\u0101las p\u0101rmai\u0146as. P\u0113c 2022. gada 24. febru\u0101ra vi\u0146as karjera un ikdiena tika p\u0101rgriezta uz pus\u0113m. S\u0101kotn\u0113ji dzied\u0101t\u0101ja piln\u012bb\u0101 velt\u012bja sevi pal\u012bdz\u012bbas snieg\u0161anai Ukrainai un nebija p\u0101rliecin\u0101ta, vai sp\u0113s turpin\u0101t dzied\u0101t. Tom\u0113r, redzot, cik \u013coti cilv\u0113kiem nepiecie\u0161ama vi\u0146as m\u016bzika, Loboda pak\u0101peniski atgriez\u0101s pie skatuves darb\u012bbas, sniedzot koncertus da\u017e\u0101d\u0101s valst\u012bs. Vi\u0146as emocion\u0101l\u0101s dziesmas un publiskais atbalsts dzimtenei k\u013cuvu\u0161i par svar\u012bgu da\u013cu no vi\u0146as darb\u012bbas kara laik\u0101. Vi\u0146as ska\u0146darba m\u016bzikas video tika film\u0113ts tie\u0161i R\u012bg\u0101, atspogu\u013cojot s\u0101pes un cie\u0161anas, ko izrais\u012bjis kar\u0161.<\/p>\n<p>Latvija k\u0101 dro\u0161\u012bbas garants<\/p>\n<p>Nesen\u0101 intervij\u0101 YouTube kan\u0101l\u0101 \u201cRada i tjor\u0137i\u201d Svetlana Loboda dal\u012bjusies ar sav\u0101m saj\u016bt\u0101m par dz\u012bvi Latvij\u0101. \u201cDzimtene ir Ukraina. Bet manas m\u0101jas ir tur, kur dz\u012bvo mani b\u0113rni, mana \u0123imene,\u201d uzsv\u0113rusi dzied\u0101t\u0101ja, nor\u0101dot, ka \u0161obr\u012bd R\u012bg\u0101 kop\u0101 ar ab\u0101m meit\u0101m j\u016bt mieru un dro\u0161\u012bbu. Vi\u0146a \u012bpa\u0161i izteikusi pateic\u012bbu Latvijai: \u201cEsmu \u013coti pateic\u012bga \u0161ai valstij par to, ka t\u0101 m\u016bs tik labi uz\u0146\u0113ma, un par to, ka tad, kad dodos koncertturnej\u0101s, mani b\u0113rni \u0161eit ir dro\u0161\u012bb\u0101.\u201d \u0160\u012b saj\u016bta ir vissvar\u012bg\u0101k\u0101, zinot, ka b\u0113rni ir pasarg\u0101ti, kam\u0113r vi\u0146a str\u0101d\u0101.<\/p>\n<p>\u0122imenes dinamika un atbalsts<\/p>\n<p>Dzied\u0101t\u0101jas dz\u012bve ir nep\u0101rtraukta kust\u012bba, ta\u010du \u0123imenes atbalsts ir nemain\u012bgs. Lai gan Svetlana kop\u0101 ar meit\u0101m dz\u012bvo R\u012bg\u0101, vi\u0146as mamma regul\u0101ri dodas uz Ukrainu pie v\u012brat\u0113va, bet p\u0113c tam atgrie\u017eas R\u012bg\u0101, lai pal\u012bdz\u0113tu ar b\u0113rnu apr\u016bpi. Ikdien\u0101 meite\u0146u audzin\u0101\u0161an\u0101 pal\u012bdz ar\u012b aukles, kas n\u0101k no Ukrainas. \u0160\u0101da \u0123imenes dinamika \u013cauj nodro\u0161in\u0101t b\u0113rniem gan emocion\u0101lu atbalstu, gan praktisku pal\u012bdz\u012bbu, saglab\u0101jot stabilit\u0101ti vi\u0146u dz\u012bv\u0113s. B\u0113rnu dro\u0161\u012bbas nodro\u0161in\u0101\u0161ana k\u013cuvusi par galveno krit\u0113riju dz\u012bvesvietas izv\u0113l\u0113, un Latvija \u0161aj\u0101 zi\u0146\u0101 sniegusi visu nepiecie\u0161amo.<\/p>\n<p>Person\u012bg\u0101 perspekt\u012bva un pateic\u012bba<\/p>\n<p>Svetlana Loboda vienm\u0113r uzsv\u0113rusi savu m\u012blest\u012bbu pret dzimteni Ukrainu, ta\u010du atzinusi, ka m\u0101jas ir tur, kur ir vi\u0146as \u0123imene. Vi\u0146a ir ne tikai talant\u012bga dzied\u0101t\u0101ja, bet ar\u012b akt\u012bva sabiedrisk\u0101 darbiniece, kas izmantojusi savu platformu, lai piev\u0113rstu uzman\u012bbu svar\u012bg\u0101m soci\u0101l\u0101m probl\u0113m\u0101m, piem\u0113ram, vardarb\u012bbai \u0123imen\u0113. \u0160obr\u012bd vi\u0146a ir iepazinusies ar\u012b ar Latvijas z\u012bmoliem un nov\u0113rt\u0113 R\u012bgas sievie\u0161u gaumi ap\u0123\u0113rb\u0101, uzskatot, ka vi\u0146\u0101m piem\u012bt iedzimta stila izj\u016bta. Loboda uzsver, ka galvenais ir tic\u0113t sev, nezaud\u0113t iek\u0161\u0113jo p\u0101rliec\u012bbu un sekot saviem sap\u0146iem, jo tas ir ce\u013c\u0161 uz pan\u0101kumiem.<\/p>\n<p>Latvija \u2013 vair\u0101k nek\u0101 tikai pagaidu m\u0101jvieta<\/p>\n<p>P\u0101rcel\u0161an\u0101s uz Latviju nebija pl\u0101nota, bet gan p\u0113k\u0161\u0146s l\u0113mums. Dzied\u0101t\u0101ja jau iepriek\u0161, viesojoties Latvij\u0101, jutusi \u012bpa\u0161u pievilk\u0161anos viet\u0113jai dabai, gaisam un cilv\u0113ku mier\u012bgajai dabai. Vi\u0146a atz\u012bst, ka \u201cesi uzman\u012bgs ar sav\u0101m v\u0113lm\u0113m,\u201d jo t\u0101s var piepild\u012bties negaid\u012bt\u0101 veid\u0101. \u0160obr\u012bd Svetlana Loboda Latvij\u0101 ne tikai dz\u012bvo, bet ar\u012b rada jaunu m\u016bziku un veic labdar\u012bbas pas\u0101kumus, lai pal\u012bdz\u0113tu savai dzimtajai Ukrainai. Vi\u0146as sp\u0113ja atrast sp\u0113ku un iedvesmu \u0123imen\u0113, fanu m\u012blest\u012bb\u0101 un izj\u016bt\u0101, ka vi\u0146a ir vajadz\u012bga, ir apbr\u012bnojama.<\/p>\n","protected":false},"excerpt":{"rendered":"Ukrainas dzied\u0101t\u0101jas Svetlanas Lobodas emocion\u0101lais atkl\u0101jums: Latvija \u2013 mana dro\u0161\u012bbas osta Ukrainas superzvaigzne Svetlana Loboda, kura pasaules \u0161ovbiznes\u0101&hellip;\n","protected":false},"author":2,"featured_media":57098,"comment_status":"","ping_status":"","sticky":false,"template":"","format":"standard","meta":{"footnotes":""},"categories":[19],"tags":[8619,15427,89,90,35,39,38,36,37,34,40,15426,15428],"class_list":{"0":"post-57097","1":"post","2":"type-post","3":"status-publish","4":"format-standard","5":"has-post-thumbnail","7":"category-izklaide","8":"tag-bernu-drosiba","9":"tag-dzive-riga","10":"tag-entertainment","11":"tag-izklaide","12":"tag-latvia","13":"tag-latvian","14":"tag-latviesu","15":"tag-latviesu-valoda","16":"tag-latviesuvaloda","17":"tag-latvija","18":"tag-lv","19":"tag-svetlana-loboda","20":"tag-ukrainu-dziedataja"},"share_on_mastodon":{"url":"https:\/\/pubeurope.com\/@lv\/115602562936806216","error":""},"_links":{"self":[{"href":"https:\/\/www.europesays.com\/lv\/wp-json\/wp\/v2\/posts\/57097","targetHints":{"allow":["GET"]}}],"collection":[{"href":"https:\/\/www.europesays.com\/lv\/wp-json\/wp\/v2\/posts"}],"about":[{"href":"https:\/\/www.europesays.com\/lv\/wp-json\/wp\/v2\/types\/post"}],"author":[{"embeddable":true,"href":"https:\/\/www.europesays.com\/lv\/wp-json\/wp\/v2\/users\/2"}],"replies":[{"embeddable":true,"href":"https:\/\/www.europesays.com\/lv\/wp-json\/wp\/v2\/comments?post=57097"}],"version-history":[{"count":0,"href":"https:\/\/www.europesays.com\/lv\/wp-json\/wp\/v2\/posts\/57097\/revisions"}],"wp:featuredmedia":[{"embeddable":true,"href":"https:\/\/www.europesays.com\/lv\/wp-json\/wp\/v2\/media\/57098"}],"wp:attachment":[{"href":"https:\/\/www.europesays.com\/lv\/wp-json\/wp\/v2\/media?parent=57097"}],"wp:term":[{"taxonomy":"category","embeddable":true,"href":"https:\/\/www.europesays.com\/lv\/wp-json\/wp\/v2\/categories?post=57097"},{"taxonomy":"post_tag","embeddable":true,"href":"https:\/\/www.europesays.com\/lv\/wp-json\/wp\/v2\/tags?post=57097"}],"curies":[{"name":"wp","href":"https:\/\/api.w.org\/{rel}","templated":true}]}}