{"id":57101,"date":"2025-11-24T03:36:07","date_gmt":"2025-11-24T03:36:07","guid":{"rendered":"https:\/\/www.europesays.com\/lv\/57101\/"},"modified":"2025-11-24T03:36:07","modified_gmt":"2025-11-24T03:36:07","slug":"latviesu-rokgrupa-r-a-p-izzino-novembra-turi-ar-energisku-koncertsinglu-un-legendaro-igo-lente-lv","status":"publish","type":"post","link":"https:\/\/www.europesays.com\/lv\/57101\/","title":{"rendered":"Latvie\u0161u rokgrupa \u00abR.A.P.\u00bb izzi\u0146o \u00abNovembra t\u016bri\u00bb ar ener\u0123isku koncertsinglu un le\u0123end\u0101ro Igo\u00a0\u2014\u00a0Lente.lv"},"content":{"rendered":"<p>Latvie\u0161u grupa \u00abR.A.P.\u00bb izzi\u0146o gaid\u0101mo \u00abNovembra t\u016bri\u00bb, piesakot to ar ener\u0123isku koncertsinglu un videoklipu<\/p>\n<p>P\u0113c 17 gadu ilgas pauzes atkalapvienojusies latvie\u0161u alternat\u012bv\u0101 roka grupa &#8220;R.A.P.&#8221; no Kuld\u012bgas, lai iepriecin\u0101tu savus fanus ar v\u0113rien\u012bgu &#8220;Novembra t\u016bri&#8221;. Grupas atgrie\u0161an\u0101s notikusi ar jaud\u012bgu koncertsinglu un videoklipu vienai no vi\u0146u visu laiku ikonisk\u0101kaj\u0101m dziesm\u0101m \u2013 &#8220;Dz\u012bve bez apst\u0101jas&#8221;. \u0160aj\u0101 muzik\u0101laj\u0101 projekt\u0101 piedal\u0101s ar\u012b le\u0123end\u0101rais dzied\u0101t\u0101js Igo, pie\u0161\u0137irot dziesmai \u012bpa\u0161u dzi\u013cumu un emocion\u0101lo pies\u0101tin\u0101jumu. Grupas atjaunot\u0101 darb\u012bba ir spilgts notikums Latvijas m\u016bzikas ain\u0101, apliecinot nemain\u012bgu ener\u0123iju un sp\u0113c\u012bgu saikni ar klaus\u012bt\u0101jiem.<\/p>\n<p>Koncertsingls un videoklips: ener\u0123ijas uzliesmojums ar Igo<\/p>\n<p>Jaunais koncertsingls &#8220;Dz\u012bve bez apst\u0101jas&#8221; ir k\u013cuvis par vizu\u0101lu un muzik\u0101lu notikumu. T\u0101 videoklips tapis \u0161\u012b gada mart\u0101 R\u012bgas koncertz\u0101l\u0113 &#8220;Palladium&#8221;, lieliski iem\u016b\u017einot grupas dinamisko un ener\u0123isko skan\u0113jumu. K\u0101 ori\u0123in\u0101laj\u0101 studijas versij\u0101, t\u0101 ar\u012b koncertversij\u0101 dzirdams le\u0123end\u0101r\u0101 dzied\u0101t\u0101ja Igo unik\u0101lais vok\u0101ls, kur\u0161 ir ar\u012b dziesmas l\u012bdzautors. \u0160\u012b sadarb\u012bba ne tikai pie\u0161\u0137ir dziesmai dzi\u013cumu, bet ar\u012b simboliz\u0113 rado\u0161u siner\u0123iju starp paaudz\u0113m. Grupas kodols \u2013 vok\u0101lists Artis Dvarionas, \u0123it\u0101rists Aleksandrs \u0160tro, basists Artis Roz\u012btis un bundzinieks Gatis Kaizers \u2013 kop\u0101 ar Igo rad\u012bju\u0161i dziesmu, kas atspogu\u013co &#8220;R.A.P.&#8221; nemirst\u012bgo rokm\u016bzikas garu. Dziesma &#8220;Dz\u012bve bez apst\u0101jas&#8221; s\u0101kotn\u0113ji tika ierakst\u012bta sadarb\u012bb\u0101 ar Igo jau 2007. gad\u0101, k\u013c\u016bstot par vienu no desmitgades popul\u0101r\u0101kajiem poproka ska\u0146darbiem Latvij\u0101. Par \u0161o darbu &#8220;R.A.P.&#8221; un Igo 2008. gad\u0101 sa\u0146\u0113ma autorties\u012bbu biedr\u012bbas AKKA\/LAA &#8220;Autorties\u012bbu bezgal\u012bbas balvu&#8221;.<\/p>\n<p>\u00abNovembra t\u016bre\u00bb: pla\u0161s muzik\u0101ls ce\u013cojums pa Latvijas pils\u0113t\u0101m<\/p>\n<p>\u0160\u012b gada novembr\u012b &#8220;R.A.P.&#8221; dosies pla\u0161\u0101 koncertu s\u0113rij\u0101, kas aptvers da\u017e\u0101das Latvijas pils\u0113tas, pied\u0101v\u0101jot klaus\u012bt\u0101jiem kataraktisku dziesmu baud\u012bjumu. T\u016bre s\u0101ksies 8. novembr\u012b Jelgav\u0101, norisinoties &#8220;Melno cepur\u012b\u0161u balerij\u0101&#8221;. Turpin\u0101jum\u0101 grupa uzst\u0101sies 14. novembr\u012b C\u0113s\u012bs, &#8220;Fonoklub\u0101&#8221;, un 15. novembr\u012b Liep\u0101j\u0101, kult\u016bras nam\u0101 &#8220;Wiktorija&#8221;. &#8220;Novembra t\u016bres&#8221; kulmin\u0101cija notiks 22. novembr\u012b R\u012bgas koncertz\u0101l\u0113 &#8220;Ang\u0101rs&#8221;, kur grupa sniegs iespaid\u012bgu nosl\u0113guma koncertu. Vok\u0101lists Artis Dvarionas sola, ka \u0161ajos koncertos tiks aptverta visa grupas dai\u013crade, izpildot gan dziesmas no visiem trim studijas albumiem, tostarp t\u0101dus hitus k\u0101 &#8220;Nekas vairs nav t\u0101&#8221;, &#8220;Esot vienatn\u0113&#8221; un &#8220;Viss jau sapl\u0101nots&#8221;, gan ar\u012b jaunus ska\u0146darbus, kas rad\u012bti p\u0113c grupas atkalapvieno\u0161an\u0101s. T\u0101pat izskan\u0113s ar\u012b radiostacij\u0101s atzin\u012bgi nov\u0113rt\u0113tais singls &#8220;Meln\u0101 (Ak n\u0113, n\u0113, n\u0113!)&#8221;.<\/p>\n<p>\u012apa\u0161ie viesi un nosl\u0113guma koncerta programma<\/p>\n<p>Nosl\u0113guma koncert\u0101 R\u012bg\u0101, &#8220;Ang\u0101ra koncertz\u0101l\u0113&#8221;, uzst\u0101sies ar\u012b \u012bpa\u0161ie viesi \u2013 ilggad\u0113j\u0101 pa\u0161m\u0101ju alternat\u012bv\u0101 roka apvien\u012bba &#8220;Indygo&#8221;. &#8220;Indygo&#8221;, kas savu darb\u012bbu uzs\u0101ku\u0161i jau 2002. gad\u0101, ir zin\u0101mi ar saviem trim studijas albumiem un eksperiment\u0101lo skan\u0113jumu, kas apvieno progres\u012bv\u0101 roka, devi\u0146desmito gadu grand\u017ea un indie m\u016bzikas elementus. Vi\u0146u dal\u012bba &#8220;Novembra t\u016bres&#8221; nosl\u0113gum\u0101 sola pie\u0161\u0137irt vakaram v\u0113l liel\u0101ku v\u0113rt\u012bbu un piepild\u012bjumu.<\/p>\n","protected":false},"excerpt":{"rendered":"Latvie\u0161u grupa \u00abR.A.P.\u00bb izzi\u0146o gaid\u0101mo \u00abNovembra t\u016bri\u00bb, piesakot to ar ener\u0123isku koncertsinglu un videoklipu P\u0113c 17 gadu ilgas&hellip;\n","protected":false},"author":2,"featured_media":57102,"comment_status":"","ping_status":"","sticky":false,"template":"","format":"standard","meta":{"footnotes":""},"categories":[19],"tags":[89,4943,90,10020,35,39,38,303,36,37,34,40,2015,2014],"class_list":{"0":"post-57101","1":"post","2":"type-post","3":"status-publish","4":"format-standard","5":"has-post-thumbnail","7":"category-izklaide","8":"tag-entertainment","9":"tag-igo","10":"tag-izklaide","11":"tag-koncertsingls","12":"tag-latvia","13":"tag-latvian","14":"tag-latviesu","15":"tag-latviesu-roks","16":"tag-latviesu-valoda","17":"tag-latviesuvaloda","18":"tag-latvija","19":"tag-lv","20":"tag-novembra-ture","21":"tag-r-a-p"},"share_on_mastodon":{"url":"https:\/\/pubeurope.com\/@lv\/115602586547105051","error":""},"_links":{"self":[{"href":"https:\/\/www.europesays.com\/lv\/wp-json\/wp\/v2\/posts\/57101","targetHints":{"allow":["GET"]}}],"collection":[{"href":"https:\/\/www.europesays.com\/lv\/wp-json\/wp\/v2\/posts"}],"about":[{"href":"https:\/\/www.europesays.com\/lv\/wp-json\/wp\/v2\/types\/post"}],"author":[{"embeddable":true,"href":"https:\/\/www.europesays.com\/lv\/wp-json\/wp\/v2\/users\/2"}],"replies":[{"embeddable":true,"href":"https:\/\/www.europesays.com\/lv\/wp-json\/wp\/v2\/comments?post=57101"}],"version-history":[{"count":0,"href":"https:\/\/www.europesays.com\/lv\/wp-json\/wp\/v2\/posts\/57101\/revisions"}],"wp:featuredmedia":[{"embeddable":true,"href":"https:\/\/www.europesays.com\/lv\/wp-json\/wp\/v2\/media\/57102"}],"wp:attachment":[{"href":"https:\/\/www.europesays.com\/lv\/wp-json\/wp\/v2\/media?parent=57101"}],"wp:term":[{"taxonomy":"category","embeddable":true,"href":"https:\/\/www.europesays.com\/lv\/wp-json\/wp\/v2\/categories?post=57101"},{"taxonomy":"post_tag","embeddable":true,"href":"https:\/\/www.europesays.com\/lv\/wp-json\/wp\/v2\/tags?post=57101"}],"curies":[{"name":"wp","href":"https:\/\/api.w.org\/{rel}","templated":true}]}}