{"id":57118,"date":"2025-11-24T04:23:16","date_gmt":"2025-11-24T04:23:16","guid":{"rendered":"https:\/\/www.europesays.com\/lv\/57118\/"},"modified":"2025-11-24T04:23:16","modified_gmt":"2025-11-24T04:23:16","slug":"ar-pieciem-posmiem-atgriezas-latvijas-cempionats-ziemas-motokrosa-motoru-sports-sportacentrs-com","status":"publish","type":"post","link":"https:\/\/www.europesays.com\/lv\/57118\/","title":{"rendered":"Ar pieciem posmiem atgrie\u017eas Latvijas \u010dempion\u0101ts ziemas motokros\u0101 \u2013 Motoru sports \u2013 Sportacentrs.com"},"content":{"rendered":"<p>\u0160ogad nosl\u0113gta sadarb\u012bbas vieno\u0161an\u0101s ar ziemas motokrosa organizatoru SIA &#8220;MyTime&#8221;, kura m\u0113r\u0137is ir saglab\u0101t un att\u012bst\u012bt Latvijas ziemas motosporta trad\u012bcijas, nodro\u0161inot kvalitat\u012bvas, dro\u0161as un skat\u012bt\u0101jiem saisto\u0161as sacens\u012bbas. Vienlaikus tas veicin\u0101s sportistu izaugsmi un stiprin\u0101s re\u0123ionu sportisko aktivit\u0101ti ziemas period\u0101.<\/p>\n<p>SIA &#8220;MyTime&#8221;, kam Latvijas Skijoringa feder\u0101cija jau pie\u0161\u0137\u012brusi ties\u012bbas organiz\u0113t skijoringa sacens\u012bbas 2025.\/2026. gada sezon\u0101, ir izteicis gatav\u012bbu uz\u0146emties pilnv\u0113rt\u012bgu sacens\u012bbu r\u012bko\u0161anu ar\u012b ziemas motokros\u0101. L\u012bdz ar to abas discipl\u012bnas pirmo reizi tiks apvienotas zem vienota nosaukuma \u2013 Latvijas \u010dempion\u0101ts ziemas motokros\u0101 un skijoring\u0101.<\/p>\n<p>Pl\u0101nots organiz\u0113t piecus sacens\u012bbu posmus da\u017e\u0101d\u0101s Latvijas viet\u0101s, nodro\u0161inot pla\u0161u pieejam\u012bbu skat\u012bt\u0101jiem un sportistiem. Pa\u0161laik kalend\u0101r\u0101 rezerv\u0113ti \u0161\u0101di datumi: 3. janv\u0101ris (\u0100da\u017ei), 10. janv\u0101ris (Ape), 31. janv\u0101ris (Al\u016bksne), 14. febru\u0101ris (Taurupe) un 28. febru\u0101ris (St\u0101meriena).<\/p>\n<p>Ar jaunumiem un aktu\u0101lo inform\u0101ciju par Latvijas \u010dempion\u0101tu ziemas motokros\u0101 iesp\u0113jams iepaz\u012bties organizatora ofici\u0101laj\u0101s interneta vietn\u0113s <a target=\"_blank\" href=\"http:\/\/www.mxskijorings.lv\" rel=\"nofollow noopener\">S\u0100KUMS | Mxskijoring<\/a> , Facebook, Instagram &#8211; @mxskijorings, k\u0101 ar\u012b LaMSF m\u0101jaslap\u0101 <a target=\"_blank\" href=\"http:\/\/www.lamsf.lv.\" rel=\"nofollow noopener\">lamsf.lv.<\/a><\/p>\n<p>Ziemas motokrosa nolikums: <a target=\"_blank\" href=\"https:\/\/www.lamsf.lv\/wp-content\/uploads\/2025\/11\/LCMX_Ziemasmotokross_nolikums_2026_PROJEKTS_V1911.pdf\" rel=\"nofollow noopener\">https:\/\/www.lamsf.lv\/wp-content\/upl&#8230;<\/a><\/p>\n","protected":false},"excerpt":{"rendered":"\u0160ogad nosl\u0113gta sadarb\u012bbas vieno\u0161an\u0101s ar ziemas motokrosa organizatoru SIA &#8220;MyTime&#8221;, kura m\u0113r\u0137is ir saglab\u0101t un att\u012bst\u012bt Latvijas ziemas&hellip;\n","protected":false},"author":2,"featured_media":57119,"comment_status":"","ping_status":"","sticky":false,"template":"","format":"standard","meta":{"footnotes":""},"categories":[5],"tags":[23,28,29,32,33,22,30,31,35,39,38,36,37,34,40,165,20,26,27,24,25,21],"class_list":{"0":"post-57118","1":"post","2":"type-post","3":"status-publish","4":"format-standard","5":"has-post-thumbnail","7":"category-aktualitates","8":"tag-aktualitates","9":"tag-breaking-news","10":"tag-breakingnews","11":"tag-featured-news","12":"tag-featurednews","13":"tag-headlines","14":"tag-latest-news","15":"tag-latestnews","16":"tag-latvia","17":"tag-latvian","18":"tag-latviesu","19":"tag-latviesu-valoda","20":"tag-latviesuvaloda","21":"tag-latvija","22":"tag-lv","23":"tag-motoru-sports","24":"tag-news","25":"tag-popularakas-zinas","26":"tag-popularakaszinas","27":"tag-top-stories","28":"tag-topstories","29":"tag-zinas"},"share_on_mastodon":{"url":"https:\/\/pubeurope.com\/@lv\/115602771384924831","error":""},"_links":{"self":[{"href":"https:\/\/www.europesays.com\/lv\/wp-json\/wp\/v2\/posts\/57118","targetHints":{"allow":["GET"]}}],"collection":[{"href":"https:\/\/www.europesays.com\/lv\/wp-json\/wp\/v2\/posts"}],"about":[{"href":"https:\/\/www.europesays.com\/lv\/wp-json\/wp\/v2\/types\/post"}],"author":[{"embeddable":true,"href":"https:\/\/www.europesays.com\/lv\/wp-json\/wp\/v2\/users\/2"}],"replies":[{"embeddable":true,"href":"https:\/\/www.europesays.com\/lv\/wp-json\/wp\/v2\/comments?post=57118"}],"version-history":[{"count":0,"href":"https:\/\/www.europesays.com\/lv\/wp-json\/wp\/v2\/posts\/57118\/revisions"}],"wp:featuredmedia":[{"embeddable":true,"href":"https:\/\/www.europesays.com\/lv\/wp-json\/wp\/v2\/media\/57119"}],"wp:attachment":[{"href":"https:\/\/www.europesays.com\/lv\/wp-json\/wp\/v2\/media?parent=57118"}],"wp:term":[{"taxonomy":"category","embeddable":true,"href":"https:\/\/www.europesays.com\/lv\/wp-json\/wp\/v2\/categories?post=57118"},{"taxonomy":"post_tag","embeddable":true,"href":"https:\/\/www.europesays.com\/lv\/wp-json\/wp\/v2\/tags?post=57118"}],"curies":[{"name":"wp","href":"https:\/\/api.w.org\/{rel}","templated":true}]}}