{"id":57122,"date":"2025-11-24T04:45:10","date_gmt":"2025-11-24T04:45:10","guid":{"rendered":"https:\/\/www.europesays.com\/lv\/57122\/"},"modified":"2025-11-24T04:45:10","modified_gmt":"2025-11-24T04:45:10","slug":"ukrainas-miera-planam-jaatspogulo-eiropas-centrala-loma","status":"publish","type":"post","link":"https:\/\/www.europesays.com\/lv\/57122\/","title":{"rendered":"Ukrainas miera pl\u0101nam j\u0101atspogu\u013co Eiropas centr\u0101l\u0101 loma"},"content":{"rendered":"<p>Ukrainas miera pl\u0101n\u0101 j\u0101b\u016bt &#8220;piln\u012bb\u0101 atspogu\u013cotai&#8221; Eiropas Savien\u012bbas (ES) centr\u0101lajai lomai, sv\u0113tdien pazi\u0146ojusi Eiropas Komisijas (EK) prezidente Urzula fon der Leiena.<\/p>\n<p>&#8220;Jebk\u0101dam uzticamam un ilgtsp\u0113j\u012bgam miera pl\u0101nam pirmk\u0101rt un galvenok\u0101rt j\u0101aptur slepkavo\u0161ana un j\u0101izbeidz kar\u0161, nes\u0113jot n\u0101kamo konfliktu s\u0113klu,&#8221; teikts fon der Leienas pazi\u0146ojum\u0101.<\/p>\n<p>&#8220;Ukrainai j\u0101b\u016bt br\u012bv\u012bbai un suver\u0113n\u0101m ties\u012bb\u0101m pa\u0161ai izv\u0113l\u0113ties savu likteni. Vi\u0146i izv\u0113l\u0113ju\u0161ies eiropeisku likteni,&#8221; piebildusi EK prezidente.<\/p>\n<p>Pl\u0101nam j\u0101paredz Ukrainas atjauno\u0161ana, integr\u0101cija ES kop\u012bgaj\u0101 tirg\u016b un, galu gal\u0101, piln\u012bga dal\u012bba blok\u0101, uzsv\u0113rusi fon der Leiena.<\/p>\n<p>Eiropa cen\u0161as nepie\u013caut t\u0101s atstum\u0161anu no sarun\u0101m par ASV prezidenta Donalda Trampa pied\u0101v\u0101to &#8220;miera pl\u0101nu&#8221; Krievijas uzs\u0101kt\u0101 kara izbeig\u0161anai pret Ukrainu.<\/p>\n<p>Sv\u0113tdien \u017den\u0113v\u0101 notiks ES amatpersonu sarunas ar ASV un Ukrainas p\u0101rst\u0101vjiem, kur\u0101s bloku p\u0101rst\u0101v\u0113s fon der Leienas kancelejas vad\u012bt\u0101js Bjerns Zeiberts.<\/p>\n<p><img decoding=\"async\" src=\"https:\/\/www.europesays.com\/lv\/wp-content\/uploads\/2025\/11\/172d7fc6d76fd3aa353ca280fba89676.jpg\" title=\"Urzula fon der Leiena. Foto: EPA\/OLIVIER HOSLET\" alt=\"Urzula fon der Leiena. Foto: EPA\/OLIVIER HOSLET\"\/><\/p>\n<p class=\"article-img-desc\">Urzula fon der Leiena. Foto: EPA\/OLIVIER HOSLET<\/p>\n","protected":false},"excerpt":{"rendered":"Ukrainas miera pl\u0101n\u0101 j\u0101b\u016bt &#8220;piln\u012bb\u0101 atspogu\u013cotai&#8221; Eiropas Savien\u012bbas (ES) centr\u0101lajai lomai, sv\u0113tdien pazi\u0146ojusi Eiropas Komisijas (EK) prezidente Urzula&hellip;\n","protected":false},"author":2,"featured_media":57123,"comment_status":"","ping_status":"","sticky":false,"template":"","format":"standard","meta":{"footnotes":""},"categories":[14],"tags":[129,470,3260,2334,957,4167,1209,15431,23,57,28,29,32,33,22,30,31,35,39,38,36,37,34,40,20,26,27,958,15432,4168,471,2335,1210,3261,959,15433,4169,472,2336,1211,3262,24,25,54,55,56,21,58],"class_list":{"0":"post-57122","1":"post","2":"type-post","3":"status-publish","4":"format-standard","5":"has-post-thumbnail","7":"category-zinas-no-arvalstim","8":"tag-__typenameadvicekeyword","9":"tag-id532","10":"tag-id553","11":"tag-id554","12":"tag-id597","13":"tag-id728","14":"tag-id824","15":"tag-id843","16":"tag-aktualitates","17":"tag-arvalstim","18":"tag-breaking-news","19":"tag-breakingnews","20":"tag-featured-news","21":"tag-featurednews","22":"tag-headlines","23":"tag-latest-news","24":"tag-latestnews","25":"tag-latvia","26":"tag-latvian","27":"tag-latviesu","28":"tag-latviesu-valoda","29":"tag-latviesuvaloda","30":"tag-latvija","31":"tag-lv","32":"tag-news","33":"tag-popularakas-zinas","34":"tag-popularakaszinas","35":"tag-slugasv","36":"tag-slugeiropas-komisija","37":"tag-slugeiropas-savieniba-es","38":"tag-slugkars-ukraina","39":"tag-slugkrievija","40":"tag-slugpolitika","41":"tag-slugukraina","42":"tag-titleasv","43":"tag-titleeiropas-komisija","44":"tag-titleeiropas-savieniba-es","45":"tag-titlekars-ukraina","46":"tag-titlekrievija","47":"tag-titlepolitika","48":"tag-titleukraina","49":"tag-top-stories","50":"tag-topstories","51":"tag-world","52":"tag-world-news","53":"tag-worldnews","54":"tag-zinas","55":"tag-zinas-no-arvalstim"},"share_on_mastodon":{"url":"","error":"Validation failed: Text character limit of 500 exceeded"},"_links":{"self":[{"href":"https:\/\/www.europesays.com\/lv\/wp-json\/wp\/v2\/posts\/57122","targetHints":{"allow":["GET"]}}],"collection":[{"href":"https:\/\/www.europesays.com\/lv\/wp-json\/wp\/v2\/posts"}],"about":[{"href":"https:\/\/www.europesays.com\/lv\/wp-json\/wp\/v2\/types\/post"}],"author":[{"embeddable":true,"href":"https:\/\/www.europesays.com\/lv\/wp-json\/wp\/v2\/users\/2"}],"replies":[{"embeddable":true,"href":"https:\/\/www.europesays.com\/lv\/wp-json\/wp\/v2\/comments?post=57122"}],"version-history":[{"count":0,"href":"https:\/\/www.europesays.com\/lv\/wp-json\/wp\/v2\/posts\/57122\/revisions"}],"wp:featuredmedia":[{"embeddable":true,"href":"https:\/\/www.europesays.com\/lv\/wp-json\/wp\/v2\/media\/57123"}],"wp:attachment":[{"href":"https:\/\/www.europesays.com\/lv\/wp-json\/wp\/v2\/media?parent=57122"}],"wp:term":[{"taxonomy":"category","embeddable":true,"href":"https:\/\/www.europesays.com\/lv\/wp-json\/wp\/v2\/categories?post=57122"},{"taxonomy":"post_tag","embeddable":true,"href":"https:\/\/www.europesays.com\/lv\/wp-json\/wp\/v2\/tags?post=57122"}],"curies":[{"name":"wp","href":"https:\/\/api.w.org\/{rel}","templated":true}]}}