{"id":57138,"date":"2025-11-24T05:17:13","date_gmt":"2025-11-24T05:17:13","guid":{"rendered":"https:\/\/www.europesays.com\/lv\/57138\/"},"modified":"2025-11-24T05:17:13","modified_gmt":"2025-11-24T05:17:13","slug":"graudina-samoilova-kopa-ar-australijas-latviesiem-svin-pasaules-cempionu-titulu","status":"publish","type":"post","link":"https:\/\/www.europesays.com\/lv\/57138\/","title":{"rendered":"Graudi\u0146a\/Samoilova kop\u0101 ar Austr\u0101lijas latvie\u0161iem svin pasaules \u010dempio\u0146u titulu"},"content":{"rendered":"<p>Latvijas pludmales volejbolistes <a rel=\"noopener nofollow\" target=\"_blank\" href=\"https:\/\/www.delfi.lv\/temas\/51273627\/tina-graudina\" tag-id=\"51273627\">T\u012bna Graudi\u0146a<\/a> un <a rel=\"noopener nofollow\" target=\"_blank\" href=\"https:\/\/www.delfi.lv\/temas\/54766044\/anastasija-samoilova\" tag-id=\"54766044\">Anastasija Samoilova<\/a> sv\u0113tdien dev\u0101s pie Austr\u0101lijas latvie\u0161iem Adelaid\u0113, un kop\u0101 ar vi\u0146iem svin\u0113ja izc\u012bn\u012bto pasaules \u010dempio\u0146u titulu.<\/p>\n<p class=\"m-0\">Seko &#8220;Delfi&#8221; ar\u012b  <a target=\"_blank\" href=\"https:\/\/www.instagram.com\/delfi.lv\/\" rel=\"nofollow noopener\">Instagram<\/a>  un <a target=\"_blank\" href=\"https:\/\/www.youtube.com\/channel\/UCw5foWtcJvAbUm64rv7jwUQ\" rel=\"nofollow noopener\">YouTube<\/a>  profil\u0101 \u2013 pievienojies, lai uzzin\u0101tu svar\u012bg\u0101ko un interesant\u0101ko pirmais!<\/p>\n<p>Publik\u0101cijas saturs vai t\u0101s jebk\u0101da apjoma da\u013ca ir aizsarg\u0101ts autorties\u012bbu objekts Autorties\u012bbu likuma izpratn\u0113, un t\u0101 izmanto\u0161ana bez izdev\u0113ja at\u013caujas ir aizliegta. Vair\u0101k lasi  <a target=\"_blank\" href=\"https:\/\/www.delfi.lv\/noteikumi#autortiesibas\" rel=\"nofollow noopener\">\u0161eit<\/a><script async src=\"\/\/www.instagram.com\/embed.js\"><\/script><\/p>\n","protected":false},"excerpt":{"rendered":"Latvijas pludmales volejbolistes T\u012bna Graudi\u0146a un Anastasija Samoilova sv\u0113tdien dev\u0101s pie Austr\u0101lijas latvie\u0161iem Adelaid\u0113, un kop\u0101 ar vi\u0146iem&hellip;\n","protected":false},"author":2,"featured_media":57139,"comment_status":"","ping_status":"","sticky":false,"template":"","format":"standard","meta":{"footnotes":""},"categories":[5],"tags":[23,566,28,29,32,33,22,15437,30,31,35,39,38,36,37,34,40,2831,20,564,26,27,565,24,25,21],"class_list":{"0":"post-57138","1":"post","2":"type-post","3":"status-publish","4":"format-standard","5":"has-post-thumbnail","7":"category-aktualitates","8":"tag-aktualitates","9":"tag-anastasija-samoilova","10":"tag-breaking-news","11":"tag-breakingnews","12":"tag-featured-news","13":"tag-featurednews","14":"tag-headlines","15":"tag-janis-smedins","16":"tag-latest-news","17":"tag-latestnews","18":"tag-latvia","19":"tag-latvian","20":"tag-latviesu","21":"tag-latviesu-valoda","22":"tag-latviesuvaloda","23":"tag-latvija","24":"tag-lv","25":"tag-martins-plavins","26":"tag-news","27":"tag-pludmales-volejbols","28":"tag-popularakas-zinas","29":"tag-popularakaszinas","30":"tag-tina-graudina","31":"tag-top-stories","32":"tag-topstories","33":"tag-zinas"},"share_on_mastodon":{"url":"https:\/\/pubeurope.com\/@lv\/115602983725117186","error":""},"_links":{"self":[{"href":"https:\/\/www.europesays.com\/lv\/wp-json\/wp\/v2\/posts\/57138","targetHints":{"allow":["GET"]}}],"collection":[{"href":"https:\/\/www.europesays.com\/lv\/wp-json\/wp\/v2\/posts"}],"about":[{"href":"https:\/\/www.europesays.com\/lv\/wp-json\/wp\/v2\/types\/post"}],"author":[{"embeddable":true,"href":"https:\/\/www.europesays.com\/lv\/wp-json\/wp\/v2\/users\/2"}],"replies":[{"embeddable":true,"href":"https:\/\/www.europesays.com\/lv\/wp-json\/wp\/v2\/comments?post=57138"}],"version-history":[{"count":0,"href":"https:\/\/www.europesays.com\/lv\/wp-json\/wp\/v2\/posts\/57138\/revisions"}],"wp:featuredmedia":[{"embeddable":true,"href":"https:\/\/www.europesays.com\/lv\/wp-json\/wp\/v2\/media\/57139"}],"wp:attachment":[{"href":"https:\/\/www.europesays.com\/lv\/wp-json\/wp\/v2\/media?parent=57138"}],"wp:term":[{"taxonomy":"category","embeddable":true,"href":"https:\/\/www.europesays.com\/lv\/wp-json\/wp\/v2\/categories?post=57138"},{"taxonomy":"post_tag","embeddable":true,"href":"https:\/\/www.europesays.com\/lv\/wp-json\/wp\/v2\/tags?post=57138"}],"curies":[{"name":"wp","href":"https:\/\/api.w.org\/{rel}","templated":true}]}}